{"id":19556,"date":"2025-08-29T08:48:06","date_gmt":"2025-08-29T08:48:06","guid":{"rendered":"https:\/\/www.europesays.com\/fi\/19556\/"},"modified":"2025-08-29T08:48:06","modified_gmt":"2025-08-29T08:48:06","slug":"kirja-arvio-suomalaisen-metalliyhtyeen-menestystarina-alkoi-juoppoputkasta-loppu-tuli-myrskyisissa-merkeissa-savon-sanomat","status":"publish","type":"post","link":"https:\/\/www.europesays.com\/fi\/19556\/","title":{"rendered":"Kirja-arvio | Suomalaisen metalliyhtyeen menestystarina alkoi juoppoputkasta \u2013 loppu tuli myrskyisiss\u00e4 merkeiss\u00e4 &#8211; Savon Sanomat"},"content":{"rendered":"<ol>\n<li><a href=\"https:\/\/news.google.com\/rss\/articles\/CBMiW0FVX3lxTE1PUE5MVDc2bHFTRVpXc0p0d2F6SlR5Qjg1elJOcDM5Wk5xX1d6V09tZHJFLWtsRHhIVmZMM0dWaUlNQUp5bjZDdkdqZXNYLVpJVXZXbXJPNjVYTlk?oc=5\" target=\"_blank\" rel=\"nofollow noopener\">Kirja-arvio | Suomalaisen metalliyhtyeen menestystarina alkoi juoppoputkasta \u2013 loppu tuli myrskyisiss\u00e4 merkeiss\u00e4<\/a>&nbsp;&nbsp;Savon Sanomat<\/li>\n<li><a href=\"https:\/\/news.google.com\/rss\/articles\/CBMiWkFVX3lxTFBySGZnai1BQk9VQ2Uwak8zUTFvbTZ5UTZXZloyTG4ydllIY2owZ1lrWUE2U1N4M0ZMZkpHcmZCSjdNSlY0YUxKRnFPTzFjMlJicHZ3TXBsOTRqUQ?oc=5\" target=\"_blank\" rel=\"nofollow noopener\">Rikosep\u00e4ily | K\u00e4r\u00e4j\u00e4oikeus vangitsi Iitin henkirikoksesta ep\u00e4illyn 15-vuotiaan<\/a>&nbsp;&nbsp;HS.fi<\/li>\n<li><a href=\"https:\/\/news.google.com\/rss\/articles\/CBMie0FVX3lxTE1vdlhxTTBqVEQ5WnZqWHh1Yld1VElTUGdLV1ZxOXl4em1lSG9MOHNEclFkWFBPVVd2a3RNRDZwdi1jdE9YdEtMT25WTE5KV3M1SjVwWWFtUlljbi1Sb0JxLUEwYVJZV3o4TV81Tk9tSGZKR2lxLUxZZlJGdw?oc=5\" target=\"_blank\" rel=\"nofollow noopener\">15-vuotias poika vangittiin \u2013 Ep\u00e4ill\u00e4\u00e4n Iitin taposta<\/a>&nbsp;&nbsp;Iltalehti<\/li>\n<li><a href=\"https:\/\/news.google.com\/rss\/articles\/CBMiXEFVX3lxTFBDbWU3VzRiaTZjalhzSUI1MExHSksweDVtM3JpdmR4cHFZN3pjUjlOZ2gtdTNpbFFsMGFzWk14UXF2YUNlS2R6QXpXdDl5aHZ1cHdDZHpOSFQyTm9F?oc=5\" target=\"_blank\" rel=\"nofollow noopener\">T\u00e4llainen n\u00e4ky poliisia odotti Iitin surma-asunnossa \u2013 ep\u00e4ilty teinitappaja, 15, vangittu<\/a>&nbsp;&nbsp;Ilta-Sanomat<\/li>\n<li><a href=\"https:\/\/news.google.com\/rss\/articles\/CBMiQkFVX3lxTE0xb3dWRU1Ca1BWaEJEWGNYVnRWU0pVMWpJUjFfVm5MWmlaOHZfNUNvcEdkVWR2b3RuUHlxazJwTUZydw?oc=5\" target=\"_blank\" rel=\"nofollow noopener\">15-vuotias vangittiin Iitin taposta ep\u00e4iltyn\u00e4, poliisi: motiivi ep\u00e4selv\u00e4 \u2013 Yle seuraa<\/a>&nbsp;&nbsp;Yle<\/li>\n<\/ol>\n","protected":false},"excerpt":{"rendered":"Kirja-arvio | Suomalaisen metalliyhtyeen menestystarina alkoi juoppoputkasta \u2013 loppu tuli myrskyisiss\u00e4 merkeiss\u00e4&nbsp;&nbsp;Savon Sanomat Rikosep\u00e4ily | K\u00e4r\u00e4j\u00e4oikeus vangitsi Iitin&hellip;\n","protected":false},"author":2,"featured_media":19557,"comment_status":"","ping_status":"","sticky":false,"template":"","format":"standard","meta":{"footnotes":""},"categories":[132],"tags":[138,137,400,2409,33,31,30,405,108,195,47,3381,32,109],"class_list":{"0":"post-19556","1":"post","2":"type-post","3":"status-publish","4":"format-standard","5":"has-post-thumbnail","7":"category-musiikki","8":"tag-audio","9":"tag-entertainment","10":"tag-espoo","11":"tag-espoon-kaupunki","12":"tag-fi","13":"tag-finland","14":"tag-finnish","15":"tag-helsingin-seutukunta","16":"tag-kulttuuri","17":"tag-music","18":"tag-musiikki","19":"tag-myrskyt","20":"tag-suomi","21":"tag-viihde"},"share_on_mastodon":{"url":"","error":""},"_links":{"self":[{"href":"https:\/\/www.europesays.com\/fi\/wp-json\/wp\/v2\/posts\/19556","targetHints":{"allow":["GET"]}}],"collection":[{"href":"https:\/\/www.europesays.com\/fi\/wp-json\/wp\/v2\/posts"}],"about":[{"href":"https:\/\/www.europesays.com\/fi\/wp-json\/wp\/v2\/types\/post"}],"author":[{"embeddable":true,"href":"https:\/\/www.europesays.com\/fi\/wp-json\/wp\/v2\/users\/2"}],"replies":[{"embeddable":true,"href":"https:\/\/www.europesays.com\/fi\/wp-json\/wp\/v2\/comments?post=19556"}],"version-history":[{"count":0,"href":"https:\/\/www.europesays.com\/fi\/wp-json\/wp\/v2\/posts\/19556\/revisions"}],"wp:featuredmedia":[{"embeddable":true,"href":"https:\/\/www.europesays.com\/fi\/wp-json\/wp\/v2\/media\/19557"}],"wp:attachment":[{"href":"https:\/\/www.europesays.com\/fi\/wp-json\/wp\/v2\/media?parent=19556"}],"wp:term":[{"taxonomy":"category","embeddable":true,"href":"https:\/\/www.europesays.com\/fi\/wp-json\/wp\/v2\/categories?post=19556"},{"taxonomy":"post_tag","embeddable":true,"href":"https:\/\/www.europesays.com\/fi\/wp-json\/wp\/v2\/tags?post=19556"}],"curies":[{"name":"wp","href":"https:\/\/api.w.org\/{rel}","templated":true}]}}