{"id":19566,"date":"2025-08-29T08:55:07","date_gmt":"2025-08-29T08:55:07","guid":{"rendered":"https:\/\/www.europesays.com\/fi\/19566\/"},"modified":"2025-08-29T08:55:07","modified_gmt":"2025-08-29T08:55:07","slug":"suomen-bruttokansantuote-supistui-04-prosenttia-huhti-kesakuussa-naista-syista-taantuma-johtuu","status":"publish","type":"post","link":"https:\/\/www.europesays.com\/fi\/19566\/","title":{"rendered":"Suomen bruttokansantuote supistui 0,4 prosenttia huhti-kes\u00e4kuussa \u2013 N\u00e4ist\u00e4 syist\u00e4 taantuma johtuu"},"content":{"rendered":"<p>Yksityisen kulutuksen surkea kehitys j\u00e4yt\u00e4\u00e4 kansantaloutta.<\/p>\n<p class=\"article-body margin-bottom-24 padding-x-16\">Suomen bruttokansantuote supistui huhti-kes\u00e4kuussa 0,4 prosenttia edelliseen vuosinelj\u00e4nnekseen verrattuna, kertoo <a class=\"article-genericlink\" href=\"https:\/\/stat.fi\/julkaisu\/cm1arl4nj0h3206w20pemexmx\" rel=\"nofollow noopener\" target=\"_blank\">Tilastokeskus<\/a>.<\/p>\n<p class=\"article-body margin-bottom-24 padding-x-16\">Ty\u00f6p\u00e4iv\u00e4korjattu bruttokansantuote pysytteli Tilastokeskuksen mukaan vuodentakaisen nelj\u00e4nneksen tasolla.<\/p>\n<p class=\"article-body margin-bottom-24 padding-x-16\">Yksityinen kulutus pieneni Tilastokeskuksen mukaan 1,3 prosenttia ensimm\u00e4isest\u00e4 vuosinelj\u00e4nneksest\u00e4.<\/p>\n<p class=\"article-body margin-bottom-24 padding-x-16\">Viennin volyymi v\u00e4heni huhti-kes\u00e4kuussa 0,2 prosenttia edellisest\u00e4 vuosinelj\u00e4nneksest\u00e4. Tuonnin volyymi kasvoi samaan aikaan 2,5 prosenttia.<\/p>\n<p class=\"article-body margin-bottom-24 padding-x-16\">Yksityiset investoinnit kasvoivat huhti-kes\u00e4kuussa 2,9 prosenttia edellisest\u00e4 nelj\u00e4nneksest\u00e4. Julkiset investoinnit kasvoivat puolestaan 5,1 prosenttia.<\/p>\n<p>Kipupisteen\u00e4 yksityinen kulutus<\/p>\n<p class=\"article-body margin-bottom-24 padding-x-16\">Keskuskauppakamarin p\u00e4\u00e4ekonomistin <a class=\"article-personlink\" href=\"https:\/\/www.satakunnankansa.fi\/haku\/?query=Jukka%20Appelqvistin\" rel=\"nofollow noopener\" target=\"_blank\">Jukka Appelqvistin<\/a> mukaan kev\u00e4\u00e4n kasvulukema oli jopa pel\u00e4tty\u00e4 kehnompi. Alkuvuoden kehitys on ollut Appelqvistin mukaan selv\u00e4sti ekonomistiennusteita heikompaa.<\/p>\n<p class=\"article-body margin-bottom-24 padding-x-16\">\u201dKolmen viimeisen vuosinelj\u00e4nneksen etumerkki on nyt negatiivinen, joten teknisess\u00e4 mieless\u00e4 Suomi on j\u00e4lleen taantumassa\u201d, Appelqvist kirjoittaa s\u00e4hk\u00f6postikommentissaan.<\/p>\n<p class=\"article-body margin-bottom-24 padding-x-16\">\u201dSelkein kipupiste oli yksityinen kulutus, joka ei vimmatusta manaamisesta huolimatta ole l\u00e4htenyt nousuun.\u201d<\/p>\n<p class=\"article-body margin-bottom-24 padding-x-16\">Appelqvistin mukaan talouden elpymisen k\u00e4ynnistyminen on takkuillut pahasti, mutta h\u00e4n luottaa siihen, ett\u00e4 kotitalouksien parantunut ostovoima ja aiempaa keve\u00e4mpi rahapolitiikka alkavat jatkossa n\u00e4ky\u00e4 vahvemmin.<\/p>\n<p class=\"article-body margin-bottom-24 padding-x-16\">Toisen vuosinelj\u00e4nneksen valopilkkuja olivat Appelqvistin mukaan yksityisten ja julkisten investointien kasvuluvut.<\/p>\n<p class=\"article-body margin-bottom-24 padding-x-16\">\u201dIsossa kuvassa rakennusinvestoinnit kulkevat edelleen pikemminkin vaakatasossa, mutta teolliset investoinnit koneisiin ja laitteisiin nytk\u00e4htiv\u00e4t kev\u00e4\u00e4ll\u00e4 selv\u00e4sti yl\u00f6sp\u00e4in\u201d, Appelqvist kirjoittaa.<\/p>\n<p>\u201dPelko hyydytt\u00e4\u00e4 kulutushalut\u201d<\/p>\n<p class=\"article-body margin-bottom-24 padding-x-16\">My\u00f6s Suomen Yritt\u00e4jien ekonomisti <a class=\"article-personlink\" href=\"https:\/\/www.satakunnankansa.fi\/haku\/?query=Roope%20Ohlsbom\" rel=\"nofollow noopener\" target=\"_blank\">Roope Ohlsbom<\/a> kiinnitt\u00e4\u00e4 huomiota yksityisen kulutuksen v\u00e4henemiseen huhti-kes\u00e4kuussa. H\u00e4n uskoo, ett\u00e4 hein\u00e4-syyskuun luvuissa on jo odotettavissa kulutuksen kasvua, kun kuluttajien kasvava ostovoima ja hiljalleen koheneva luottamus omaan talouteensa alkaa n\u00e4ky\u00e4 my\u00f6s kulutusk\u00e4ytt\u00e4ytymisess\u00e4.<\/p>\n<p class=\"article-body margin-bottom-24 padding-x-16\">\u201dKasvu k\u00e4ynnistyy kotimaisesta kulutuksesta. Koheneva ostovoima ei yksin riit\u00e4, vaan kotitalouksien on koettava taloutensa vakaiksi ja ty\u00f6paikkansa turvatuiksi. Siksi ty\u00f6markkinoiden vakaus on kasvun edellytys. Pelko ty\u00f6paikan menett\u00e4misest\u00e4 hyydytt\u00e4\u00e4 kulutushalut\u201d, Ohlsbom kirjoittaa s\u00e4hk\u00f6postikommentissaan.<\/p>\n<p class=\"article-body margin-bottom-24 padding-x-16\">Ohlsbomin mukaan kev\u00e4\u00e4n heikentyneiss\u00e4 vientiluvuissa n\u00e4kyy huhtikuussa alkaneen Yhdysvaltain tullipoukkoilun synnytt\u00e4m\u00e4 ep\u00e4varmuus.<\/p>\n<p class=\"article-body margin-bottom-24 padding-x-16\">\u201dElokuun tullisovun my\u00f6t\u00e4 tilanne todenn\u00e4k\u00f6isesti tasoittuu, ja vienti palaa kasvu-uralle\u201d, Ohlsbom uskoo.<\/p>\n<p>Pahin kuoppa j\u00e4\u00e4m\u00e4ss\u00e4 taakse?<\/p>\n<p class=\"article-body margin-bottom-24 padding-x-16\">Appelqvistin ja Ohlsbomin mukaan kes\u00e4n aikana saadut signaalit viittaavat siihen, ett\u00e4 kansantalouden tuotannon pahin kuoppa on j\u00e4\u00e4m\u00e4ss\u00e4 taakse ja ett\u00e4 kasvu on k\u00e4ynnistym\u00e4ss\u00e4 erityisesti teollisuudessa.<\/p>\n<p class=\"article-body margin-bottom-24 padding-x-16\">Ekonomistit viittaavat muun muassa tietoon siit\u00e4, ett\u00e4 kokonaistuotantoa kuvaava indikaattori nousi hein\u00e4kuussa 0,4 prosenttia edellisest\u00e4 kuukaudesta.<\/p>\n<p class=\"article-body margin-bottom-24 padding-x-16\">\u201dRakettimaista kasvua ei ole toistaiseksi n\u00e4k\u00f6piiriss\u00e4, mutta optimististen linssien l\u00e4pi tarkasteltuna n\u00e4ytt\u00e4\u00e4 silt\u00e4, ett\u00e4 talouden elpyminen olisi vihdoin k\u00e4ynnistym\u00e4ss\u00e4\u201d, Appelqvist kirjoittaa.<\/p>\n","protected":false},"excerpt":{"rendered":"Yksityisen kulutuksen surkea kehitys j\u00e4yt\u00e4\u00e4 kansantaloutta. Suomen bruttokansantuote supistui huhti-kes\u00e4kuussa 0,4 prosenttia edelliseen vuosinelj\u00e4nnekseen verrattuna, kertoo Tilastokeskus. Ty\u00f6p\u00e4iv\u00e4korjattu&hellip;\n","protected":false},"author":2,"featured_media":19567,"comment_status":"","ping_status":"","sticky":false,"template":"","format":"standard","meta":{"footnotes":""},"categories":[76],"tags":[79,77,33,31,30,80,32,78],"class_list":{"0":"post-19566","1":"post","2":"type-post","3":"status-publish","4":"format-standard","5":"has-post-thumbnail","7":"category-talous","8":"tag-business","9":"tag-economy","10":"tag-fi","11":"tag-finland","12":"tag-finnish","13":"tag-satakunnan-kansa","14":"tag-suomi","15":"tag-talous"},"share_on_mastodon":{"url":"","error":""},"_links":{"self":[{"href":"https:\/\/www.europesays.com\/fi\/wp-json\/wp\/v2\/posts\/19566","targetHints":{"allow":["GET"]}}],"collection":[{"href":"https:\/\/www.europesays.com\/fi\/wp-json\/wp\/v2\/posts"}],"about":[{"href":"https:\/\/www.europesays.com\/fi\/wp-json\/wp\/v2\/types\/post"}],"author":[{"embeddable":true,"href":"https:\/\/www.europesays.com\/fi\/wp-json\/wp\/v2\/users\/2"}],"replies":[{"embeddable":true,"href":"https:\/\/www.europesays.com\/fi\/wp-json\/wp\/v2\/comments?post=19566"}],"version-history":[{"count":0,"href":"https:\/\/www.europesays.com\/fi\/wp-json\/wp\/v2\/posts\/19566\/revisions"}],"wp:featuredmedia":[{"embeddable":true,"href":"https:\/\/www.europesays.com\/fi\/wp-json\/wp\/v2\/media\/19567"}],"wp:attachment":[{"href":"https:\/\/www.europesays.com\/fi\/wp-json\/wp\/v2\/media?parent=19566"}],"wp:term":[{"taxonomy":"category","embeddable":true,"href":"https:\/\/www.europesays.com\/fi\/wp-json\/wp\/v2\/categories?post=19566"},{"taxonomy":"post_tag","embeddable":true,"href":"https:\/\/www.europesays.com\/fi\/wp-json\/wp\/v2\/tags?post=19566"}],"curies":[{"name":"wp","href":"https:\/\/api.w.org\/{rel}","templated":true}]}}