{"id":195663,"date":"2026-03-16T09:15:10","date_gmt":"2026-03-16T09:15:10","guid":{"rendered":"https:\/\/www.europesays.com\/fi\/195663\/"},"modified":"2026-03-16T09:15:10","modified_gmt":"2026-03-16T09:15:10","slug":"kaupan-ryostanyt-mies-pakenee-lahdessa-poliisi-epailty-on-aseistautunut-kotimaa","status":"publish","type":"post","link":"https:\/\/www.europesays.com\/fi\/195663\/","title":{"rendered":"Kaupan ry\u00f6st\u00e4nyt mies pakenee Lahdessa \u2013 poliisi: ep\u00e4ilty on aseistautunut | Kotimaa"},"content":{"rendered":"<p class=\"aw-1gybjub aw-5vja16 kEtdKx kmuxyA yle__article__paragraph\">Ep\u00e4ilty ry\u00f6st\u00f6 tapahtui Rautatien\u00adkadulla aikaisin aamulla. Poliisin mukaan teossa on ehk\u00e4 k\u00e4ytetty ampuma-asetta.<\/p>\n<p><img decoding=\"async\" alt=\"Rakennuksen kulmassa on K-Market. Ikkunoissa on kaupan mainoksia ja aukioloajat. \" src=\"https:\/\/www.europesays.com\/fi\/wp-content\/uploads\/2026\/03\/39-161206469b7c3947f76b.jpeg\" class=\"aw-1l9m598 hKVVvP\"\/><\/p>\n<p>Avaa kuvien katselu<\/p>\n<p>Rautatienkadun K-Market ry\u00f6stettiin maanantaiaamuna. Poliisin tietojen mukaan ry\u00f6st\u00f6st\u00e4 ep\u00e4ilty tekij\u00e4 ampui kaupassa laukauksen. Kuva: Sini Ojanper\u00e4 \/ Yle<\/p>\n<p class=\"aw-1gybjub aw-1p7kakr kEtdKx cEmitX yle__article__paragraph\">Lahden keskustassa ry\u00f6stettiin kauppa t\u00e4n\u00e4\u00e4n maanantaiaamuna 16. maaliskuuta.<\/p>\n<p class=\"aw-1gybjub aw-1p7kakr kEtdKx cEmitX yle__article__paragraph\">Poliisi ep\u00e4ilee, ett\u00e4 teossa on k\u00e4ytetty ampuma-asetta. Poliisin tietojen mukaan ep\u00e4ilty tekij\u00e4 ampui kaupassa laukauksen. Kukaan ei loukkaantunut tapahtumassa.<\/p>\n<p class=\"aw-1gybjub aw-1p7kakr kEtdKx cEmitX yle__article__paragraph\">Poliisi ei ole saanut ep\u00e4ilty\u00e4 tekij\u00e4\u00e4 kiinni. H\u00e4n poistui paikalta Vuorikatua pitkin m\u00e4kihyppytornien suuntaan.<\/p>\n<p class=\"aw-1gybjub aw-1p7kakr kEtdKx cEmitX yle__article__paragraph\">Poliisi varoittaa, ett\u00e4 miest\u00e4 ei tule l\u00e4hesty\u00e4. Etsitt\u00e4v\u00e4 henkil\u00f6 on aseistautunut ja h\u00e4nt\u00e4 on syyt\u00e4 pit\u00e4\u00e4 vaarallisena.<\/p>\n<p class=\"aw-1gybjub aw-1p7kakr kEtdKx cEmitX yle__article__paragraph\">Ry\u00f6st\u00f6st\u00e4 ep\u00e4ilty on noin 180 senttimetri\u00e4 pitk\u00e4, vaaleahiuksinen mies. H\u00e4nell\u00e4 oli tekohetkell\u00e4 p\u00e4\u00e4ll\u00e4\u00e4n musta takki, siniset farkut ja valkoiset tennarit. P\u00e4\u00e4ss\u00e4\u00e4n h\u00e4nell\u00e4 oli valkoinen lippalakki, jossa oli musta NY-logo. Kasvoillaan miehell\u00e4 oli maski.<\/p>\n<p class=\"aw-1gybjub aw-1p7kakr kEtdKx cEmitX yle__article__paragraph\">Mahdolliset havainnot miehest\u00e4 tulee ilmoittaa h\u00e4t\u00e4keskukseen numeroon 112.<\/p>\n<p class=\"aw-1gybjub aw-1p7kakr kEtdKx cEmitX yle__article__paragraph\">H\u00e4meen poliisi sai h\u00e4lytyksen ry\u00f6st\u00f6st\u00e4 maanantaiaamuna noin kello 7.25. Ilmoituksen mukaan Lahden keskustassa Rautatienkadulla sijaitseva kauppaliike oli ry\u00f6stetty.<\/p>\n<p class=\"aw-1gybjub aw-1p7kakr kEtdKx cEmitX yle__article__paragraph\">Poliisin mukaan tekij\u00e4 sai saaliikseen pienen summan k\u00e4teist\u00e4 rahaa.<\/p>\n<p class=\"aw-1gybjub aw-1p7kakr kEtdKx cEmitX yle__article__paragraph\">H\u00e4meen poliisi aloittaa tapahtumasta esitutkinnan rikosnimikkeell\u00e4 t\u00f6rke\u00e4 ry\u00f6st\u00f6.<\/p>\n","protected":false},"excerpt":{"rendered":"Ep\u00e4ilty ry\u00f6st\u00f6 tapahtui Rautatien\u00adkadulla aikaisin aamulla. Poliisin mukaan teossa on ehk\u00e4 k\u00e4ytetty ampuma-asetta. Avaa kuvien katselu Rautatienkadun K-Market&hellip;\n","protected":false},"author":2,"featured_media":195664,"comment_status":"","ping_status":"","sticky":false,"template":"","format":"standard","meta":{"footnotes":"","_share_on_mastodon":"0"},"categories":[5],"tags":[22,23,1284,26,27,33,31,30,17,71,1801,24,25,28,29,15,18,21,1268,52,1263,4678,32,19,20,16],"class_list":["post-195663","post","type-post","status-publish","format-standard","has-post-thumbnail","category-otsikot","tag-breaking-news","tag-breakingnews","tag-epaillyt","tag-featured-news","tag-featurednews","tag-fi","tag-finland","tag-finnish","tag-headlines","tag-kotimaa","tag-lahti","tag-latest-news","tag-latestnews","tag-main-news","tag-mainnews","tag-news","tag-otsikot","tag-paauutiset","tag-paijat-hame","tag-poliisi","tag-rikosepailyt","tag-ryosto","tag-suomi","tag-top-stories","tag-topstories","tag-uutiset"],"share_on_mastodon":{"url":"https:\/\/pubeurope.com\/@fi\/116238098439627521","error":""},"_links":{"self":[{"href":"https:\/\/www.europesays.com\/fi\/wp-json\/wp\/v2\/posts\/195663","targetHints":{"allow":["GET"]}}],"collection":[{"href":"https:\/\/www.europesays.com\/fi\/wp-json\/wp\/v2\/posts"}],"about":[{"href":"https:\/\/www.europesays.com\/fi\/wp-json\/wp\/v2\/types\/post"}],"author":[{"embeddable":true,"href":"https:\/\/www.europesays.com\/fi\/wp-json\/wp\/v2\/users\/2"}],"replies":[{"embeddable":true,"href":"https:\/\/www.europesays.com\/fi\/wp-json\/wp\/v2\/comments?post=195663"}],"version-history":[{"count":0,"href":"https:\/\/www.europesays.com\/fi\/wp-json\/wp\/v2\/posts\/195663\/revisions"}],"wp:featuredmedia":[{"embeddable":true,"href":"https:\/\/www.europesays.com\/fi\/wp-json\/wp\/v2\/media\/195664"}],"wp:attachment":[{"href":"https:\/\/www.europesays.com\/fi\/wp-json\/wp\/v2\/media?parent=195663"}],"wp:term":[{"taxonomy":"category","embeddable":true,"href":"https:\/\/www.europesays.com\/fi\/wp-json\/wp\/v2\/categories?post=195663"},{"taxonomy":"post_tag","embeddable":true,"href":"https:\/\/www.europesays.com\/fi\/wp-json\/wp\/v2\/tags?post=195663"}],"curies":[{"name":"wp","href":"https:\/\/api.w.org\/{rel}","templated":true}]}}