{"id":19572,"date":"2025-08-29T08:58:08","date_gmt":"2025-08-29T08:58:08","guid":{"rendered":"https:\/\/www.europesays.com\/fi\/19572\/"},"modified":"2025-08-29T08:58:08","modified_gmt":"2025-08-29T08:58:08","slug":"jose-mourinholle-potkut-turkissa-urheilua-lyhyesti","status":"publish","type":"post","link":"https:\/\/www.europesays.com\/fi\/19572\/","title":{"rendered":"Jos\u00e9 Mourinholle potkut Turkissa | Urheilua lyhyesti"},"content":{"rendered":"<p class=\"sc-jYczwO sc-dNFkOE bUKqJd eiHPxO yle__article__paragraph\">62-vuotias Jos\u00e9 Mourinho ei jatka turkkilaisen Fenerbahcen p\u00e4\u00e4valmentajana. H\u00e4n on yksi maailman menestyneimmist\u00e4 valmentajista.<\/p>\n<p><img decoding=\"async\" alt=\"Jose Mourinho penkill\u00e4.\" src=\"https:\/\/www.europesays.com\/fi\/wp-content\/uploads\/2025\/08\/39-151438368b160f53782f.jpeg\" class=\"sc-dntSTA iywpZY\"\/><\/p>\n<p>Avaa kuvien katselu<\/p>\n<p>Jos\u00e9 Mourinhon ura on ollut viime aikoina laskusuunnassa. Kuva: Matthieu Mirville\/DPPI\/Shutterstock\/All Over Press<\/p>\n<p class=\"sc-jYczwO sc-ciCoXh bUKqJd cIOueB yle__article__paragraph\">Legendaarinen portugalilaisvalmentaja <strong class=\"sc-eEHciv gtNhAX yle__article__strong\">Jos\u00e9 Mourinho<\/strong> on saanut potkut turkkilaisseura Fenerbahcen p\u00e4\u00e4valmentajan teht\u00e4vist\u00e4, seura kertoo tiedotteessaan.<\/p>\n<p class=\"sc-jYczwO sc-ciCoXh bUKqJd cIOueB yle__article__paragraph\">Seura kertoo asiasta kaksi p\u00e4iv\u00e4\u00e4 sen j\u00e4lkeen, kun Benfica kukisti Fenerbahcen Mestarien liigan playoff-karsintakierroksella. 62-vuotias Mourinho on toiminut Fenerbahcessa kaudesta 2024\u20132025 alkaen.<\/p>\n<p class=\"sc-jYczwO sc-ciCoXh bUKqJd cIOueB yle__article__paragraph\">\u2013 Kiit\u00e4mme h\u00e4nt\u00e4 h\u00e4nen ty\u00f6st\u00e4\u00e4n joukkueemme eteen ja toivotamme h\u00e4nelle menestyst\u00e4 tulevalla urallaan, seura kirjoitti muun muassa X:ss\u00e4 ja Instagramissa.<\/p>\n<p class=\"sc-jYczwO sc-ciCoXh bUKqJd cIOueB yle__article__paragraph\">Mourinho on yksi maailman tunnetuimmista ja menestyneimmist\u00e4 jalkapallovalmentajista, vaikkakin h\u00e4nen uransa on ollut viime aikoina laskusuunnassa. Mourinho on saavuttanut muun muassa kaksi Mestarien liigan voittoa ja kolme Valioliigan mestaruutta.<\/p>\n<p class=\"sc-jYczwO sc-ciCoXh bUKqJd cIOueB yle__article__paragraph\">Mourinho on juhlinut valmentajana mestaruuksia my\u00f6s Espanjassa, Italiassa ja Portugalissa. Viimeisin pokaali on AS Romasta, kun seura juhli vuonna 2022 Konferenssiliigan voittoa.<\/p>\n","protected":false},"excerpt":{"rendered":"62-vuotias Jos\u00e9 Mourinho ei jatka turkkilaisen Fenerbahcen p\u00e4\u00e4valmentajana. H\u00e4n on yksi maailman menestyneimmist\u00e4 valmentajista. Avaa kuvien katselu Jos\u00e9&hellip;\n","protected":false},"author":2,"featured_media":19573,"comment_status":"","ping_status":"","sticky":false,"template":"","format":"standard","meta":{"footnotes":""},"categories":[5],"tags":[22,23,26,27,33,31,30,17,43,2653,24,25,28,29,2628,15,18,21,32,19,20,6946,160,16],"class_list":{"0":"post-19572","1":"post","2":"type-post","3":"status-publish","4":"format-standard","5":"has-post-thumbnail","7":"category-otsikot","8":"tag-breaking-news","9":"tag-breakingnews","10":"tag-featured-news","11":"tag-featurednews","12":"tag-fi","13":"tag-finland","14":"tag-finnish","15":"tag-headlines","16":"tag-jalkapallo","17":"tag-jose-mourinho","18":"tag-latest-news","19":"tag-latestnews","20":"tag-main-news","21":"tag-mainnews","22":"tag-mestarien-liiga","23":"tag-news","24":"tag-otsikot","25":"tag-paauutiset","26":"tag-suomi","27":"tag-top-stories","28":"tag-topstories","29":"tag-turkin-superliiga","30":"tag-urheilu","31":"tag-uutiset"},"share_on_mastodon":{"url":"","error":""},"_links":{"self":[{"href":"https:\/\/www.europesays.com\/fi\/wp-json\/wp\/v2\/posts\/19572","targetHints":{"allow":["GET"]}}],"collection":[{"href":"https:\/\/www.europesays.com\/fi\/wp-json\/wp\/v2\/posts"}],"about":[{"href":"https:\/\/www.europesays.com\/fi\/wp-json\/wp\/v2\/types\/post"}],"author":[{"embeddable":true,"href":"https:\/\/www.europesays.com\/fi\/wp-json\/wp\/v2\/users\/2"}],"replies":[{"embeddable":true,"href":"https:\/\/www.europesays.com\/fi\/wp-json\/wp\/v2\/comments?post=19572"}],"version-history":[{"count":0,"href":"https:\/\/www.europesays.com\/fi\/wp-json\/wp\/v2\/posts\/19572\/revisions"}],"wp:featuredmedia":[{"embeddable":true,"href":"https:\/\/www.europesays.com\/fi\/wp-json\/wp\/v2\/media\/19573"}],"wp:attachment":[{"href":"https:\/\/www.europesays.com\/fi\/wp-json\/wp\/v2\/media?parent=19572"}],"wp:term":[{"taxonomy":"category","embeddable":true,"href":"https:\/\/www.europesays.com\/fi\/wp-json\/wp\/v2\/categories?post=19572"},{"taxonomy":"post_tag","embeddable":true,"href":"https:\/\/www.europesays.com\/fi\/wp-json\/wp\/v2\/tags?post=19572"}],"curies":[{"name":"wp","href":"https:\/\/api.w.org\/{rel}","templated":true}]}}