{"id":19578,"date":"2025-08-29T09:17:15","date_gmt":"2025-08-29T09:17:15","guid":{"rendered":"https:\/\/www.europesays.com\/fi\/19578\/"},"modified":"2025-08-29T09:17:15","modified_gmt":"2025-08-29T09:17:15","slug":"juha-seppalan-uudessa-romaanissa-ollaan-ruumisauton-matkassa","status":"publish","type":"post","link":"https:\/\/www.europesays.com\/fi\/19578\/","title":{"rendered":"Juha Sepp\u00e4l\u00e4n uudessa romaanissa ollaan ruumisauton matkassa"},"content":{"rendered":"<p><strong><\/p>\n<p>Ruumisauto t\u00e4ytyy pesett\u00e4\u00e4 usein.<\/p>\n<p>\u00a0 \u00a0Kuolema kiilt\u00e4\u00e4.<\/p>\n<p>\u00a0 \u00a0Se on musta.<\/p>\n<p>\u00a0 \u00a0Laki sallii my\u00f6s valkoisen ja hopeanharmaan.<\/p>\n<p>\u00a0 \u00a0Semmoisilla menn\u00e4\u00e4n vihille.<\/p>\n<p>Juha Sepp\u00e4l\u00e4n uuden Kehtolaulun koordinaatit -romaanin p\u00e4\u00e4henkil\u00f6 on keski-ik\u00e4inen ruumisauton kuljettaja, jonka mustan ajoneuvon asiakastilaan monet tarinan sivuhenkil\u00f6t p\u00e4\u00e4tyv\u00e4t.<\/p>\n<p>Kun kiilt\u00e4v\u00e4 Cadillac Escalade lipuu kaupungin halki, ihmiset pys\u00e4htyv\u00e4t n\u00e4hdess\u00e4\u00e4n kerrankin jotakin varmaa ep\u00e4varmuuden keskell\u00e4.<\/p>\n<p>Moderni Tuonelan lautturi tekee ty\u00f6t\u00e4\u00e4n ja pohdiskelee samalla el\u00e4m\u00e4ns\u00e4 kulkua.<\/p>\n<p><\/strong><\/p>\n<p>Arvostetuimpiin nykykirjailijoihimme kuuluva <strong>Juha Sepp\u00e4l\u00e4<\/strong> (s. 1956) on kirjoittanut romaaneja, novelleja ja kuunnelmia.\u00a0<\/p>\n<p>Hyppynaru\u00a0(1990),\u00a0Super Market\u00a0(1991),\u00a0Paholaisen haarukka\u00a0(2008) ja\u00a0Mr. Smith\u00a0(2012) olivat Finlandia-palkintoehdokkaina.<\/p>\n<p>Sepp\u00e4l\u00e4 on lis\u00e4ksi palkittu muun muassa Kalevi J\u00e4ntin palkinnolla 1988, Valtion kirjallisuuspalkinnolla 2000 ja Runeberg-palkinnolla 2001.<\/p>\n<p><img decoding=\"async\" src=\"https:\/\/www.europesays.com\/fi\/wp-content\/uploads\/2025\/08\/a4d426d6-1660-4039-a72d-b9076424e4ce-w_720.jpg\"  alt=\"\"\/>Kuva Laura Malmivaara<strong\/><\/p>\n","protected":false},"excerpt":{"rendered":"Ruumisauto t\u00e4ytyy pesett\u00e4\u00e4 usein. \u00a0 \u00a0Kuolema kiilt\u00e4\u00e4. \u00a0 \u00a0Se on musta. \u00a0 \u00a0Laki sallii my\u00f6s valkoisen ja hopeanharmaan.&hellip;\n","protected":false},"author":2,"featured_media":19579,"comment_status":"","ping_status":"","sticky":false,"template":"","format":"standard","meta":{"footnotes":""},"categories":[134],"tags":[377,137,33,31,30,378,32,109],"class_list":{"0":"post-19578","1":"post","2":"type-post","3":"status-publish","4":"format-standard","5":"has-post-thumbnail","7":"category-kirjat","8":"tag-books","9":"tag-entertainment","10":"tag-fi","11":"tag-finland","12":"tag-finnish","13":"tag-kirjat","14":"tag-suomi","15":"tag-viihde"},"share_on_mastodon":{"url":"","error":""},"_links":{"self":[{"href":"https:\/\/www.europesays.com\/fi\/wp-json\/wp\/v2\/posts\/19578","targetHints":{"allow":["GET"]}}],"collection":[{"href":"https:\/\/www.europesays.com\/fi\/wp-json\/wp\/v2\/posts"}],"about":[{"href":"https:\/\/www.europesays.com\/fi\/wp-json\/wp\/v2\/types\/post"}],"author":[{"embeddable":true,"href":"https:\/\/www.europesays.com\/fi\/wp-json\/wp\/v2\/users\/2"}],"replies":[{"embeddable":true,"href":"https:\/\/www.europesays.com\/fi\/wp-json\/wp\/v2\/comments?post=19578"}],"version-history":[{"count":0,"href":"https:\/\/www.europesays.com\/fi\/wp-json\/wp\/v2\/posts\/19578\/revisions"}],"wp:featuredmedia":[{"embeddable":true,"href":"https:\/\/www.europesays.com\/fi\/wp-json\/wp\/v2\/media\/19579"}],"wp:attachment":[{"href":"https:\/\/www.europesays.com\/fi\/wp-json\/wp\/v2\/media?parent=19578"}],"wp:term":[{"taxonomy":"category","embeddable":true,"href":"https:\/\/www.europesays.com\/fi\/wp-json\/wp\/v2\/categories?post=19578"},{"taxonomy":"post_tag","embeddable":true,"href":"https:\/\/www.europesays.com\/fi\/wp-json\/wp\/v2\/tags?post=19578"}],"curies":[{"name":"wp","href":"https:\/\/api.w.org\/{rel}","templated":true}]}}