{"id":19580,"date":"2025-08-29T09:18:07","date_gmt":"2025-08-29T09:18:07","guid":{"rendered":"https:\/\/www.europesays.com\/fi\/19580\/"},"modified":"2025-08-29T09:18:07","modified_gmt":"2025-08-29T09:18:07","slug":"palasi-nopeasti-takaisin-tassa-syy","status":"publish","type":"post","link":"https:\/\/www.europesays.com\/fi\/19580\/","title":{"rendered":"Palasi nopeasti takaisin \u2013 T\u00e4ss\u00e4 syy"},"content":{"rendered":"<p>Tamra Judge ehti jo kertoa somessa j\u00e4tt\u00e4neens\u00e4 The Real Housewives of Orange Countyn.<\/p>\n<p><img decoding=\"async\" class=\"image image-show image-preview\" src=\"https:\/\/www.europesays.com\/fi\/wp-content\/uploads\/2025\/08\/c01386ad86bd847420ebdd525b1e54e4e101a70608447ffe7ebbfe0269967ab0.jpg\" alt=\"\"\/><img decoding=\"async\" class=\"image image-show\" src=\"https:\/\/www.europesays.com\/fi\/wp-content\/uploads\/2025\/08\/1756459087_511_c01386ad86bd847420ebdd525b1e54e4e101a70608447ffe7ebbfe0269967ab0.jpg\" alt=\"\"\/><\/p>\n<p>Heather Dubrow (kesk.) on puolustanut Tamra Judgea (oik.), mutta my\u00f6s h\u00e4n on kyll\u00e4stynyt Tamran k\u00e4yt\u00f6kseen. MTV<\/p>\n<p class=\"paragraph\"><strong>Tamra Judge<\/strong> lopetti The Real Housewives of Orange County -jenkkirealityss\u00e4 yll\u00e4tt\u00e4en kesken kuvausten \u2013 ja palasi sitten nopeasti sarjaan takaisin.<\/p>\n<p class=\"paragraph\">\u2013\u2009Se oli pitk\u00e4 rupeama! Mutta kun el\u00e4m\u00e4ss\u00e4 tulee vastaan oikeita ongelmia, t\u00e4m\u00e4 reality ei en\u00e4\u00e4 k\u00e4y j\u00e4rkeen. Rauhaa. Min\u00e4 lopetan, h\u00e4n ehti jo julistaa sosiaalisessa mediassa.<\/p>\n<p class=\"paragraph\">Paluunsa j\u00e4lkeen Tamra ei ole viel\u00e4 tavannut kaikkia Orange Countyn todellisia kotirouvia. Edellisjaksossa h\u00e4n k\u00e4vi terapeuttinsa luona ja n\u00e4ki <strong>Heather Dubrow&#8217;ta<\/strong>. Kamerat seurasivat taas mukana.<\/p>\n<p class=\"paragraph\">Sarjan taustalta l\u00f6ytyv\u00e4 <a href=\"https:\/\/www.bravotv.com\/the-daily-dish\/tamra-judge-reveals-reason-for-briefly-quitting-rhoc-season-19-details\" target=\"_blank\" rel=\"noopener nofollow\">Bravo-kanava<\/a> on kertonut, mit\u00e4 lyhyeksi j\u00e4\u00e4neen tauon aikana tapahtui. Tamra selitti kokonaiskuvaa tuottajalle.<\/p>\n<p class=\"paragraph\">\u2013\u2009Kaikki vain romahti. El\u00e4m\u00e4 on mennyt viime aikoina niin paljon tunteisiin.<\/p>\n<p>Teddi Mellencamp on n\u00e4hty yst\u00e4v\u00e4n roolissa my\u00f6s The Real Housewives of Orange Countyssa. ETIENNE LAURENT, All Over Press<\/p>\n<p class=\"paragraph\">Taustalla on Tamran hyv\u00e4n yst\u00e4v\u00e4n, entisen The Real Housewives of Beverly Hills -t\u00e4hden <strong>Teddi Mellencampin<\/strong> surullinen tilanne. Laulaja <strong>John Mellencampin<\/strong> nelikymppiselt\u00e4 tytt\u00e4relt\u00e4 on l\u00f6ydetty useita nelj\u00e4nnen asteen aivo- ja keuhkokasvaimia. Aivo- ja keuhkosy\u00f6v\u00e4n lis\u00e4ksi <a href=\"https:\/\/people.com\/teddi-mellencamp-update-i-live-in-doctors-offices-instagram-brain-lung-cancer-melanoma-11795977\" target=\"_blank\" rel=\"noopener nofollow\">People-julkaisu<\/a> on uutisoinut hiljattain my\u00f6s uudesta melanoomasta. Samaan aikaan Tamra on jatkanut ammattilaisen kanssa vihanhallintaongelmansa ja ongelmaisten perhesuhteidensa k\u00e4sittelemist\u00e4. H\u00e4nell\u00e4 ei ole mink\u00e4\u00e4nlaisia v\u00e4lej\u00e4 toiseen tytt\u00e4reens\u00e4.<\/p>\n<p>Tamra on sanonut julkisesti vain Heatherin olleen h\u00e4nen tukenaan koko jupakan aikana. Muiden The Real Housewives of Orange Countyn t\u00e4htien puheisiin ja asenteisiin Tamra on pettynyt. MTV<\/p>\n<p class=\"paragraph\">Meill\u00e4 parhaillaan py\u00f6riv\u00e4ll\u00e4 realityn uusimmalla tuotantokaudella Tamra koki parhaaksi p\u00e4\u00e4tt\u00e4\u00e4 realityuransa otettuaan rauhoittavan l\u00e4\u00e4kkeen ja alkoholia. H\u00e4n lensi aamuy\u00f6n tunteina kakkoskotiinsa Kalifornian Big Beariin ja erist\u00e4ytyi sinne. <a href=\"https:\/\/www.usmagazine.com\/entertainment\/news\/tamra-judge-explains-decision-to-briefly-quit-rhoc-excl\/\" target=\"_blank\" rel=\"noopener nofollow\">Us Weeklylle<\/a> Tamra on kertonut, ettei h\u00e4n juuri nukkunut tai sy\u00f6nyt.<\/p>\n<p class=\"paragraph\">Tuotantoporras puuttui kuitenkin peliin ja ehdotti, ett\u00e4 Tamra pit\u00e4isi ensin vain viikon vapaata. Jos h\u00e4n senkin j\u00e4lkeen haluaisi lopettaa, se olisi h\u00e4nelle suotu sopimuksesta huolimatta.<\/p>\n<p class=\"paragraph\">\u2013\u2009Kaikki soittelivat minulle, Tamra muistelee haastattelussa.<\/p>\n<p class=\"paragraph\">\u2013\u2009He olivat todella kilttej\u00e4 minua kohtaan, h\u00e4n kiittelee.<\/p>\n<p class=\"paragraph\">Lopulta Teddi sai Tamran muuttamaan mielt\u00e4\u00e4n ja saattamaan sitoumuksensa loppuun.<\/p>\n<p class=\"paragraph\">\u2013\u2009Annan aina sata prosenttia itsest\u00e4ni.<\/p>\n<p>Katie Ginellalla on ollut vuoron per\u00e4\u00e4n vaikeaa melkein kaikkien Orange Countyn kotirouvien kanssa. MTV<\/p>\n<p class=\"paragraph\">T\u00e4n\u00e4\u00e4n aamuyhdeks\u00e4lt\u00e4 Katsomossa julkaistavassa uudessa jaksossa kohu jatkuu. Luvassa on valheenpaljastuskoe ja kyyneleit\u00e4. Saadaanko lopulta selvyys siihen, kuka valehtelee: Tamra, <strong>Gretchen Rossi<\/strong> vai <strong>Katie Ginella<\/strong>? Katien mukaan Gretchen on v\u00e4itt\u00e4nyt Tamran huumanneen h\u00e4net vuosikausia sitten. Gretchen kiist\u00e4\u00e4 sanoneensa niin. Katie puolestaan on kiist\u00e4nyt levitt\u00e4neens\u00e4 juttua sarjan ulkopuoliselle toimittajalle. Tamra ei usko kumpaakaan naista.<\/p>\n<p class=\"paragraph\">The Real Housewives of Orange County t\u00e4n\u00e4\u00e4n Katsomossa. <a href=\"https:\/\/www.iltalehti.fi\/telkku\/\" rel=\"nofollow noopener\" target=\"_blank\">Katso kaikki\u00a0TV-ohjelmat ja l\u00e4hetysajat Telkun TV-oppaasta<\/a>.<\/p>\n","protected":false},"excerpt":{"rendered":"Tamra Judge ehti jo kertoa somessa j\u00e4tt\u00e4neens\u00e4 The Real Housewives of Orange Countyn. Heather Dubrow (kesk.) on puolustanut&hellip;\n","protected":false},"author":2,"featured_media":19581,"comment_status":"","ping_status":"","sticky":false,"template":"","format":"standard","meta":{"footnotes":""},"categories":[133],"tags":[35,153,137,33,31,30,979,32,206,2140,140,139,156,109],"class_list":{"0":"post-19580","1":"post","2":"type-post","3":"status-publish","4":"format-standard","5":"has-post-thumbnail","7":"category-televisiot","8":"tag-24h","9":"tag-audiovisuaalinen-media","10":"tag-entertainment","11":"tag-fi","12":"tag-finland","13":"tag-finnish","14":"tag-sahkoinen-media","15":"tag-suomi","16":"tag-televisiot","17":"tag-tosi-tv-ohjelmat","18":"tag-tv-ja-elokuvat","19":"tag-tv-ohjelmat","20":"tag-tv","21":"tag-viihde"},"share_on_mastodon":{"url":"","error":""},"_links":{"self":[{"href":"https:\/\/www.europesays.com\/fi\/wp-json\/wp\/v2\/posts\/19580","targetHints":{"allow":["GET"]}}],"collection":[{"href":"https:\/\/www.europesays.com\/fi\/wp-json\/wp\/v2\/posts"}],"about":[{"href":"https:\/\/www.europesays.com\/fi\/wp-json\/wp\/v2\/types\/post"}],"author":[{"embeddable":true,"href":"https:\/\/www.europesays.com\/fi\/wp-json\/wp\/v2\/users\/2"}],"replies":[{"embeddable":true,"href":"https:\/\/www.europesays.com\/fi\/wp-json\/wp\/v2\/comments?post=19580"}],"version-history":[{"count":0,"href":"https:\/\/www.europesays.com\/fi\/wp-json\/wp\/v2\/posts\/19580\/revisions"}],"wp:featuredmedia":[{"embeddable":true,"href":"https:\/\/www.europesays.com\/fi\/wp-json\/wp\/v2\/media\/19581"}],"wp:attachment":[{"href":"https:\/\/www.europesays.com\/fi\/wp-json\/wp\/v2\/media?parent=19580"}],"wp:term":[{"taxonomy":"category","embeddable":true,"href":"https:\/\/www.europesays.com\/fi\/wp-json\/wp\/v2\/categories?post=19580"},{"taxonomy":"post_tag","embeddable":true,"href":"https:\/\/www.europesays.com\/fi\/wp-json\/wp\/v2\/tags?post=19580"}],"curies":[{"name":"wp","href":"https:\/\/api.w.org\/{rel}","templated":true}]}}