{"id":19594,"date":"2025-08-29T09:34:10","date_gmt":"2025-08-29T09:34:10","guid":{"rendered":"https:\/\/www.europesays.com\/fi\/19594\/"},"modified":"2025-08-29T09:34:10","modified_gmt":"2025-08-29T09:34:10","slug":"jamsassa-kadonneeksi-ilmoitettu-nainen-loytyi-kunnossa-keski-suomi","status":"publish","type":"post","link":"https:\/\/www.europesays.com\/fi\/19594\/","title":{"rendered":"J\u00e4ms\u00e4ss\u00e4 kadonneeksi ilmoitettu nainen l\u00f6ytyi kunnossa | Keski-Suomi"},"content":{"rendered":"<p>J\u00e4ms\u00e4ss\u00e4 kadonneeksi ilmoitettu 77-vuotias nainen on l\u00f6ydetty kunnossa, Sis\u00e4-Suomen poliisi tiedottaa.<\/p>\n<p>Poliisi kertoi perjantaiaamup\u00e4iv\u00e4ll\u00e4 kello 11:n j\u00e4lkeen etsiv\u00e4ns\u00e4 naista ja pyysi ilmoittamaan kaikista havainnoista h\u00e4t\u00e4numeroon.<\/p>\n<p>Vain noin puoli tuntia my\u00f6hemmin poliisi tiedotti naisen l\u00f6ytyneen ja kiitti saamistaan havainnoista.<\/p>\n<p>Juttu p\u00e4ivitetty kello 11.44: Kadonnut nainen on l\u00f6ydetty. Jutussa ollut naisen kuva on poistettu.<\/p>\n","protected":false},"excerpt":{"rendered":"J\u00e4ms\u00e4ss\u00e4 kadonneeksi ilmoitettu 77-vuotias nainen on l\u00f6ydetty kunnossa, Sis\u00e4-Suomen poliisi tiedottaa. Poliisi kertoi perjantaiaamup\u00e4iv\u00e4ll\u00e4 kello 11:n j\u00e4lkeen etsiv\u00e4ns\u00e4&hellip;\n","protected":false},"author":2,"featured_media":19595,"comment_status":"","ping_status":"","sticky":false,"template":"","format":"standard","meta":{"footnotes":""},"categories":[5],"tags":[22,23,26,27,33,31,30,17,2565,55,24,25,28,29,15,18,21,122,54,52,103,32,19,20,546,16],"class_list":{"0":"post-19594","1":"post","2":"type-post","3":"status-publish","4":"format-standard","5":"has-post-thumbnail","7":"category-otsikot","8":"tag-breaking-news","9":"tag-breakingnews","10":"tag-featured-news","11":"tag-featurednews","12":"tag-fi","13":"tag-finland","14":"tag-finnish","15":"tag-headlines","16":"tag-jamsa","17":"tag-lainvalvonta","18":"tag-latest-news","19":"tag-latestnews","20":"tag-main-news","21":"tag-mainnews","22":"tag-news","23":"tag-otsikot","24":"tag-paauutiset","25":"tag-pelastaminen","26":"tag-pelastuspalvelut","27":"tag-poliisi","28":"tag-sosiaalikysymykset","29":"tag-suomi","30":"tag-top-stories","31":"tag-topstories","32":"tag-turvallisuus","33":"tag-uutiset"},"share_on_mastodon":{"url":"","error":""},"_links":{"self":[{"href":"https:\/\/www.europesays.com\/fi\/wp-json\/wp\/v2\/posts\/19594","targetHints":{"allow":["GET"]}}],"collection":[{"href":"https:\/\/www.europesays.com\/fi\/wp-json\/wp\/v2\/posts"}],"about":[{"href":"https:\/\/www.europesays.com\/fi\/wp-json\/wp\/v2\/types\/post"}],"author":[{"embeddable":true,"href":"https:\/\/www.europesays.com\/fi\/wp-json\/wp\/v2\/users\/2"}],"replies":[{"embeddable":true,"href":"https:\/\/www.europesays.com\/fi\/wp-json\/wp\/v2\/comments?post=19594"}],"version-history":[{"count":0,"href":"https:\/\/www.europesays.com\/fi\/wp-json\/wp\/v2\/posts\/19594\/revisions"}],"wp:featuredmedia":[{"embeddable":true,"href":"https:\/\/www.europesays.com\/fi\/wp-json\/wp\/v2\/media\/19595"}],"wp:attachment":[{"href":"https:\/\/www.europesays.com\/fi\/wp-json\/wp\/v2\/media?parent=19594"}],"wp:term":[{"taxonomy":"category","embeddable":true,"href":"https:\/\/www.europesays.com\/fi\/wp-json\/wp\/v2\/categories?post=19594"},{"taxonomy":"post_tag","embeddable":true,"href":"https:\/\/www.europesays.com\/fi\/wp-json\/wp\/v2\/tags?post=19594"}],"curies":[{"name":"wp","href":"https:\/\/api.w.org\/{rel}","templated":true}]}}