{"id":196428,"date":"2026-03-17T06:19:09","date_gmt":"2026-03-17T06:19:09","guid":{"rendered":"https:\/\/www.europesays.com\/fi\/196428\/"},"modified":"2026-03-17T06:19:09","modified_gmt":"2026-03-17T06:19:09","slug":"is-paivakotilapset-soivat-raakaa-kanaa-hameenlinnassa-kanta-hame","status":"publish","type":"post","link":"https:\/\/www.europesays.com\/fi\/196428\/","title":{"rendered":"IS: P\u00e4iv\u00e4kotilapset s\u00f6iv\u00e4t raakaa kanaa H\u00e4meenlinnassa | Kanta-H\u00e4me"},"content":{"rendered":"<p class=\"aw-1gybjub aw-5vja16 kEtdKx kmuxyA yle__article__paragraph\">Tapaus sattui lehtitietojen mukaan viime viikon keskiviikkona Iittalan p\u00e4iv\u00e4kodissa.<\/p>\n<p><img decoding=\"async\" alt=\"Tyhj\u00e4ksi sy\u00f6ty ruokalautanen ruokap\u00f6yd\u00e4ll\u00e4.\" src=\"https:\/\/www.europesays.com\/fi\/wp-content\/uploads\/2026\/03\/39-105497963b2d9dee2fb3.jpeg\" class=\"aw-1l9m598 hKVVvP\"\/><\/p>\n<p>Avaa kuvien katselu<\/p>\n<p>Ittalan p\u00e4iv\u00e4kodissa osa lapsista sai Ilta-Sanomien mukaan raakaa kanaa. Kuvituskuva. Kuva: Mikko Koski \/ Yle<\/p>\n<p class=\"aw-1gybjub aw-1p7kakr kEtdKx cEmitX yle__article__paragraph\">Ilta-Sanomat <a class=\"aw-iao6s4 iHOxEa yle__article__link\" href=\"https:\/\/www.is.fi\/kotimaa\/art-2000011882048.html\" role=\"link\" rel=\"nofollow noopener\" target=\"_blank\">kertoo nettisivuillaan<\/a>, ett\u00e4 Iittalan p\u00e4iv\u00e4kodissa H\u00e4meenlinnassa osa lapsista sai sy\u00f6t\u00e4v\u00e4kseen raakaa kanaa.<\/p>\n<p class=\"aw-1gybjub aw-1p7kakr kEtdKx cEmitX yle__article__paragraph\">Nelj\u00e4lle lapsiryhm\u00e4lle eli noin 60 lapselle oli tarjolla ruuaksi kananuudelivuokaa viikko sitten keskiviikkona. Kanan huomattiin olevan raakaa vasta sitten, kun osa lapsista ja henkil\u00f6kunnasta oli jo ehtinyt sy\u00f6d\u00e4 ruokaa.<\/p>\n<p class=\"aw-1gybjub aw-1p7kakr kEtdKx cEmitX yle__article__paragraph\">Ruuan p\u00e4iv\u00e4kodille toimittaa ruokapalveluyhti\u00f6 Compass Group Finland. Ilta-Sanomien mukaan yhti\u00f6 on my\u00f6nt\u00e4nyt virheens\u00e4.<\/p>\n<p class=\"aw-1gybjub aw-1p7kakr kEtdKx cEmitX yle__article__paragraph\">Ruokapalveluyhti\u00f6n liiketoimintajohtaja <strong class=\"aw-ak79eh KyCXm yle__article__strong\">Maarit Virkkala<\/strong> kertoo, ett\u00e4 ruokaa oli kypsennetty kahdessa erikokoisessa astiassa. L\u00e4mp\u00f6mittaus oli tehty vain pienemm\u00e4st\u00e4 astiasta. Vaikka isompia vuokia oli kypsennetty uunissa pidemp\u00e4\u00e4n, ruoka ei ollut ehtinyt kypsy\u00e4.<\/p>\n<p class=\"aw-1gybjub aw-1p7kakr kEtdKx cEmitX yle__article__paragraph\">Virkkalan mukaan Iittalan koulussa ja p\u00e4iv\u00e4kodissa k\u00e4ytet\u00e4\u00e4n vastaavissa ruuissa jatkossa vain samankokoisia vuokia. Ruuat valmistetaan Iittalan koulun keitti\u00f6ss\u00e4.<\/p>\n<p class=\"aw-1gybjub aw-1p7kakr kEtdKx cEmitX yle__article__paragraph\">Yhti\u00f6 on tiedottanut tapahtuneesta sek\u00e4 kaupunkia, elintarvikeviranomaisia ett\u00e4 asiakasperheit\u00e4.<\/p>\n","protected":false},"excerpt":{"rendered":"Tapaus sattui lehtitietojen mukaan viime viikon keskiviikkona Iittalan p\u00e4iv\u00e4kodissa. Avaa kuvien katselu Ittalan p\u00e4iv\u00e4kodissa osa lapsista sai Ilta-Sanomien&hellip;\n","protected":false},"author":2,"featured_media":196429,"comment_status":"","ping_status":"","sticky":false,"template":"","format":"standard","meta":{"footnotes":"","_share_on_mastodon":"0"},"categories":[12],"tags":[22,23,30336,26,27,33,31,30,2109,30337,17,7964,1794,24,25,28,29,15,18,21,1325,900,32,19,20,16],"class_list":["post-196428","post","type-post","status-publish","format-standard","has-post-thumbnail","category-suomi","tag-breaking-news","tag-breakingnews","tag-compass-group","tag-featured-news","tag-featurednews","tag-fi","tag-finland","tag-finnish","tag-hameenlinna","tag-hameenlinnan-paivakodit","tag-headlines","tag-iittala","tag-kanta-hame","tag-latest-news","tag-latestnews","tag-main-news","tag-mainnews","tag-news","tag-otsikot","tag-paauutiset","tag-ruoat","tag-ruoka","tag-suomi","tag-top-stories","tag-topstories","tag-uutiset"],"share_on_mastodon":{"url":"https:\/\/pubeurope.com\/@fi\/116243068772594091","error":""},"_links":{"self":[{"href":"https:\/\/www.europesays.com\/fi\/wp-json\/wp\/v2\/posts\/196428","targetHints":{"allow":["GET"]}}],"collection":[{"href":"https:\/\/www.europesays.com\/fi\/wp-json\/wp\/v2\/posts"}],"about":[{"href":"https:\/\/www.europesays.com\/fi\/wp-json\/wp\/v2\/types\/post"}],"author":[{"embeddable":true,"href":"https:\/\/www.europesays.com\/fi\/wp-json\/wp\/v2\/users\/2"}],"replies":[{"embeddable":true,"href":"https:\/\/www.europesays.com\/fi\/wp-json\/wp\/v2\/comments?post=196428"}],"version-history":[{"count":0,"href":"https:\/\/www.europesays.com\/fi\/wp-json\/wp\/v2\/posts\/196428\/revisions"}],"wp:featuredmedia":[{"embeddable":true,"href":"https:\/\/www.europesays.com\/fi\/wp-json\/wp\/v2\/media\/196429"}],"wp:attachment":[{"href":"https:\/\/www.europesays.com\/fi\/wp-json\/wp\/v2\/media?parent=196428"}],"wp:term":[{"taxonomy":"category","embeddable":true,"href":"https:\/\/www.europesays.com\/fi\/wp-json\/wp\/v2\/categories?post=196428"},{"taxonomy":"post_tag","embeddable":true,"href":"https:\/\/www.europesays.com\/fi\/wp-json\/wp\/v2\/tags?post=196428"}],"curies":[{"name":"wp","href":"https:\/\/api.w.org\/{rel}","templated":true}]}}