{"id":196676,"date":"2026-03-17T12:22:12","date_gmt":"2026-03-17T12:22:12","guid":{"rendered":"https:\/\/www.europesays.com\/fi\/196676\/"},"modified":"2026-03-17T12:22:12","modified_gmt":"2026-03-17T12:22:12","slug":"orimattila-sai-jymylinnan-myytya-rakennus-vaihtaa-omistajaa-noin-40-000-eurolla-paijat-hame","status":"publish","type":"post","link":"https:\/\/www.europesays.com\/fi\/196676\/","title":{"rendered":"Orimattila sai Jymylinnan myyty\u00e4 \u2013 rakennus vaihtaa omistajaa noin 40\u00a0000 eurolla | P\u00e4ij\u00e4t-H\u00e4me"},"content":{"rendered":"<p class=\"aw-1gybjub aw-5vja16 kEtdKx kmuxyA yle__article__paragraph\">Ostaja aikoo kunnostaa rakennuksen. Tavoitteena on varmistaa, ett\u00e4 talo s\u00e4ilyy kaupunkilaisten ja yhdistysten k\u00e4yt\u00f6ss\u00e4.<\/p>\n<p><img decoding=\"async\" alt=\"Orimattilan Jymylinna, eli vaalea matala puinen rakennus, jossa on vihre\u00e4 katto, paljon ikkunoita kahdessa tasossa ja katettu p\u00e4\u00e4sis\u00e4\u00e4nk\u00e4ynti.\" src=\"https:\/\/www.europesays.com\/fi\/wp-content\/uploads\/2026\/03\/39-161274969b92d26f0ab3.jpeg\" class=\"aw-1l9m598 hKVVvP\"\/><\/p>\n<p>Avaa kuvien katselu<\/p>\n<p>Orimattila on yritt\u00e4nyt myyd\u00e4 Jymylinnaa jo pitk\u00e4\u00e4n. T\u00e4ll\u00e4 kertaa saatu tarjous oli riitt\u00e4v\u00e4n korkea. Kuva: Orimattilan kaupunki<\/p>\n<p class=\"aw-1gybjub aw-1p7kakr kEtdKx cEmitX yle__article__paragraph\">Orimattilan kaupunki on hyv\u00e4ksynyt Jymylinnasta huutokaupassa saadun tarjouksen. Elinvoimajohtaja <strong class=\"aw-ak79eh KyCXm yle__article__strong\">Sara Vilanderin<\/strong> p\u00e4\u00e4t\u00f6ksell\u00e4 kaupunki myy Jymylinnan 38\u00a0000 eurolla korkeimman tarjouksen j\u00e4tt\u00e4neelle <strong class=\"aw-ak79eh KyCXm yle__article__strong\">Toivo Neuvoselle<\/strong>.<\/p>\n<p class=\"aw-1gybjub aw-1p7kakr kEtdKx cEmitX yle__article__paragraph\">Kaupunki sai huutokaupassa m\u00e4\u00e4r\u00e4aikaan menness\u00e4 19 tarjousta kolmelta eri tarjoajalta.<\/p>\n<p class=\"aw-1gybjub aw-1p7kakr kEtdKx cEmitX yle__article__paragraph\">Toivo Neuvonen halusi varmistua, ett\u00e4 kulttuurihistoriallisesti arvokas rakennus s\u00e4ilyy kaupunkilaisten ilona.<\/p>\n<p class=\"aw-1gybjub aw-1p7kakr kEtdKx cEmitX yle__article__paragraph\">Rakennus vaatii suuren remontin, joten ensimm\u00e4iseksi se on tarkoitus kunnostaa. Sen tarkemmin h\u00e4n ei viel\u00e4 suunnitelmista halua puhua, sill\u00e4 kauppa ei ole viel\u00e4 varmistunut.<\/p>\n<p class=\"aw-1gybjub aw-1p7kakr kEtdKx cEmitX yle__article__paragraph\">\u2013 Sitten kun p\u00e4\u00e4t\u00f6s on lainvoimainen, alkaa tapahtua, Neuvonen sanoo.<\/p>\n<p class=\"aw-1gybjub aw-1p7kakr kEtdKx cEmitX yle__article__paragraph\">Orimattilan kaupungille j\u00e4tettiin vuoden 2025 marraskuussa <a class=\"aw-iao6s4 iHOxEa yle__article__link\" href=\"https:\/\/www.kuntalaisaloite.fi\/fi\/aloite\/45772\" role=\"link\" rel=\"nofollow noopener\" target=\"_blank\">aloite<\/a>, jossa vaadittiin Jymylinnan s\u00e4ilytt\u00e4mist\u00e4 Orimattilan kaupungin omistuksessa. Aloitteessa todettiin, ett\u00e4 rakennus on merkitt\u00e4v\u00e4 osa Orimattilan kulttuuri- sek\u00e4 rakennusperint\u00f6\u00e4, ja sill\u00e4 on huomattava arvo paikallisille.<\/p>\n<p class=\"aw-1gybjub aw-1p7kakr kEtdKx cEmitX yle__article__paragraph\">Elinvoimajohtaja edellyttikin Neuvoselta selvityst\u00e4 rakennuksen tulevasta k\u00e4ytt\u00f6tarkoituksesta. Viranhaltijap\u00e4\u00e4t\u00f6ksest\u00e4 selvi\u00e4\u00e4, ett\u00e4 Neuvosen tarkoituksena on remontoida Jymylinna, jotta erilaiset paikalliset toimijat voivat edelleen k\u00e4ytt\u00e4\u00e4 sit\u00e4.<\/p>\n<p class=\"aw-1gybjub aw-1p7kakr kEtdKx cEmitX yle__article__paragraph\">Tavoitteena on perustaa yhdistys, jolle rakennus vuokrataan ja joka huolehtii talon toiminnasta.<\/p>\n","protected":false},"excerpt":{"rendered":"Ostaja aikoo kunnostaa rakennuksen. Tavoitteena on varmistaa, ett\u00e4 talo s\u00e4ilyy kaupunkilaisten ja yhdistysten k\u00e4yt\u00f6ss\u00e4. Avaa kuvien katselu Orimattila&hellip;\n","protected":false},"author":2,"featured_media":196677,"comment_status":"","ping_status":"","sticky":false,"template":"","format":"standard","meta":{"footnotes":"","_share_on_mastodon":"0"},"categories":[76],"tags":[79,77,33,31,30,3009,1833,7277,1268,3639,32,78],"class_list":["post-196676","post","type-post","status-publish","format-standard","has-post-thumbnail","category-talous","tag-business","tag-economy","tag-fi","tag-finland","tag-finnish","tag-huutokauppa","tag-kunnat","tag-orimattila","tag-paijat-hame","tag-rakennukset","tag-suomi","tag-talous"],"share_on_mastodon":{"url":"https:\/\/pubeurope.com\/@fi\/116244496167229785","error":""},"_links":{"self":[{"href":"https:\/\/www.europesays.com\/fi\/wp-json\/wp\/v2\/posts\/196676","targetHints":{"allow":["GET"]}}],"collection":[{"href":"https:\/\/www.europesays.com\/fi\/wp-json\/wp\/v2\/posts"}],"about":[{"href":"https:\/\/www.europesays.com\/fi\/wp-json\/wp\/v2\/types\/post"}],"author":[{"embeddable":true,"href":"https:\/\/www.europesays.com\/fi\/wp-json\/wp\/v2\/users\/2"}],"replies":[{"embeddable":true,"href":"https:\/\/www.europesays.com\/fi\/wp-json\/wp\/v2\/comments?post=196676"}],"version-history":[{"count":0,"href":"https:\/\/www.europesays.com\/fi\/wp-json\/wp\/v2\/posts\/196676\/revisions"}],"wp:featuredmedia":[{"embeddable":true,"href":"https:\/\/www.europesays.com\/fi\/wp-json\/wp\/v2\/media\/196677"}],"wp:attachment":[{"href":"https:\/\/www.europesays.com\/fi\/wp-json\/wp\/v2\/media?parent=196676"}],"wp:term":[{"taxonomy":"category","embeddable":true,"href":"https:\/\/www.europesays.com\/fi\/wp-json\/wp\/v2\/categories?post=196676"},{"taxonomy":"post_tag","embeddable":true,"href":"https:\/\/www.europesays.com\/fi\/wp-json\/wp\/v2\/tags?post=196676"}],"curies":[{"name":"wp","href":"https:\/\/api.w.org\/{rel}","templated":true}]}}