{"id":196854,"date":"2026-03-17T16:45:08","date_gmt":"2026-03-17T16:45:08","guid":{"rendered":"https:\/\/www.europesays.com\/fi\/196854\/"},"modified":"2026-03-17T16:45:08","modified_gmt":"2026-03-17T16:45:08","slug":"suomalaisyritys-esitteli-18-pyoraista-sahkomonkijaa-nyt-sita-epaillaan-torkeasta-pakoterikoksesta-kotimaa","status":"publish","type":"post","link":"https:\/\/www.europesays.com\/fi\/196854\/","title":{"rendered":"Suomalaisyritys esitteli 18-py\u00f6r\u00e4ist\u00e4 s\u00e4hk\u00f6\u00adm\u00f6nkij\u00e4\u00e4 \u2013 nyt sit\u00e4 ep\u00e4ill\u00e4\u00e4n t\u00f6rke\u00e4st\u00e4 pakote\u00adrikoksesta | Kotimaa"},"content":{"rendered":"<p class=\"aw-1gybjub aw-5vja16 kEtdKx kmuxyA yle__article__paragraph\">Takavarikon kohteena oleva yritys on esitellyt maailman ensimm\u00e4iseksi tituleerattua 18-py\u00f6r\u00e4ist\u00e4 s\u00e4hk\u00f6m\u00f6nkij\u00e4\u00e4.<\/p>\n<p><img decoding=\"async\" alt=\"Kuvakaappaus 18Wheels-sivustolta.\" src=\"https:\/\/www.europesays.com\/fi\/wp-content\/uploads\/2026\/03\/39-161304469b96849788d4.jpeg\" class=\"aw-1l9m598 hKVVvP\"\/><\/p>\n<p>Avaa kuvien katselu<\/p>\n<p>Tulli takavarikoi ven\u00e4l\u00e4isten johtaman yrityksen omaisuutta tammikuussa. Ylen tiedossa ei ole, liittyyk\u00f6 rikosep\u00e4ily yrityksen kansainv\u00e4lisess\u00e4 mediassa esittelem\u00e4\u00e4n 18-py\u00f6r\u00e4iseen s\u00e4hk\u00f6m\u00f6nkij\u00e4\u00e4n. Kuva: Kuvakaappaus 18Wheels-sivustolta<\/p>\n<p class=\"aw-1gybjub aw-1p7kakr kEtdKx cEmitX yle__article__paragraph\">Ven\u00e4l\u00e4isjohtoista yrityst\u00e4 ep\u00e4ill\u00e4\u00e4n Suomessa t\u00f6rke\u00e4st\u00e4 pakoterikoksesta.<\/p>\n<p class=\"aw-1gybjub aw-1p7kakr kEtdKx cEmitX yle__article__paragraph\">Helsingin k\u00e4r\u00e4j\u00e4oikeuden antamien tietojen mukaan ep\u00e4ilty pakoterikos on tapahtunut viime vuonna 27. marraskuuta. Tulli takavarikoi kyseisen 18 Wheels -nimisen yrityksen omaisuutta tammikuun alkupuolella.<\/p>\n<p class=\"aw-1gybjub aw-1p7kakr kEtdKx cEmitX yle__article__paragraph\">Yritys on esitellyt maailman ensimm\u00e4iseksi tituleeraamaansa 18-py\u00f6r\u00e4ist\u00e4 s\u00e4hk\u00f6m\u00f6nkij\u00e4\u00e4 mediassa ainakin Suomessa, Saksassa, Britanniassa ja Yhdysvalloissa. Ylen tiedossa ei ole, liittyyk\u00f6 rikosep\u00e4ily kyseiseen tuotteeseen.<\/p>\n<p class=\"aw-1gybjub aw-1p7kakr kEtdKx cEmitX yle__article__paragraph\">T\u00e4n\u00e4\u00e4n tiistaina 18 Wheelsin edustaja vaati Helsingin k\u00e4r\u00e4j\u00e4oikeutta kumoamaan takavarikon, mutta oikeus hylk\u00e4si vaatimuksen.<\/p>\n<p class=\"aw-1gybjub aw-1p7kakr kEtdKx cEmitX yle__article__paragraph\">Ylen selvityksen mukaan 18 Wheelsilla on kaksi vastuuhenkil\u00f6\u00e4, jotka ovat kaupparekisterin mukaan Ven\u00e4j\u00e4n kansalaisia.<\/p>\n<p class=\"aw-1gybjub aw-1p7kakr kEtdKx cEmitX yle__article__paragraph\">Toinen heist\u00e4 on 1970-luvulla syntynyt mies, joka on yrityksen osakas ja hallituksen puheenjohtaja. Hallituksen j\u00e4senen\u00e4 toimii 1980-luvulla syntynyt nainen.<\/p>\n<p class=\"aw-1gybjub aw-1p7kakr kEtdKx cEmitX yle__article__paragraph\">Yle soitti molemmille vastuuhenkil\u00f6ille. Nainen ohjasi englanniksi k\u00e4ydyss\u00e4 puhelussa soittamaan asiasta miehelle. Vain v\u00e4h\u00e4n englantia puhunut mies puolestaan pyysi toimittamaan kysymykset s\u00e4hk\u00f6postitse.<\/p>\n<p class=\"aw-1gybjub aw-1p7kakr kEtdKx cEmitX yle__article__paragraph\">Vuonna 2022 perustetun yrityksen kotipaikka Vantaa, mutta sen postiosoitteeksi on merkitty asuinkerrostalon huoneisto Helsingiss\u00e4.<\/p>\n<p>Tuore rikosnimike<\/p>\n<p class=\"aw-1gybjub aw-1p7kakr kEtdKx cEmitX yle__article__paragraph\">Pakoterikokset lis\u00e4ttiin rikoslakiin viime toukokuussa. Sit\u00e4 ennen pakotteiden rikkominen oli rangaistavaa s\u00e4\u00e4nn\u00f6stelyrikoksena.<\/p>\n<p class=\"aw-1gybjub aw-1p7kakr kEtdKx cEmitX yle__article__paragraph\">Pakotteiden rikkominen ei ollut aiemmin rangaistavaa tuottamuksesta eli huolimattomuudesta, vaan rikosoikeudellinen vastuu on edellytt\u00e4nyt tahallisuutta.<\/p>\n<p class=\"aw-1gybjub aw-1p7kakr kEtdKx cEmitX yle__article__paragraph\">Pakoterikoksesta voidaan tuomita paitsi tuottamuksellisena ja perusmuotoisena my\u00f6s t\u00f6rke\u00e4n\u00e4 tekomuotona.<\/p>\n<p class=\"aw-1gybjub aw-1p7kakr kEtdKx cEmitX yle__article__paragraph\">T\u00f6rke\u00e4ss\u00e4 pakoterikoksessa voi olla kyse esimerkiksi siit\u00e4, ett\u00e4 teon kohteena on puolustustarvike tai niin sanottu kaksik\u00e4ytt\u00f6tuote. Kaksik\u00e4ytt\u00f6tuote tarkoittee tuotetta, joka soveltuu sek\u00e4 siviili- ett\u00e4 sotilask\u00e4ytt\u00f6\u00f6n.<\/p>\n<p class=\"aw-1gybjub aw-1p7kakr kEtdKx cEmitX yle__article__paragraph\">T\u00f6rke\u00e4st\u00e4 pakoterikoksesta tuomittava enimm\u00e4israngaistus on viisi vuotta vankeutta.<\/p>\n<p class=\"aw-1gybjub aw-1p7kakr kEtdKx cEmitX yle__article__paragraph\">Yle ei tavoittanut yrityst\u00e4 k\u00e4r\u00e4j\u00e4oikeudessa edustanutta asianajajaa.<\/p>\n","protected":false},"excerpt":{"rendered":"Takavarikon kohteena oleva yritys on esitellyt maailman ensimm\u00e4iseksi tituleerattua 18-py\u00f6r\u00e4ist\u00e4 s\u00e4hk\u00f6m\u00f6nkij\u00e4\u00e4. Avaa kuvien katselu Tulli takavarikoi ven\u00e4l\u00e4isten johtaman&hellip;\n","protected":false},"author":2,"featured_media":196855,"comment_status":"","ping_status":"","sticky":false,"template":"","format":"standard","meta":{"footnotes":"","_share_on_mastodon":"0"},"categories":[12],"tags":[22,23,26,27,33,31,30,17,71,24,25,28,29,15,18,21,581,1263,32,19,20,4628,1168,16,547],"class_list":["post-196854","post","type-post","status-publish","format-standard","has-post-thumbnail","category-suomi","tag-breaking-news","tag-breakingnews","tag-featured-news","tag-featurednews","tag-fi","tag-finland","tag-finnish","tag-headlines","tag-kotimaa","tag-latest-news","tag-latestnews","tag-main-news","tag-mainnews","tag-news","tag-otsikot","tag-paauutiset","tag-rikokset","tag-rikosepailyt","tag-suomi","tag-top-stories","tag-topstories","tag-tulli","tag-uusimaa","tag-uutiset","tag-venaja"],"share_on_mastodon":{"url":"https:\/\/pubeurope.com\/@fi\/116245530222082797","error":""},"_links":{"self":[{"href":"https:\/\/www.europesays.com\/fi\/wp-json\/wp\/v2\/posts\/196854","targetHints":{"allow":["GET"]}}],"collection":[{"href":"https:\/\/www.europesays.com\/fi\/wp-json\/wp\/v2\/posts"}],"about":[{"href":"https:\/\/www.europesays.com\/fi\/wp-json\/wp\/v2\/types\/post"}],"author":[{"embeddable":true,"href":"https:\/\/www.europesays.com\/fi\/wp-json\/wp\/v2\/users\/2"}],"replies":[{"embeddable":true,"href":"https:\/\/www.europesays.com\/fi\/wp-json\/wp\/v2\/comments?post=196854"}],"version-history":[{"count":0,"href":"https:\/\/www.europesays.com\/fi\/wp-json\/wp\/v2\/posts\/196854\/revisions"}],"wp:featuredmedia":[{"embeddable":true,"href":"https:\/\/www.europesays.com\/fi\/wp-json\/wp\/v2\/media\/196855"}],"wp:attachment":[{"href":"https:\/\/www.europesays.com\/fi\/wp-json\/wp\/v2\/media?parent=196854"}],"wp:term":[{"taxonomy":"category","embeddable":true,"href":"https:\/\/www.europesays.com\/fi\/wp-json\/wp\/v2\/categories?post=196854"},{"taxonomy":"post_tag","embeddable":true,"href":"https:\/\/www.europesays.com\/fi\/wp-json\/wp\/v2\/tags?post=196854"}],"curies":[{"name":"wp","href":"https:\/\/api.w.org\/{rel}","templated":true}]}}