{"id":196910,"date":"2026-03-17T18:07:14","date_gmt":"2026-03-17T18:07:14","guid":{"rendered":"https:\/\/www.europesays.com\/fi\/196910\/"},"modified":"2026-03-17T18:07:14","modified_gmt":"2026-03-17T18:07:14","slug":"ylioppilaskirjoitusten-pisterajat-on-julkaistu-katso-paljonko-laudaturiin-vaadittiin-tana-syksyna-abitreenit","status":"publish","type":"post","link":"https:\/\/www.europesays.com\/fi\/196910\/","title":{"rendered":"Ylioppilaskirjoitusten piste\u00adrajat on julkaistu! Katso paljonko laudaturiin vaadittiin t\u00e4n\u00e4 syksyn\u00e4 | Abitreenit"},"content":{"rendered":"<p class=\"aw-1gybjub aw-5vja16 kEtdKx kmuxyA yle__article__paragraph\">Ylioppilastutkinto\u00adlautakunta on julkaissut syksyn 2025 pisterajat. Katso pisteraja\u00adkoneesta, miten kokeesi meni ja kerro meille kommenteissa, mit\u00e4 ajattelet syksyn kokeista.<\/p>\n<p>Video: Janika Koli \/ Yle<\/p>\n<p>13.11. 09:09\u2022P\u00e4ivitetty 13.11. 09:16<\/p>\n<p class=\"aw-1gybjub aw-am3gsa kEtdKx ZKIzy yle__accessibilityText\">Osa artikkelin sis\u00e4ll\u00f6st\u00e4 ei ole v\u00e4ltt\u00e4m\u00e4tt\u00e4 saavutettavissa esimerkiksi ruudunlukuohjelmalla.<\/p>\n<p class=\"aw-1gybjub aw-1p7kakr kEtdKx cEmitX yle__article__paragraph\">Katso alta t\u00e4m\u00e4n syksyn ylioppilaskirjoitusten pisterajat ja vertaa niit\u00e4 kahteen edelliseen kirjoituskertaan.<\/p>\n<p class=\"aw-1gybjub aw-1p7kakr kEtdKx cEmitX yle__article__paragraph\">\u00c4idinkielen ja kirjallisuuden lukutaidon kokeessa oli teknisi\u00e4 ongelmia, jotka johtivat <a class=\"aw-iao6s4 iHOxEa yle__article__link\" href=\"https:\/\/yle.fi\/a\/74-20183362\" role=\"link\" rel=\"nofollow noopener\" target=\"_blank\">kokeen keskeytymiseen useassa lukiossa<\/a>. YTL:n mukaan h\u00e4iri\u00f6tilanne ei vaikuttanut pisterajoihin, koska kokeiden arvostelussa huomioitiin poikkeukselliset koej\u00e4rjestelyt. Lyhennetyss\u00e4 kokeessa kokelas teki kahden teht\u00e4v\u00e4n sijaan vain yhden teht\u00e4v\u00e4n, ja siit\u00e4 saatu pistem\u00e4\u00e4r\u00e4 kerrottiin kahdella.<\/p>\n<p>Ylioppilaskokeiden pisterajat, syksy 2025<\/p>\n<p class=\"aw-1gybjub aw-1p7kakr kEtdKx cEmitX yle__article__paragraph\">Meniv\u00e4tk\u00f6 kev\u00e4\u00e4n yo-kokeet odotusten mukaan vai tuliko yll\u00e4tyksi\u00e4? Onko fiilis huojentunut vai pettynyt? Vastaa nopeaan kyselyyn ja kerro meille kokemuksistasi lis\u00e4\u00e4 jutun kommenteissa!<\/p>\n<p class=\"aw-1gybjub aw-1p7kakr kEtdKx cEmitX yle__article__paragraph\">Tutustu teht\u00e4viin ja treenaa seuraaviin kokeisiin! L\u00f6yd\u00e4t kaikki ylioppilaskokeet Abitreenien yo-koekoneesta.<\/p>\n","protected":false},"excerpt":{"rendered":"Ylioppilastutkinto\u00adlautakunta on julkaissut syksyn 2025 pisterajat. Katso pisteraja\u00adkoneesta, miten kokeesi meni ja kerro meille kommenteissa, mit\u00e4 ajattelet syksyn&hellip;\n","protected":false},"author":2,"featured_media":1437,"comment_status":"","ping_status":"","sticky":false,"template":"","format":"standard","meta":{"footnotes":"","_share_on_mastodon":"0"},"categories":[115],"tags":[794,33,31,30,455,793,791,454,118,32,119,1199,792],"class_list":["post-196910","post","type-post","status-publish","format-standard","has-post-thumbnail","category-fysiikka","tag-abitreenit","tag-fi","tag-finland","tag-finnish","tag-fysiikka","tag-lukio","tag-opiskelu","tag-physics","tag-science","tag-suomi","tag-tiede","tag-ylioppilaat","tag-ylioppilaskirjoitukset"],"share_on_mastodon":{"url":"https:\/\/pubeurope.com\/@fi\/116245852628660352","error":""},"_links":{"self":[{"href":"https:\/\/www.europesays.com\/fi\/wp-json\/wp\/v2\/posts\/196910","targetHints":{"allow":["GET"]}}],"collection":[{"href":"https:\/\/www.europesays.com\/fi\/wp-json\/wp\/v2\/posts"}],"about":[{"href":"https:\/\/www.europesays.com\/fi\/wp-json\/wp\/v2\/types\/post"}],"author":[{"embeddable":true,"href":"https:\/\/www.europesays.com\/fi\/wp-json\/wp\/v2\/users\/2"}],"replies":[{"embeddable":true,"href":"https:\/\/www.europesays.com\/fi\/wp-json\/wp\/v2\/comments?post=196910"}],"version-history":[{"count":0,"href":"https:\/\/www.europesays.com\/fi\/wp-json\/wp\/v2\/posts\/196910\/revisions"}],"wp:featuredmedia":[{"embeddable":true,"href":"https:\/\/www.europesays.com\/fi\/wp-json\/wp\/v2\/media\/1437"}],"wp:attachment":[{"href":"https:\/\/www.europesays.com\/fi\/wp-json\/wp\/v2\/media?parent=196910"}],"wp:term":[{"taxonomy":"category","embeddable":true,"href":"https:\/\/www.europesays.com\/fi\/wp-json\/wp\/v2\/categories?post=196910"},{"taxonomy":"post_tag","embeddable":true,"href":"https:\/\/www.europesays.com\/fi\/wp-json\/wp\/v2\/tags?post=196910"}],"curies":[{"name":"wp","href":"https:\/\/api.w.org\/{rel}","templated":true}]}}