{"id":1970,"date":"2025-08-11T19:35:07","date_gmt":"2025-08-11T19:35:07","guid":{"rendered":"https:\/\/www.europesays.com\/fi\/1970\/"},"modified":"2025-08-11T19:35:07","modified_gmt":"2025-08-11T19:35:07","slug":"puijon-pesiksen-valitus-hylattiin-yksimielisesti","status":"publish","type":"post","link":"https:\/\/www.europesays.com\/fi\/1970\/","title":{"rendered":"Puijon Pesiksen valitus hyl\u00e4ttiin yksimielisesti"},"content":{"rendered":"<p>Urheilun oikeusturvalautakunta p\u00e4\u00e4tti hyl\u00e4t\u00e4 yksimielisesti Puijon Pesiksen valituksen Arttu Vilanderin edustusoikeuteen liittyv\u00e4ss\u00e4 asiassa.<\/p>\n<p class=\"article-body margin-bottom-24 padding-x-16\">Urheilun oikeusturvalautakunta hylk\u00e4si yksimielisesti Puijon Pesiksen valituksen <a class=\"article-personlink\" href=\"https:\/\/www.kankaanpaanseutu.fi\/haku\/?query=Arttu%20Vilanderin\" rel=\"nofollow noopener\" target=\"_blank\">Arttu Vilanderin<\/a> edustuskelvottomuudesta.<\/p>\n<p class=\"article-body margin-bottom-24 padding-x-16\">Valitus koski Vilanderin edustusoikeutta miesten Ykk\u00f6spesiksen runkosarjan p\u00e4\u00e4t\u00f6skamppailussa Kankaanp\u00e4\u00e4n Maila \u2013 Sein\u00e4joen Maila-Jussit.<\/p>\n<p class=\"article-body margin-bottom-24 padding-x-16\">UOTL k\u00e4sitteli valituksen nopeasti noin vuorokaudessa. Instanssi lupaa kattavammat perustelut valituksen hylk\u00e4\u00e4misest\u00e4 l\u00e4hip\u00e4ivien aikana.<\/p>\n<p class=\"article-body margin-bottom-24 padding-x-16\">UOTL kertoi my\u00f6s, ett\u00e4 Puijon Pesiksen maksamaa valitusmaksua ei palauteta seuralle. Valitusmaksu urheiluseuroilta on 1200 euroa.<\/p>\n<p class=\"article-body margin-bottom-24 padding-x-16\">Urheilun oikeusturvalautakunta on vuonna 1991 perustettu urheiluj\u00e4rjest\u00f6ist\u00e4 riippumaton muutoksenhakuelin, joka k\u00e4sittelee urheiluun liittyvi\u00e4 valitusasioita.<\/p>\n<p class=\"article-body margin-bottom-24 padding-x-16\">Kankaanp\u00e4\u00e4n Maila aloittaa miesten Ykk\u00f6spesiksen pudotuspelit huomenna tiistaina kotikent\u00e4ll\u00e4\u00e4n juuri Puijon Pesist\u00e4 vastaan.<\/p>\n","protected":false},"excerpt":{"rendered":"Urheilun oikeusturvalautakunta p\u00e4\u00e4tti hyl\u00e4t\u00e4 yksimielisesti Puijon Pesiksen valituksen Arttu Vilanderin edustusoikeuteen liittyv\u00e4ss\u00e4 asiassa. Urheilun oikeusturvalautakunta hylk\u00e4si yksimielisesti Puijon&hellip;\n","protected":false},"author":2,"featured_media":1971,"comment_status":"","ping_status":"","sticky":false,"template":"","format":"standard","meta":{"footnotes":""},"categories":[158],"tags":[33,31,30,1510,159,32,160],"class_list":{"0":"post-1970","1":"post","2":"type-post","3":"status-publish","4":"format-standard","5":"has-post-thumbnail","7":"category-urheilu","8":"tag-fi","9":"tag-finland","10":"tag-finnish","11":"tag-kankaanpaan-seutu","12":"tag-sports","13":"tag-suomi","14":"tag-urheilu"},"share_on_mastodon":{"url":"","error":""},"_links":{"self":[{"href":"https:\/\/www.europesays.com\/fi\/wp-json\/wp\/v2\/posts\/1970","targetHints":{"allow":["GET"]}}],"collection":[{"href":"https:\/\/www.europesays.com\/fi\/wp-json\/wp\/v2\/posts"}],"about":[{"href":"https:\/\/www.europesays.com\/fi\/wp-json\/wp\/v2\/types\/post"}],"author":[{"embeddable":true,"href":"https:\/\/www.europesays.com\/fi\/wp-json\/wp\/v2\/users\/2"}],"replies":[{"embeddable":true,"href":"https:\/\/www.europesays.com\/fi\/wp-json\/wp\/v2\/comments?post=1970"}],"version-history":[{"count":0,"href":"https:\/\/www.europesays.com\/fi\/wp-json\/wp\/v2\/posts\/1970\/revisions"}],"wp:featuredmedia":[{"embeddable":true,"href":"https:\/\/www.europesays.com\/fi\/wp-json\/wp\/v2\/media\/1971"}],"wp:attachment":[{"href":"https:\/\/www.europesays.com\/fi\/wp-json\/wp\/v2\/media?parent=1970"}],"wp:term":[{"taxonomy":"category","embeddable":true,"href":"https:\/\/www.europesays.com\/fi\/wp-json\/wp\/v2\/categories?post=1970"},{"taxonomy":"post_tag","embeddable":true,"href":"https:\/\/www.europesays.com\/fi\/wp-json\/wp\/v2\/tags?post=1970"}],"curies":[{"name":"wp","href":"https:\/\/api.w.org\/{rel}","templated":true}]}}