{"id":19708,"date":"2025-08-29T12:03:08","date_gmt":"2025-08-29T12:03:08","guid":{"rendered":"https:\/\/www.europesays.com\/fi\/19708\/"},"modified":"2025-08-29T12:03:08","modified_gmt":"2025-08-29T12:03:08","slug":"emma-stone-teki-tunnustuksen-uskon-alieneihin","status":"publish","type":"post","link":"https:\/\/www.europesays.com\/fi\/19708\/","title":{"rendered":"Emma Stone teki tunnustuksen: &#8221;Uskon alieneihin&#8221;"},"content":{"rendered":"<p><a href=\"https:\/\/variety.com\/2025\/film\/festivals\/emma-stone-believes-in-aliens-bugonia-venice-press-conference-1236500554\/?fbclid=IwZXh0bgNhZW0CMTAAYnJpZBEwb0ZzV1JkU2JXVklmRGNRagEeC3qV5U3jFxbA7z-ssVAA86FdGg4kjafWWIr2iTVxqv97pOs_YJuNJu3Paa8_aem_dLWC0hH-aK2WMNWsgYb4Bg\" rel=\"nofollow noopener\" target=\"_blank\">Variety<\/a> kertoo, ett\u00e4 n\u00e4yttelij\u00e4 <strong>Emma Stone<\/strong> on tehnyt tunnustuksen Venetsian elokuvajuhlilla.<\/p>\n<p>Toimittaja kysyi Bugonia-elokuvan tiedostustilaisuudessa, uskooko n\u00e4yttelij\u00e4 maapallon ulkopuoliseen el\u00e4m\u00e4\u00e4n. Elokuvassa Stonen hahmoa ep\u00e4ill\u00e4\u00e4n alieniksi.<\/p>\n<p>\u201dEn tied\u00e4 katseleeko kukaan meit\u00e4, mutta yksi lempi-ihmisi\u00e4ni on astronomi Carl Sagan ja rakastuin h\u00e4nen filosofiaansa ja tieteeseens\u00e4\u201d, Stone aloitti.<\/p>\n<p>\u201dH\u00e4n uskoi syv\u00e4sti, ett\u00e4 emme ole yksin t\u00e4ss\u00e4 laajentuvassa universumissa. Ajatus on aika narsistinen. Joten kyll\u00e4, tulen ulos ja sanon sen \u00e4\u00e4neen. Uskon alieneihin!\u201d<\/p>\n<p><a href=\"https:\/\/www.episodi.fi\/uutiset\/poor-things-ohjaaja-lyo-kovaa-emma-stonea-epaillaan-alieniksi-katso-bugonian-traileri\/\" rel=\"nofollow noopener\" target=\"_blank\">Lue my\u00f6s: Poor Things -ohjaaja ly\u00f6 kovaa: Emma Stonea ep\u00e4ill\u00e4\u00e4n alieniksi \u2013 katso Bugonian traileri<\/a><\/p>\n<p>Lue my\u00f6s: <a href=\"https:\/\/www.episodi.fi\/uutiskirje\/?uutiskirjemainos=tekstilinkkimainos\" title=\"Tilaa Episodin uutiskirje ja voit voittaa leffalippuja! Nappaa tv-vinkit suoraan s\u00e4hk\u00f6postiin t\u00e4st\u00e4.\" class=\"underline-custom !font-montserrat !font-bold !underline-offset-4 !decoration-4 !decoration-episodi-blue !text-md\" rel=\"nofollow noopener\" target=\"_blank\">Tilaa Episodin uutiskirje ja voit voittaa leffalippuja! Nappaa katseluvinkit suoraan s\u00e4hk\u00f6postiin t\u00e4st\u00e4.<\/a><\/p>\n<p>\t\t\tAiheeseen liittyvi\u00e4 elokuvia<\/p>\n","protected":false},"excerpt":{"rendered":"Variety kertoo, ett\u00e4 n\u00e4yttelij\u00e4 Emma Stone on tehnyt tunnustuksen Venetsian elokuvajuhlilla. Toimittaja kysyi Bugonia-elokuvan tiedostustilaisuudessa, uskooko n\u00e4yttelij\u00e4 maapallon&hellip;\n","protected":false},"author":2,"featured_media":19184,"comment_status":"","ping_status":"","sticky":false,"template":"","format":"standard","meta":{"footnotes":""},"categories":[131],"tags":[2241,2737,2828,155,2122,137,33,173,31,30,6302,172,32,109],"class_list":{"0":"post-19708","1":"post","2":"type-post","3":"status-publish","4":"format-standard","5":"has-post-thumbnail","7":"category-elokuvat","8":"tag-alien","9":"tag-avaruuslento","10":"tag-bugonia","11":"tag-elokuvat","12":"tag-emma-stone","13":"tag-entertainment","14":"tag-fi","15":"tag-film","16":"tag-finland","17":"tag-finnish","18":"tag-ignostot","19":"tag-movies","20":"tag-suomi","21":"tag-viihde"},"share_on_mastodon":{"url":"","error":""},"_links":{"self":[{"href":"https:\/\/www.europesays.com\/fi\/wp-json\/wp\/v2\/posts\/19708","targetHints":{"allow":["GET"]}}],"collection":[{"href":"https:\/\/www.europesays.com\/fi\/wp-json\/wp\/v2\/posts"}],"about":[{"href":"https:\/\/www.europesays.com\/fi\/wp-json\/wp\/v2\/types\/post"}],"author":[{"embeddable":true,"href":"https:\/\/www.europesays.com\/fi\/wp-json\/wp\/v2\/users\/2"}],"replies":[{"embeddable":true,"href":"https:\/\/www.europesays.com\/fi\/wp-json\/wp\/v2\/comments?post=19708"}],"version-history":[{"count":0,"href":"https:\/\/www.europesays.com\/fi\/wp-json\/wp\/v2\/posts\/19708\/revisions"}],"wp:featuredmedia":[{"embeddable":true,"href":"https:\/\/www.europesays.com\/fi\/wp-json\/wp\/v2\/media\/19184"}],"wp:attachment":[{"href":"https:\/\/www.europesays.com\/fi\/wp-json\/wp\/v2\/media?parent=19708"}],"wp:term":[{"taxonomy":"category","embeddable":true,"href":"https:\/\/www.europesays.com\/fi\/wp-json\/wp\/v2\/categories?post=19708"},{"taxonomy":"post_tag","embeddable":true,"href":"https:\/\/www.europesays.com\/fi\/wp-json\/wp\/v2\/tags?post=19708"}],"curies":[{"name":"wp","href":"https:\/\/api.w.org\/{rel}","templated":true}]}}