{"id":197127,"date":"2026-03-18T00:07:07","date_gmt":"2026-03-18T00:07:07","guid":{"rendered":"https:\/\/www.europesays.com\/fi\/197127\/"},"modified":"2026-03-18T00:07:07","modified_gmt":"2026-03-18T00:07:07","slug":"murtovaras-iski-kultasepanliikkeeseen-heinolassa-onnistui-pakenemaan-poliisia-paijat-hame","status":"publish","type":"post","link":"https:\/\/www.europesays.com\/fi\/197127\/","title":{"rendered":"Murtovaras iski kultasep\u00e4nliikkeeseen Heinolassa \u2013 onnistui pakenemaan poliisia | P\u00e4ij\u00e4t-H\u00e4me"},"content":{"rendered":"<p class=\"aw-1gybjub aw-5vja16 kEtdKx kmuxyA yle__article__paragraph\">Varas murtautui liikkeeseen ly\u00f6m\u00e4ll\u00e4 lasin rikki astalolla.<\/p>\n<p class=\"aw-1gybjub aw-1p7kakr kEtdKx cEmitX yle__article__paragraph\">Murtovaras iski Heinolan keskustassa olevaan kultasep\u00e4nliikkeeseen tiistai-iltana.<\/p>\n<p class=\"aw-1gybjub aw-1p7kakr kEtdKx cEmitX yle__article__paragraph\">Varas murtautui liikkeeseen ly\u00f6m\u00e4ll\u00e4 lasin rikki astalolla.<\/p>\n<p class=\"aw-1gybjub aw-1p7kakr kEtdKx cEmitX yle__article__paragraph\">H\u00e4meen poliisin vanhempi konstaapeli <strong class=\"aw-ak79eh KyCXm yle__article__strong\">Petri Ikonen<\/strong> kertoo, ett\u00e4 ry\u00f6st\u00e4j\u00e4 onnistui pakenemaan poliisia.<\/p>\n<p class=\"aw-1gybjub aw-1p7kakr kEtdKx cEmitX yle__article__paragraph\">\u2013 Murtomiehen saaliista ei ole tietoa, sanoo Ikonen.<\/p>\n<p class=\"aw-1gybjub aw-1p7kakr kEtdKx cEmitX yle__article__paragraph\">Murto tapahtui noin puoli yhdeks\u00e4n aikaan.<\/p>\n<p class=\"aw-1gybjub aw-1p7kakr kEtdKx cEmitX yle__article__paragraph\">Ikosen mukaan ohikulkija ilmoitti havaitsemastaan murrosta h\u00e4t\u00e4keskukseen.<\/p>\n<p class=\"aw-1gybjub aw-1p7kakr kEtdKx cEmitX yle__article__paragraph\">H\u00e4meen poliisi jatkaa tapauksen selvitt\u00e4mist\u00e4 huomenna aamulla.<\/p>\n","protected":false},"excerpt":{"rendered":"Varas murtautui liikkeeseen ly\u00f6m\u00e4ll\u00e4 lasin rikki astalolla. Murtovaras iski Heinolan keskustassa olevaan kultasep\u00e4nliikkeeseen tiistai-iltana. Varas murtautui liikkeeseen ly\u00f6m\u00e4ll\u00e4&hellip;\n","protected":false},"author":2,"featured_media":74,"comment_status":"","ping_status":"","sticky":false,"template":"","format":"standard","meta":{"footnotes":"","_share_on_mastodon":"0"},"categories":[12],"tags":[22,23,26,27,33,31,30,17,3894,15518,71,24,25,28,29,2914,15,18,21,1268,52,1263,32,19,20,16],"class_list":["post-197127","post","type-post","status-publish","format-standard","has-post-thumbnail","category-suomi","tag-breaking-news","tag-breakingnews","tag-featured-news","tag-featurednews","tag-fi","tag-finland","tag-finnish","tag-headlines","tag-heinola","tag-kello-ja-kultasepanliikkeet","tag-kotimaa","tag-latest-news","tag-latestnews","tag-main-news","tag-mainnews","tag-murto","tag-news","tag-otsikot","tag-paauutiset","tag-paijat-hame","tag-poliisi","tag-rikosepailyt","tag-suomi","tag-top-stories","tag-topstories","tag-uutiset"],"share_on_mastodon":{"url":"https:\/\/pubeurope.com\/@fi\/116247268169693762","error":""},"_links":{"self":[{"href":"https:\/\/www.europesays.com\/fi\/wp-json\/wp\/v2\/posts\/197127","targetHints":{"allow":["GET"]}}],"collection":[{"href":"https:\/\/www.europesays.com\/fi\/wp-json\/wp\/v2\/posts"}],"about":[{"href":"https:\/\/www.europesays.com\/fi\/wp-json\/wp\/v2\/types\/post"}],"author":[{"embeddable":true,"href":"https:\/\/www.europesays.com\/fi\/wp-json\/wp\/v2\/users\/2"}],"replies":[{"embeddable":true,"href":"https:\/\/www.europesays.com\/fi\/wp-json\/wp\/v2\/comments?post=197127"}],"version-history":[{"count":0,"href":"https:\/\/www.europesays.com\/fi\/wp-json\/wp\/v2\/posts\/197127\/revisions"}],"wp:featuredmedia":[{"embeddable":true,"href":"https:\/\/www.europesays.com\/fi\/wp-json\/wp\/v2\/media\/74"}],"wp:attachment":[{"href":"https:\/\/www.europesays.com\/fi\/wp-json\/wp\/v2\/media?parent=197127"}],"wp:term":[{"taxonomy":"category","embeddable":true,"href":"https:\/\/www.europesays.com\/fi\/wp-json\/wp\/v2\/categories?post=197127"},{"taxonomy":"post_tag","embeddable":true,"href":"https:\/\/www.europesays.com\/fi\/wp-json\/wp\/v2\/tags?post=197127"}],"curies":[{"name":"wp","href":"https:\/\/api.w.org\/{rel}","templated":true}]}}