{"id":19715,"date":"2025-08-29T12:09:09","date_gmt":"2025-08-29T12:09:09","guid":{"rendered":"https:\/\/www.europesays.com\/fi\/19715\/"},"modified":"2025-08-29T12:09:09","modified_gmt":"2025-08-29T12:09:09","slug":"suuri-vakuutusalan-kauppa-toteutui-nain-se-vaikuttaa-tyontekijoihin-ja-asiakkaisiin","status":"publish","type":"post","link":"https:\/\/www.europesays.com\/fi\/19715\/","title":{"rendered":"Suuri vakuutusalan kauppa toteutui, n\u00e4in se vaikuttaa ty\u00f6ntekij\u00f6ihin ja asiakkaisiin"},"content":{"rendered":"<p class=\"ai-optimize-6 ai-optimize-introduction\">S\u00e4\u00e4st\u00f6pankkiryhm\u00e4 on myynyt Sp-Henkivakuutus Oy:n koko osakekannan Henki-Fennialle.\u202fS\u00e4\u00e4st\u00f6pankkiryhm\u00e4 kertoo asiasta tiedotteessa.<\/p>\n<p class=\"ai-optimize-7\">Kauppa on toteutunut suunnitellusti 29. elokuuta 2025, jonka yhteydess\u00e4 S\u00e4\u00e4st\u00f6pankkiryhm\u00e4 ja Henki-Fennia aloittavat pitk\u00e4aikaisen vakuutuss\u00e4\u00e4st\u00e4mist\u00e4 ja lainaturvaa koskevan jakeluyhteisty\u00f6n.<\/p>\n<p class=\"ai-optimize-8\">S\u00e4\u00e4st\u00f6pankkiryhm\u00e4 ja Fennia tiedottivat 11. huhtikuuta vakuutuss\u00e4\u00e4st\u00e4misen ja lainaturvan jakeluyhteisty\u00f6n aloittamisesta sek\u00e4 yrityskaupasta. Kauppa on nyt toteutunut, jonka my\u00f6t\u00e4 S\u00e4\u00e4st\u00f6pankkiryhm\u00e4 on myynyt Sp-Henkivakuutus Oy:n koko osakekannan Henki-Fennialle.<\/p>\n<p class=\"ai-optimize-9\">Aloitettu yhteisty\u00f6 ja nyt toteutunut yrityskauppa on osa S\u00e4\u00e4st\u00f6pankkiryhm\u00e4n kes\u00e4ll\u00e4 2024 hyv\u00e4ksytty\u00e4 uutta strategiaa, jonka tavoitteena on vahva kasvu ja alan paras asiakaspalvelu. Kauppa vapauttaa p\u00e4\u00e4omia strategisiin investointeihin ja vahvistaa ryhm\u00e4n mahdollisuuksia kehitt\u00e4\u00e4 palveluitaan entisest\u00e4\u00e4n ja sill\u00e4 arvioidaan olevan positiivinen vaikutus S\u00e4\u00e4st\u00f6pankkiryhm\u00e4n vuoden 2025 tilikauden tulokseen.<\/p>\n<p class=\"ai-optimize-9\">\u2013 Kauppa on nyt toteutunut ja sen my\u00f6t\u00e4 S\u00e4\u00e4st\u00f6pankkiryhm\u00e4n ja Fennian yhteisty\u00f6 p\u00e4\u00e4see k\u00e4ynnistym\u00e4\u00e4n odotetusti. Yhteisty\u00f6mme Fennian kanssa vahvistaa mahdollisuuksiamme panostaa tuotekehitykseen ja laajentaa tuotevalikoimaa, mist\u00e4 my\u00f6s asiakkaamme hy\u00f6tyv\u00e4t. Fennia on paras mahdollinen kumppani S\u00e4\u00e4st\u00f6pankkiryhm\u00e4lle, sill\u00e4 t\u00e4ydenn\u00e4mme toisiamme, kertoo S\u00e4\u00e4st\u00f6pankkiliiton toimitusjohtaja <strong>Kai Koskela<\/strong> tiedotteessa.<\/p>\n<p class=\"ai-optimize-11\">Kaupan toteuduttua Sp-Henkivakuutuksen ty\u00f6ntekij\u00e4t vahvistavat fennialaisten vankkaa henkivakuutusosaamista. Asiakkaalle kauppa ei tuo muutoksia, sill\u00e4 S\u00e4\u00e4st\u00f6pankit tarjoavat jatkossakin lainaturva- ja vakuutuss\u00e4\u00e4st\u00e4misen tuotteita ja asiakkaat voivat asioida tutussa S\u00e4\u00e4st\u00f6pankissaan kuten ennenkin.<\/p>\n<p class=\"ai-optimize-12\">Henki-Fennia, joka on Fennian tyt\u00e4ryhti\u00f6 ja erikoistunut vapaaehtoisiin henki-, el\u00e4ke- ja s\u00e4\u00e4st\u00f6vakuutuksiin, omistaa nyt kokonaan Sp-Henkivakuutuksen. Fennian tavoitteena on kasvattaa henkivakuutusliiketoimintaansa ja kehitt\u00e4\u00e4 asiakasl\u00e4ht\u00f6isi\u00e4 ratkaisuja taloudelliseen turvaan.<\/p>\n<p class=\"ai-optimize-13\">\u2013 Tavoittelemme henkivakuutusliiketoiminnassa kasvua ja meill\u00e4 on jo hyvi\u00e4 kokemuksia onnistuneista liiketoimintakaupoista. T\u00e4m\u00e4 kauppa ja jakeluyhteisty\u00f6 S\u00e4\u00e4st\u00f6pankkiryhm\u00e4n kanssa on yksi t\u00e4rke\u00e4 kasvun mahdollistaja, joka auttaa meit\u00e4 kehitt\u00e4m\u00e4\u00e4n toimintaamme ja palveluja asiakkaillemme, sanoo Henki-Fennian toimitusjohtaja <strong>Johanna Ahvenainen<\/strong>.<\/p>\n<p class=\"ai-optimize-14\">\u2013 Haluan toivottaa niin Sp-Henkivakuutuksen henkil\u00f6st\u00f6n kuin asiakkaatkin l\u00e4mpim\u00e4sti tervetulleiksi meille Fennia-konserniin. Olemme iloisia, ett\u00e4 saamme S\u00e4\u00e4st\u00f6pankkiryhm\u00e4st\u00e4 kaupan my\u00f6t\u00e4 henkivakuuttamiseen uuden, arvoihimme hienosti sopivan yhteisty\u00f6kumppanin, jatkaa Fennian toimitusjohtaja <strong>Hanna Hartikainen<\/strong>.<\/p>\n","protected":false},"excerpt":{"rendered":"S\u00e4\u00e4st\u00f6pankkiryhm\u00e4 on myynyt Sp-Henkivakuutus Oy:n koko osakekannan Henki-Fennialle.\u202fS\u00e4\u00e4st\u00f6pankkiryhm\u00e4 kertoo asiasta tiedotteessa. Kauppa on toteutunut suunnitellusti 29. elokuuta 2025,&hellip;\n","protected":false},"author":2,"featured_media":19716,"comment_status":"","ping_status":"","sticky":false,"template":"","format":"standard","meta":{"footnotes":""},"categories":[76],"tags":[79,77,33,31,30,32,78,6981],"class_list":{"0":"post-19715","1":"post","2":"type-post","3":"status-publish","4":"format-standard","5":"has-post-thumbnail","7":"category-talous","8":"tag-business","9":"tag-economy","10":"tag-fi","11":"tag-finland","12":"tag-finnish","13":"tag-suomi","14":"tag-talous","15":"tag-vakuutus"},"share_on_mastodon":{"url":"","error":""},"_links":{"self":[{"href":"https:\/\/www.europesays.com\/fi\/wp-json\/wp\/v2\/posts\/19715","targetHints":{"allow":["GET"]}}],"collection":[{"href":"https:\/\/www.europesays.com\/fi\/wp-json\/wp\/v2\/posts"}],"about":[{"href":"https:\/\/www.europesays.com\/fi\/wp-json\/wp\/v2\/types\/post"}],"author":[{"embeddable":true,"href":"https:\/\/www.europesays.com\/fi\/wp-json\/wp\/v2\/users\/2"}],"replies":[{"embeddable":true,"href":"https:\/\/www.europesays.com\/fi\/wp-json\/wp\/v2\/comments?post=19715"}],"version-history":[{"count":0,"href":"https:\/\/www.europesays.com\/fi\/wp-json\/wp\/v2\/posts\/19715\/revisions"}],"wp:featuredmedia":[{"embeddable":true,"href":"https:\/\/www.europesays.com\/fi\/wp-json\/wp\/v2\/media\/19716"}],"wp:attachment":[{"href":"https:\/\/www.europesays.com\/fi\/wp-json\/wp\/v2\/media?parent=19715"}],"wp:term":[{"taxonomy":"category","embeddable":true,"href":"https:\/\/www.europesays.com\/fi\/wp-json\/wp\/v2\/categories?post=19715"},{"taxonomy":"post_tag","embeddable":true,"href":"https:\/\/www.europesays.com\/fi\/wp-json\/wp\/v2\/tags?post=19715"}],"curies":[{"name":"wp","href":"https:\/\/api.w.org\/{rel}","templated":true}]}}