{"id":197221,"date":"2026-03-18T02:56:12","date_gmt":"2026-03-18T02:56:12","guid":{"rendered":"https:\/\/www.europesays.com\/fi\/197221\/"},"modified":"2026-03-18T02:56:12","modified_gmt":"2026-03-18T02:56:12","slug":"conan-obrien-sivalsi-netflixin-toimitusjohtajaa-oscar-gaalassa-uutissuomalainen","status":"publish","type":"post","link":"https:\/\/www.europesays.com\/fi\/197221\/","title":{"rendered":"Conan O&#8217;Brien sivalsi Netflixin toimitusjohtajaa Oscar-gaalassa | Uutissuomalainen"},"content":{"rendered":"<p>Oscar-gaalan juontanut koomikko <strong>Conan O&#8217;Brien<\/strong> sivalsi juonnossaan suoratoistopalvelu Netflixin toimitusjohtaja <strong>Ted Sarandosia<\/strong>.<\/p>\n<p>\u2013\u2009Netflixin toimitusjohtaja Ted Sarandos on t\u00e4\u00e4ll\u00e4, ja se on j\u00e4nnitt\u00e4v\u00e4\u00e4! T\u00e4m\u00e4 on h\u00e4nen ensimm\u00e4inen kertansa teatterissa! O&#8217;Brien sanoi.<\/p>\n<p>Gaala j\u00e4rjestettiin Dolby Theatressa Los Angelesissa.<\/p>\n<p>\u2013 T\u00e4st\u00e4 kaikki siis puhuvat. Miksi he ovat kaikki yhdess\u00e4 nauttimassa? Heid\u00e4n pit\u00e4isi olla kotona yksin\u00e4\u00e4n, jotta voisin kaupallistaa t\u00e4m\u00e4n, O&#8217;Brien esitti Sarandosin ajattelevan.<\/p>\n<p>Sarandos ei n\u00e4ytt\u00e4nyt ottavan vitsailusta pahakseen, vaan kameran kuvatessa h\u00e4nt\u00e4 h\u00e4n nauroi ja taputti.<\/p>\n<p>Katso video tapahtuneesta alta.<\/p>\n<blockquote class=\"twitter-tweet\" data-media-max-width=\"560\">\n<p lang=\"en\" dir=\"ltr\">Conan O&#8217;Brien mocks Netflix co-CEO Ted Sarandos for not sending films to movie theaters:<\/p>\n<p>\u201cWhy are they all together enjoying themselves. They should be home alone where I can monetize it\u201d <a href=\"https:\/\/t.co\/ut8EJfRmqC\" rel=\"nofollow\">pic.twitter.com\/ut8EJfRmqC<\/a><\/p>\n<p>\u2014 DiscussingFilm (@DiscussingFilm) <a href=\"https:\/\/twitter.com\/DiscussingFilm\/status\/2033324225046380836?ref_src=twsrc%5Etfw\" rel=\"nofollow noopener\" target=\"_blank\">March 15, 2026<\/a><\/p><\/blockquote>\n<p><strong class=\"diks-storyline__impact\">Kommentillaan O&#8217;Brien viittaa<\/strong> todenn\u00e4k\u00f6isesti Netflixin toimintamalliin, jossa se tuottaa elokuvia suoraan omaan palveluunsa eik\u00e4 ensin levit\u00e4 elokuvia elokuvateattereissa.<\/p>\n<p>\t\t<a class=\"diks-gallery__link\" href=\"https:\/\/www.uutissuomalainen.fi\/incoming\/c0daty\/29.13834068.jpg\/alternates\/FREE_1440\/29.13834068.jpg\" data-thumbnail=\"\" data-sub-html=\"Netflixin toimitusjohtaja Ted Sarandos osallistui gaalaan puolisonsa, entisen Yhdysvaltain Bahaman-suurl\u00e4hettil\u00e4\u00e4n Nicole Avantin kanssa. Nykyisin Avant on my\u00f6s tuottaja. EPA\/RYAN SUN\/AOP\" aria-label=\"Katso isompi kuva\" rel=\"nofollow noopener\" target=\"_blank\"><br \/>\n\t\t\t\t<img class=\"diks-figure__image\" src=\"https:\/\/www.europesays.com\/fi\/wp-content\/uploads\/2026\/03\/29.13834068.jpg\" loading=\"lazy\" decoding=\"sync\" alt=\"\"\/><\/p>\n<p>\t\t\t<\/a><br \/>\n\t\t\t\t\tNetflixin toimitusjohtaja Ted Sarandos osallistui gaalaan puolisonsa, entisen Yhdysvaltain Bahaman-suurl\u00e4hettil\u00e4\u00e4n Nicole Avantin kanssa. Nykyisin Avant on my\u00f6s tuottaja. EPA\/RYAN SUN\/AOP<\/p>\n<p>Oscar-gaala j\u00e4rjestettiin 98. kerran maanantain vastaisena y\u00f6n\u00e4 Suomen aikaa.<\/p>\n<p>\t\t\t\t\t\t\t\t<script async src=\"https:\/\/platform.twitter.com\/widgets.js\" charset=\"utf-8\"><\/script><\/p>\n","protected":false},"excerpt":{"rendered":"Oscar-gaalan juontanut koomikko Conan O&#8217;Brien sivalsi juonnossaan suoratoistopalvelu Netflixin toimitusjohtaja Ted Sarandosia. \u2013\u2009Netflixin toimitusjohtaja Ted Sarandos on t\u00e4\u00e4ll\u00e4,&hellip;\n","protected":false},"author":2,"featured_media":197222,"comment_status":"","ping_status":"","sticky":false,"template":"","format":"standard","meta":{"footnotes":"","_share_on_mastodon":"0"},"categories":[136],"tags":[407,137,33,31,30,2118,408,2121,217,21570,32,2120,140,2117,109],"class_list":["post-197221","post","type-post","status-publish","format-standard","has-post-thumbnail","category-julkkikset","tag-celebrities","tag-entertainment","tag-fi","tag-finland","tag-finnish","tag-internetvideopalvelut","tag-julkkikset","tag-median-suoratoisto","tag-netflix","tag-oscar-gaala","tag-suomi","tag-tilausvideo-video-on-demand","tag-tv-ja-elokuvat","tag-videon-suoratoisto","tag-viihde"],"share_on_mastodon":{"url":"https:\/\/pubeurope.com\/@fi\/116247932787534245","error":""},"_links":{"self":[{"href":"https:\/\/www.europesays.com\/fi\/wp-json\/wp\/v2\/posts\/197221","targetHints":{"allow":["GET"]}}],"collection":[{"href":"https:\/\/www.europesays.com\/fi\/wp-json\/wp\/v2\/posts"}],"about":[{"href":"https:\/\/www.europesays.com\/fi\/wp-json\/wp\/v2\/types\/post"}],"author":[{"embeddable":true,"href":"https:\/\/www.europesays.com\/fi\/wp-json\/wp\/v2\/users\/2"}],"replies":[{"embeddable":true,"href":"https:\/\/www.europesays.com\/fi\/wp-json\/wp\/v2\/comments?post=197221"}],"version-history":[{"count":0,"href":"https:\/\/www.europesays.com\/fi\/wp-json\/wp\/v2\/posts\/197221\/revisions"}],"wp:featuredmedia":[{"embeddable":true,"href":"https:\/\/www.europesays.com\/fi\/wp-json\/wp\/v2\/media\/197222"}],"wp:attachment":[{"href":"https:\/\/www.europesays.com\/fi\/wp-json\/wp\/v2\/media?parent=197221"}],"wp:term":[{"taxonomy":"category","embeddable":true,"href":"https:\/\/www.europesays.com\/fi\/wp-json\/wp\/v2\/categories?post=197221"},{"taxonomy":"post_tag","embeddable":true,"href":"https:\/\/www.europesays.com\/fi\/wp-json\/wp\/v2\/tags?post=197221"}],"curies":[{"name":"wp","href":"https:\/\/api.w.org\/{rel}","templated":true}]}}