{"id":197456,"date":"2026-03-18T09:28:10","date_gmt":"2026-03-18T09:28:10","guid":{"rendered":"https:\/\/www.europesays.com\/fi\/197456\/"},"modified":"2026-03-18T09:28:10","modified_gmt":"2026-03-18T09:28:10","slug":"kiti-kokkosen-uusi-elamanvaihe-perheen-pienimmilla-uudet-tuulet","status":"publish","type":"post","link":"https:\/\/www.europesays.com\/fi\/197456\/","title":{"rendered":"Kiti Kokkosen uusi el\u00e4m\u00e4nvaihe: perheen pienimmill\u00e4 uudet tuulet"},"content":{"rendered":"<p>\n            \u2013 Olen yritt\u00e4nyt kirjoittaa kappaleita mieheni yhtyeille, mutta ne ovat olleet ilmeisesti niin huonoja ja korneja, etteiv\u00e4t ne ole menneet l\u00e4pi. Ehk\u00e4 haen omilla kappaleillani Euroviisuihin, Kiti vitsailee.<br \/>\n            Matti Matikainen\n        <\/p>\n<p class=\"subtitle \">Kiti Kokkosen arki t\u00e4yttyy perheenj\u00e4senten uusista tuulista ja karvaisista kavereista.<\/p>\n<p class=\"article-content article-content-width !bg-background\">Suosikkin\u00e4yttelij\u00e4 ja teatterinjohtaja , 51, taloudessa puhaltavat uudet tuulet, kun bonustytt\u00e4rell\u00e4 on alkamassa uusi el\u00e4m\u00e4nvaihe.<\/p>\n<p class=\"font-weight-bold m-font-weight-bold article-content article-content-width !bg-background\">Video: Kiti Kokkosen el\u00e4m\u00e4nmuutos<\/p>\n<p class=\"article-content article-content-width !bg-background\">Kitill\u00e4 on takana ty\u00f6nt\u00e4yteinen talvi, mutta juuri nyt t\u00e4hden el\u00e4m\u00e4ss\u00e4 puhaltavat uudet tuulet. Tanhupallonakin muistettu Kiti on tunnettu kyvyst\u00e4\u00e4n naurattaa kansaa.\u00a0<\/p>\n<p class=\"article-content article-content-width !bg-background\">Kotiovien sis\u00e4puolella vallitsee vakaa arki, jota rytmitt\u00e4v\u00e4t niin perheen nuorison saavutukset kuin nelijalkaiset yst\u00e4v\u00e4tkin.<\/p>\n<p>        <a itemprop=\"url\" href=\"https:\/\/www.seiska.fi\/kotimaa\/kiti-kokkonen-kiusallinen-terveyshuoli-piinaa-kuva-ei-herkille\/1990640\" rel=\"nofollow noopener\" target=\"_blank\"><\/p>\n<p>\nKuva ei herkille!\n<\/p>\n<p class=\"section-date\">\n        <strong class=\"article-section\" data-section=\"kotimaa\"><br \/>\n            kotimaa<br \/>\n        <\/strong><br \/>\n        12.11.2025 11:04\n    <\/p>\n<p>Kiti Kokkonen: Kiusallinen terveyshuoli piinaa \u2013 kuva ei herkille\n    <\/p>\n<p itemprop=\"description\" class=\"subtitle \">\n    Kiti Kokkonen kertoo k\u00e4rsineens\u00e4 jo pitk\u00e4\u00e4n terveysongelmista.\n<\/p>\n<p>        <\/a><\/p>\n<p>Ylioppilasjuhlien odotusta ja uusia alkuja<\/p>\n<p class=\"article-content article-content-width !bg-background\">Kitin el\u00e4m\u00e4ss\u00e4 on parhaillaan k\u00e4ynniss\u00e4 uusi vaihe, kun h\u00e4nen bonustytt\u00e4rens\u00e4 valmistautuu el\u00e4m\u00e4ns\u00e4 t\u00e4rke\u00e4\u00e4n virstanpylv\u00e4\u00e4seen: Nuori nainen kirjoittaa parhaillaan ylioppilaaksi.<\/p>\n<p class=\"article-content article-content-width !bg-background\">Vaikka moni saattaa mielt\u00e4\u00e4 uusperhe-el\u00e4m\u00e4n haasteelliseksi, Kiti kuvailee heid\u00e4n tilannettaan eritt\u00e4in toimivaksi ja s\u00e4\u00e4nn\u00f6lliseksi. Perheess\u00e4 noudatetaan selke\u00e4\u00e4 rytmi\u00e4: kaksi viikkoa vietet\u00e4\u00e4n yhdess\u00e4 ja kaksi viikkoa erill\u00e4\u00e4n.<\/p>\n<p class=\"article-content article-content-width !bg-background\">\u2013 H\u00e4n kirjoittaa nyt ylioppilaaksi parhaillaan.\u00a0H\u00e4n on jo sen ik\u00e4inen, Kiti kertoo iloisesti Seiskan haastattelussa.<\/p>\n<p>                <img decoding=\"async\" src=\"https:\/\/www.europesays.com\/fi\/wp-content\/uploads\/2026\/03\/2104351.webp.jpeg\" width=\"576\" height=\"274\" alt=\"Kitin kotiel\u00e4m\u00e4 on tasaista ja s\u00e4\u00e4nn\u00f6llist\u00e4. H\u00e4nen miehens\u00e4 Olavi Tikan tyt\u00e4r k\u00e4y asuu heill\u00e4 osan aikaa kuusta.\" loading=\"lazy\" \/>            <\/p>\n<p>\n            Kitin kotiel\u00e4m\u00e4 on tasaista ja s\u00e4\u00e4nn\u00f6llist\u00e4. H\u00e4nen miehens\u00e4 Olavi Tikan tyt\u00e4r k\u00e4y asuu heill\u00e4 osan aikaa kuusta.<br \/>\n            Atte Kajova\n        <\/p>\n<p>        <a itemprop=\"url\" href=\"https:\/\/www.seiska.fi\/kotimaa\/ellen-jokikunnas-avoimena-adoptiolapsen-traumoista\/2069475\" rel=\"nofollow noopener\" target=\"_blank\"><\/p>\n<p>\nEllen Jokikunnas\n<\/p>\n<p class=\"section-date\">\n        <strong class=\"article-section\" data-section=\"kotimaa\"><br \/>\n            kotimaa<br \/>\n        <\/strong><br \/>\n        10.2. 07:00\n    <\/p>\n<p>Ellen Jokikunnas avoimena adoptiolapsen traumoista\n    <\/p>\n<p itemprop=\"description\" class=\"subtitle \">\n    Perheen uusi tilanne n\u00e4kyy my\u00f6s avioliitossa.\n<\/p>\n<p>        <\/a><\/p>\n<p>Karvaiset rakkausperheenj\u00e4senet valloittavat somen<\/p>\n<p class=\"article-content article-content-width !bg-background\">Ty\u00f6kiireet pit\u00e4v\u00e4t Kitin liikkeess\u00e4, mutta tasapaino l\u00f6ytyy kotoa. Kotona teht\u00e4v\u00e4t et\u00e4ty\u00f6t mahdollistavat sen, ett\u00e4 h\u00e4n saa viett\u00e4\u00e4 laatuaikaa perheen kissojen kanssa.,<\/p>\n<p class=\"article-content article-content-width !bg-background\"> \u2013 Ne on meid\u00e4n rakkausperheenj\u00e4senet, Kiti kertoo. <\/p>\n<p class=\"article-content article-content-width !bg-background\">Aimo ja Lilja ovat nousseet todellisiksi some-t\u00e4hdiksi Kitin Instagramissa. N\u00e4m\u00e4 kaksi hurmuria ovat Kitille enemm\u00e4n kuin pelkki\u00e4 lemmikkej\u00e4.<\/p>\n<p class=\"article-content article-content-width !bg-background\">\u2013 Teen aika paljon t\u00f6it\u00e4, mutta olen kuitenkin jonkun verran et\u00e4t\u00f6iss\u00e4 kotonakin, ett\u00e4 n\u00e4en tietenkin p\u00e4ivitt\u00e4in niit\u00e4 kissoja, Kiti kertoo onnellisena.<\/p>\n<p class=\"article-content article-content-width !bg-background\">Kiti t\u00e4hditt\u00e4\u00e4 syksyll\u00e4 Suomen Komediateatterin Huumorivekkulit vauhdissa -revyyt\u00e4.<\/p>\n<p>        <a itemprop=\"url\" href=\"https:\/\/www.seiska.fi\/kotimaa\/tarja-halonen-suru-uutisen-jalkeen-uusi-onni\/2041879\" rel=\"nofollow noopener\" target=\"_blank\"><\/p>\n<p>\nPerheyll\u00e4tys Tarja Haloselta:\n<\/p>\n<p class=\"section-date\">\n        <strong class=\"article-section\" data-section=\"kotimaa\"><br \/>\n            kotimaa<br \/>\n        <\/strong><br \/>\n        11.1. 12:00\n    <\/p>\n<p>Tarja Halonen: Suru-uutisen j\u00e4lkeen uusi onni\n    <\/p>\n<p itemprop=\"description\" class=\"subtitle \">\n    Yksi ajanjakso presidentti Halosen el\u00e4m\u00e4ss\u00e4 on p\u00e4\u00e4ttynyt kaikessa hiljaisuudessa.\n<\/p>\n<p>        <\/a><\/p>\n","protected":false},"excerpt":{"rendered":"\u2013 Olen yritt\u00e4nyt kirjoittaa kappaleita mieheni yhtyeille, mutta ne ovat olleet ilmeisesti niin huonoja ja korneja, etteiv\u00e4t ne&hellip;\n","protected":false},"author":2,"featured_media":197457,"comment_status":"","ping_status":"","sticky":false,"template":"","format":"standard","meta":{"footnotes":"","_share_on_mastodon":"0"},"categories":[136],"tags":[407,137,33,31,30,408,26891,2850,98,3180,32,3489,10949,109,4410],"class_list":["post-197456","post","type-post","status-publish","format-standard","has-post-thumbnail","category-julkkikset","tag-celebrities","tag-entertainment","tag-fi","tag-finland","tag-finnish","tag-julkkikset","tag-kissat","tag-kiti-kokkonen","tag-perhe","tag-suomen-komediateatteri","tag-suomi","tag-tytar","tag-uusperhe","tag-viihde","tag-ylioppilasjuhlat"],"share_on_mastodon":{"url":"https:\/\/pubeurope.com\/@fi\/116249474233061142","error":""},"_links":{"self":[{"href":"https:\/\/www.europesays.com\/fi\/wp-json\/wp\/v2\/posts\/197456","targetHints":{"allow":["GET"]}}],"collection":[{"href":"https:\/\/www.europesays.com\/fi\/wp-json\/wp\/v2\/posts"}],"about":[{"href":"https:\/\/www.europesays.com\/fi\/wp-json\/wp\/v2\/types\/post"}],"author":[{"embeddable":true,"href":"https:\/\/www.europesays.com\/fi\/wp-json\/wp\/v2\/users\/2"}],"replies":[{"embeddable":true,"href":"https:\/\/www.europesays.com\/fi\/wp-json\/wp\/v2\/comments?post=197456"}],"version-history":[{"count":0,"href":"https:\/\/www.europesays.com\/fi\/wp-json\/wp\/v2\/posts\/197456\/revisions"}],"wp:featuredmedia":[{"embeddable":true,"href":"https:\/\/www.europesays.com\/fi\/wp-json\/wp\/v2\/media\/197457"}],"wp:attachment":[{"href":"https:\/\/www.europesays.com\/fi\/wp-json\/wp\/v2\/media?parent=197456"}],"wp:term":[{"taxonomy":"category","embeddable":true,"href":"https:\/\/www.europesays.com\/fi\/wp-json\/wp\/v2\/categories?post=197456"},{"taxonomy":"post_tag","embeddable":true,"href":"https:\/\/www.europesays.com\/fi\/wp-json\/wp\/v2\/tags?post=197456"}],"curies":[{"name":"wp","href":"https:\/\/api.w.org\/{rel}","templated":true}]}}