{"id":19750,"date":"2025-08-29T12:53:07","date_gmt":"2025-08-29T12:53:07","guid":{"rendered":"https:\/\/www.europesays.com\/fi\/19750\/"},"modified":"2025-08-29T12:53:07","modified_gmt":"2025-08-29T12:53:07","slug":"viivi-pumpanen-palasi-salkkareihin-katsojat-villiintyivat","status":"publish","type":"post","link":"https:\/\/www.europesays.com\/fi\/19750\/","title":{"rendered":"Viivi Pumpanen palasi Salkkareihin \u2013 katsojat villiintyiv\u00e4t"},"content":{"rendered":"<p class=\"no_italic m-no_italic article-content article-content-width !bg-background\">Juontaja <a alt=\"Haku\" class=\"text-primary-red font-extrabold\" href=\"https:\/\/www.seiska.fi\/haku?q=Viivi Pumpanen\" rel=\"nofollow noopener\" target=\"_blank\">Viivi Pumpanen<\/a> teki paluun Salatut el\u00e4m\u00e4t -sarjaan t\u00e4ll\u00e4 viikolla. Salkkarit-fanit ovat innoissaan uutisesta.\u00a0\u00a0<\/p>\n<p class=\"italic m-italic article-content article-content-width !bg-background\">Video: Kuka flexaa nyt? Salatut el\u00e4m\u00e4t -n\u00e4yttelij\u00e4t.\u00a0<\/p>\n<p class=\"article-content article-content-width !bg-background\">Viivi julkaisi <a href=\"https:\/\/www.instagram.com\/p\/DN5gw67CB4n\/?img_index=1\" target=\"_blank\" rel=\"nofollow noopener\">Instagram-tilill\u00e4\u00e4n<\/a> kuvasarjan roolihahmostaan, varakkaasta juhlia rakastavasta Kikasta, joka on huumebisnesten vuoksi joutunut vankilaan.<\/p>\n<p class=\"article-content article-content-width !bg-background\"> \u2013 Kuinka freessii on ollut n\u00e4hd\u00e4 Pumpanen Salkkareissa. Jatka samaan malliin, fani kirjoittaa.<\/p>\n<p class=\"article-content article-content-width !bg-background\"> \u2013 Ihanaa, ett\u00e4 olet mukana sarjassa.<\/p>\n<p class=\"article-content article-content-width !bg-background\"> \u2013 Sulla on kyll\u00e4 mahtava ote ja n\u00e4kemys Kikan hahmoon. Mahtavaa seurata sua tv:st\u00e4 lempisarjan kera! Tuo on niin sun rooli.<\/p>\n<p class=\"article-content article-content-width !bg-background\">My\u00f6s julkkispappi <a alt=\"Haku\" class=\"text-primary-red font-extrabold\" href=\"https:\/\/www.seiska.fi\/haku?q=Kari Kanala\" rel=\"nofollow noopener\" target=\"_blank\">Kari Kanala<\/a> on innoissaan uutisesta. H\u00e4n on kommentoinut kuvaa taputushymi\u00f6ll\u00e4.<\/p>\n<p class=\"article-content article-content-width !bg-background\">Viivin Kikka-hahmo n\u00e4htiin ensimm\u00e4isen kerran televisiossa keskiviikkona 27.8. Kikka n\u00e4htiin ensimm\u00e4isen kerran sarjassa vuonna 2024. Tuoreissa jaksoissa h\u00e4n on edelleen telkien takana, jossa on nyt my\u00f6s Joanna.\u00a0<\/p>\n<p class=\"article-content article-content-width !bg-background\">Joanna n\u00e4kee, ett\u00e4 vangit palauttavat puhelimen Kikalle. Joanna pohtii ett\u00e4 h\u00e4n saattaisi hy\u00f6ty\u00e4 Kikan kanssa veljeilemisest\u00e4.<\/p>\n<p class=\"italic m-italic article-content article-content-width !bg-background\">Salatut el\u00e4m\u00e4t ma-to MTV3-kanavalla ja MTV Katsomossa.<\/p>\n<p><script async src=\"\/\/www.instagram.com\/embed.js\"><\/script><\/p>\n","protected":false},"excerpt":{"rendered":"Juontaja Viivi Pumpanen teki paluun Salatut el\u00e4m\u00e4t -sarjaan t\u00e4ll\u00e4 viikolla. Salkkarit-fanit ovat innoissaan uutisesta.\u00a0\u00a0 Video: Kuka flexaa nyt?&hellip;\n","protected":false},"author":2,"featured_media":19751,"comment_status":"","ping_status":"","sticky":false,"template":"","format":"standard","meta":{"footnotes":""},"categories":[133],"tags":[137,33,31,30,2377,6986,5632,3458,4867,209,6985,32,206,344,156,109,5631],"class_list":{"0":"post-19750","1":"post","2":"type-post","3":"status-publish","4":"format-standard","5":"has-post-thumbnail","7":"category-televisiot","8":"tag-entertainment","9":"tag-fi","10":"tag-finland","11":"tag-finnish","12":"tag-kari-kanala","13":"tag-kikka","14":"tag-kikka-granberg","15":"tag-miss-suomi","16":"tag-saippuasarja","17":"tag-salatut-elamat","18":"tag-salkkarit-fanit","19":"tag-suomi","20":"tag-televisiot","21":"tag-tv-sarja","22":"tag-tv","23":"tag-viihde","24":"tag-viivi-pumpanen"},"share_on_mastodon":{"url":"","error":""},"_links":{"self":[{"href":"https:\/\/www.europesays.com\/fi\/wp-json\/wp\/v2\/posts\/19750","targetHints":{"allow":["GET"]}}],"collection":[{"href":"https:\/\/www.europesays.com\/fi\/wp-json\/wp\/v2\/posts"}],"about":[{"href":"https:\/\/www.europesays.com\/fi\/wp-json\/wp\/v2\/types\/post"}],"author":[{"embeddable":true,"href":"https:\/\/www.europesays.com\/fi\/wp-json\/wp\/v2\/users\/2"}],"replies":[{"embeddable":true,"href":"https:\/\/www.europesays.com\/fi\/wp-json\/wp\/v2\/comments?post=19750"}],"version-history":[{"count":0,"href":"https:\/\/www.europesays.com\/fi\/wp-json\/wp\/v2\/posts\/19750\/revisions"}],"wp:featuredmedia":[{"embeddable":true,"href":"https:\/\/www.europesays.com\/fi\/wp-json\/wp\/v2\/media\/19751"}],"wp:attachment":[{"href":"https:\/\/www.europesays.com\/fi\/wp-json\/wp\/v2\/media?parent=19750"}],"wp:term":[{"taxonomy":"category","embeddable":true,"href":"https:\/\/www.europesays.com\/fi\/wp-json\/wp\/v2\/categories?post=19750"},{"taxonomy":"post_tag","embeddable":true,"href":"https:\/\/www.europesays.com\/fi\/wp-json\/wp\/v2\/tags?post=19750"}],"curies":[{"name":"wp","href":"https:\/\/api.w.org\/{rel}","templated":true}]}}