{"id":197752,"date":"2026-03-18T17:21:06","date_gmt":"2026-03-18T17:21:06","guid":{"rendered":"https:\/\/www.europesays.com\/fi\/197752\/"},"modified":"2026-03-18T17:21:06","modified_gmt":"2026-03-18T17:21:06","slug":"ryan-goslingin-uuden-scifi-elokuvan-arviot-ovat-melkein-pelkkaa-suitsutusta-molemmissa-leireissa-suomen-ensi-ilta-perjantaina","status":"publish","type":"post","link":"https:\/\/www.europesays.com\/fi\/197752\/","title":{"rendered":"Ryan Goslingin uuden scifi-elokuvan arviot ovat melkein pelkk\u00e4\u00e4 suitsutusta molemmissa leireiss\u00e4 &#8211; Suomen ensi-ilta perjantaina"},"content":{"rendered":"<p>Andy Weirin hittiromaaniin pohjautuva Operaatio Ave Maria saa ensi-iltansa perjantaina.<\/p>\n<p>T\u00e4ll\u00e4 viikolla elokuvateattereihin tulee yksi vuoden odotetuimpia scifi-elokuvia. Ryan Goslingin t\u00e4hditt\u00e4m\u00e4 <a href=\"https:\/\/muropaketti.com\/avainsana\/project-hail-mary\/\" rel=\"nofollow noopener\" target=\"_blank\">Operaatio Ave Maria (Project Hail Mary)<\/a> saapuu valkokankaille tulevana perjantaina.<\/p>\n<p>Andy Weirin hittiromaaniin pohjautuva elokuva on saanut suorastaan haltioituneen vastaanoton niin kriitikoilta kuin \u201ctaviskatsojiltakin\u201d. <a href=\"https:\/\/www.rottentomatoes.com\/m\/project_hail_mary\" target=\"_blank\" rel=\"noreferrer noopener nofollow\">Rotten Tomatoesissa<\/a> sen tuoreusarvo on 164 kriitikkoarvostelun j\u00e4lkeen t\u00e4ll\u00e4 hetkell\u00e4 95 prosenttia. Taviskatsojien popparimittarin puolella luku on t\u00e4ll\u00e4 hetkell\u00e4 per\u00e4ti 98 %.<\/p>\n<p>Muropaketin arvostelu elokuvasta on tulossa viimeist\u00e4\u00e4n perjantaina.<\/p>\n<p>Operaatio Ave Marian ohjaajina tomivat Phil Lord ja Christopher Miller, ja k\u00e4sikirjoituksesta vastaa Weirin romaanin pohjalta Drew Goddard. N\u00e4yttelij\u00f6iden osalta p\u00e4\u00e4osin Goslingin harteilla lep\u00e4\u00e4v\u00e4n elokuvan harvoissa ihmisrooleissa n\u00e4hd\u00e4\u00e4n my\u00f6s Sandra H\u00fcller, Lionel Boyce, Ken Leung ja Milana Vayntrub.<\/p>\n<p>Virallinen juonikuvaus kuuluu n\u00e4in:<\/p>\n<p>\u201cTiedeopettaja Ryland Grace (Ryan Gosling) her\u00e4\u00e4 avaruusalukselta valovuosien p\u00e4\u00e4ss\u00e4 Maasta muistamatta, kuka h\u00e4n on tai miten h\u00e4n p\u00e4\u00e4tyi sinne. Kun h\u00e4nen muistinsa palautuu v\u00e4h\u00e4n kerrallaan, h\u00e4n alkaa ymm\u00e4rt\u00e4\u00e4 teht\u00e4v\u00e4ns\u00e4: ratkaista arvoitus salaper\u00e4isest\u00e4 aineesta, joka aiheuttaa auringon kuihtumista. H\u00e4n joutuu turvautumaan tieteelliseen tiet\u00e4mykseens\u00e4 ja ep\u00e4tavanomaisiin ideoihinsa pelastaakseen koko Maan sukupuutolta\u2026 mutta yll\u00e4tt\u00e4v\u00e4 yst\u00e4vyys voi tarkoittaa, ettei h\u00e4nen tarvitse tehd\u00e4 sit\u00e4 yksin.\u201d<\/p>\n<p>Elokuvan ik\u00e4raja Suomessa on K12.<\/p>\n","protected":false},"excerpt":{"rendered":"Andy Weirin hittiromaaniin pohjautuva Operaatio Ave Maria saa ensi-iltansa perjantaina. T\u00e4ll\u00e4 viikolla elokuvateattereihin tulee yksi vuoden odotetuimpia scifi-elokuvia.&hellip;\n","protected":false},"author":2,"featured_media":186003,"comment_status":"","ping_status":"","sticky":false,"template":"","format":"standard","meta":{"footnotes":"","_share_on_mastodon":"0"},"categories":[131],"tags":[155,137,33,173,31,30,172,18490,3265,32,109],"class_list":["post-197752","post","type-post","status-publish","format-standard","has-post-thumbnail","category-elokuvat","tag-elokuvat","tag-entertainment","tag-fi","tag-film","tag-finland","tag-finnish","tag-movies","tag-project-hail-mary","tag-ryan-gosling","tag-suomi","tag-viihde"],"share_on_mastodon":{"url":"https:\/\/pubeurope.com\/@fi\/116251334187613232","error":""},"_links":{"self":[{"href":"https:\/\/www.europesays.com\/fi\/wp-json\/wp\/v2\/posts\/197752","targetHints":{"allow":["GET"]}}],"collection":[{"href":"https:\/\/www.europesays.com\/fi\/wp-json\/wp\/v2\/posts"}],"about":[{"href":"https:\/\/www.europesays.com\/fi\/wp-json\/wp\/v2\/types\/post"}],"author":[{"embeddable":true,"href":"https:\/\/www.europesays.com\/fi\/wp-json\/wp\/v2\/users\/2"}],"replies":[{"embeddable":true,"href":"https:\/\/www.europesays.com\/fi\/wp-json\/wp\/v2\/comments?post=197752"}],"version-history":[{"count":0,"href":"https:\/\/www.europesays.com\/fi\/wp-json\/wp\/v2\/posts\/197752\/revisions"}],"wp:featuredmedia":[{"embeddable":true,"href":"https:\/\/www.europesays.com\/fi\/wp-json\/wp\/v2\/media\/186003"}],"wp:attachment":[{"href":"https:\/\/www.europesays.com\/fi\/wp-json\/wp\/v2\/media?parent=197752"}],"wp:term":[{"taxonomy":"category","embeddable":true,"href":"https:\/\/www.europesays.com\/fi\/wp-json\/wp\/v2\/categories?post=197752"},{"taxonomy":"post_tag","embeddable":true,"href":"https:\/\/www.europesays.com\/fi\/wp-json\/wp\/v2\/tags?post=197752"}],"curies":[{"name":"wp","href":"https:\/\/api.w.org\/{rel}","templated":true}]}}