{"id":197913,"date":"2026-03-18T21:19:07","date_gmt":"2026-03-18T21:19:07","guid":{"rendered":"https:\/\/www.europesays.com\/fi\/197913\/"},"modified":"2026-03-18T21:19:07","modified_gmt":"2026-03-18T21:19:07","slug":"hyvan-vastauksen-piirteet-on-julkaistu","status":"publish","type":"post","link":"https:\/\/www.europesays.com\/fi\/197913\/","title":{"rendered":"Hyv\u00e4n vastauksen piirteet on julkaistu!"},"content":{"rendered":"<p>Matematiikan yo-kokeet<\/p>\n<p class=\"aw-lzd4tw hrgmTi\">P\u00e4iv\u00e4n kokeet julkaistaan Abitreenien sivuilla koep\u00e4iv\u00e4n\u00e4 klo 15.15 ja hyv\u00e4n vastauksen piirteet noin klo 17.20.<\/p>\n<p class=\"aw-lzd4tw hrgmTi\">P\u00e4iv\u00e4n kokeet ja hyv\u00e4n vastauksen piirteet<\/p>\n<p class=\"aw-lzd4tw hrgmTi\"><a href=\"https:\/\/yle.fi\/a\/20-10009126\" class=\"aw-oli4x9 aw-1hhoivf hroXgU ewUJYP\" rel=\"nofollow noopener\" target=\"_blank\">matematiikka, lyhyt oppim\u00e4\u00e4r\u00e4<\/a><\/p>\n<p class=\"aw-lzd4tw hrgmTi\"><a href=\"https:\/\/yle.fi\/a\/20-10009127\" class=\"aw-oli4x9 aw-1hhoivf hroXgU ewUJYP\" rel=\"nofollow noopener\" target=\"_blank\">matematiikka, pitk\u00e4 oppim\u00e4\u00e4r\u00e4<\/a><\/p>\n<p class=\"aw-lzd4tw hrgmTi\">Koesivujen kommentointi on auki! J\u00e4t\u00e4 muille kokelaille fiilikset ja kertausvinkit koesivun kommentteihin.<\/p>\n<p class=\"aw-lzd4tw hrgmTi\">Abitreenit live: lyhyt ja pitk\u00e4 matematiikka klo 18 alkaen<\/p>\n<p class=\"aw-lzd4tw hrgmTi\">T\u00e4n\u00e4\u00e4n Abitreenit livess\u00e4 k\u00e4sitell\u00e4\u00e4n lyhyen sek\u00e4 pitk\u00e4n matematiikan yo-koetta. Koetta kanssasi l\u00e4pi k\u00e4y opettaja Piia-Maria Vikberg sek\u00e4 sensorit Anne-Maria Ernvall-Hyt\u00f6nen ja Topi T\u00f6rm\u00e4.<\/p>\n<p class=\"aw-lzd4tw hrgmTi\"><a href=\"https:\/\/areena.yle.fi\/1-77182442\" class=\"aw-oli4x9 aw-1hhoivf hroXgU ewUJYP\" rel=\"nofollow noopener\" target=\"_blank\">Katso striimi suorana Yle Areenassa klo 18 alkaen.<\/a><\/p>\n","protected":false},"excerpt":{"rendered":"Matematiikan yo-kokeet P\u00e4iv\u00e4n kokeet julkaistaan Abitreenien sivuilla koep\u00e4iv\u00e4n\u00e4 klo 15.15 ja hyv\u00e4n vastauksen piirteet noin klo 17.20. P\u00e4iv\u00e4n&hellip;\n","protected":false},"author":2,"featured_media":74,"comment_status":"","ping_status":"","sticky":false,"template":"","format":"standard","meta":{"footnotes":"","_share_on_mastodon":"0"},"categories":[130],"tags":[794,137,33,31,30,96,793,32,109,792],"class_list":["post-197913","post","type-post","status-publish","format-standard","has-post-thumbnail","category-viihde","tag-abitreenit","tag-entertainment","tag-fi","tag-finland","tag-finnish","tag-koulutus","tag-lukio","tag-suomi","tag-viihde","tag-ylioppilaskirjoitukset"],"share_on_mastodon":{"url":"https:\/\/pubeurope.com\/@fi\/116252269804543849","error":""},"_links":{"self":[{"href":"https:\/\/www.europesays.com\/fi\/wp-json\/wp\/v2\/posts\/197913","targetHints":{"allow":["GET"]}}],"collection":[{"href":"https:\/\/www.europesays.com\/fi\/wp-json\/wp\/v2\/posts"}],"about":[{"href":"https:\/\/www.europesays.com\/fi\/wp-json\/wp\/v2\/types\/post"}],"author":[{"embeddable":true,"href":"https:\/\/www.europesays.com\/fi\/wp-json\/wp\/v2\/users\/2"}],"replies":[{"embeddable":true,"href":"https:\/\/www.europesays.com\/fi\/wp-json\/wp\/v2\/comments?post=197913"}],"version-history":[{"count":0,"href":"https:\/\/www.europesays.com\/fi\/wp-json\/wp\/v2\/posts\/197913\/revisions"}],"wp:featuredmedia":[{"embeddable":true,"href":"https:\/\/www.europesays.com\/fi\/wp-json\/wp\/v2\/media\/74"}],"wp:attachment":[{"href":"https:\/\/www.europesays.com\/fi\/wp-json\/wp\/v2\/media?parent=197913"}],"wp:term":[{"taxonomy":"category","embeddable":true,"href":"https:\/\/www.europesays.com\/fi\/wp-json\/wp\/v2\/categories?post=197913"},{"taxonomy":"post_tag","embeddable":true,"href":"https:\/\/www.europesays.com\/fi\/wp-json\/wp\/v2\/tags?post=197913"}],"curies":[{"name":"wp","href":"https:\/\/api.w.org\/{rel}","templated":true}]}}