{"id":198046,"date":"2026-03-19T00:41:08","date_gmt":"2026-03-19T00:41:08","guid":{"rendered":"https:\/\/www.europesays.com\/fi\/198046\/"},"modified":"2026-03-19T00:41:08","modified_gmt":"2026-03-19T00:41:08","slug":"keuruulaisen-ulla-tulosen-akvarellityot-vievat-veden-aarelle-mukana-monia-maisemia-keski-suomesta-keski-suomi","status":"publish","type":"post","link":"https:\/\/www.europesays.com\/fi\/198046\/","title":{"rendered":"Keuruulaisen Ulla Tulosen akvarellity\u00f6t viev\u00e4t veden \u00e4\u00e4relle \u2013 mukana monia maisemia Keski-Suomesta | Keski-Suomi"},"content":{"rendered":"<p>J\u00e4ms\u00e4n kivipankin alakerrassa p\u00e4\u00e4see rauhoittavan veden \u00e4\u00e4relle keuruulaisen <strong>Ulla Tulosen<\/strong> akvarellit\u00f6it\u00e4 esittelev\u00e4ss\u00e4 n\u00e4yttelyss\u00e4. N\u00e4yttelyn nimi on Veden viem\u00e4\u00e4, ja se liittyy sek\u00e4 tekniikkaan ett\u00e4 t\u00f6iden aiheeseen.<\/p>\n<p>\u2013\u2009Vesi on haastava aihe maalata, sill\u00e4 siin\u00e4 on paljon heijastuksia ja se muuttaa jatkuvasti muotoaan valon, s\u00e4\u00e4n ja vuodenaikojen muutosten my\u00f6t\u00e4. Akvarellity\u00f6ss\u00e4 vesi vie v\u00e4ri\u00e4 ja v\u00e4ri vett\u00e4. Niiden vuorovaikutuksesta syntyy usein onnellisia sattumia, mutta my\u00f6s turhauttavia ep\u00e4onnistumisia, Tulonen kuvaa.<\/p>\n","protected":false},"excerpt":{"rendered":"J\u00e4ms\u00e4n kivipankin alakerrassa p\u00e4\u00e4see rauhoittavan veden \u00e4\u00e4relle keuruulaisen Ulla Tulosen akvarellit\u00f6it\u00e4 esittelev\u00e4ss\u00e4 n\u00e4yttelyss\u00e4. N\u00e4yttelyn nimi on Veden viem\u00e4\u00e4,&hellip;\n","protected":false},"author":2,"featured_media":198047,"comment_status":"","ping_status":"","sticky":false,"template":"","format":"standard","meta":{"footnotes":"","_share_on_mastodon":"0"},"categories":[135],"tags":[389,387,388,390,137,33,31,30,2565,8069,752,108,754,32,394,393,391,392,398,2590,109],"class_list":["post-198046","post","type-post","status-publish","format-standard","has-post-thumbnail","category-taiteet-ja-suunnittelu","tag-arts","tag-arts-and-design","tag-artsanddesign","tag-design","tag-entertainment","tag-fi","tag-finland","tag-finnish","tag-jamsa","tag-keuruu","tag-keuruun-seutukunta","tag-kulttuuri","tag-multia","tag-suomi","tag-suunnittelu","tag-taiteet","tag-taiteet-ja-suunnittelu","tag-taiteetsuunnittelu","tag-taiteilija","tag-tanaan","tag-viihde"],"share_on_mastodon":{"url":"https:\/\/pubeurope.com\/@fi\/116253064174378821","error":""},"_links":{"self":[{"href":"https:\/\/www.europesays.com\/fi\/wp-json\/wp\/v2\/posts\/198046","targetHints":{"allow":["GET"]}}],"collection":[{"href":"https:\/\/www.europesays.com\/fi\/wp-json\/wp\/v2\/posts"}],"about":[{"href":"https:\/\/www.europesays.com\/fi\/wp-json\/wp\/v2\/types\/post"}],"author":[{"embeddable":true,"href":"https:\/\/www.europesays.com\/fi\/wp-json\/wp\/v2\/users\/2"}],"replies":[{"embeddable":true,"href":"https:\/\/www.europesays.com\/fi\/wp-json\/wp\/v2\/comments?post=198046"}],"version-history":[{"count":0,"href":"https:\/\/www.europesays.com\/fi\/wp-json\/wp\/v2\/posts\/198046\/revisions"}],"wp:featuredmedia":[{"embeddable":true,"href":"https:\/\/www.europesays.com\/fi\/wp-json\/wp\/v2\/media\/198047"}],"wp:attachment":[{"href":"https:\/\/www.europesays.com\/fi\/wp-json\/wp\/v2\/media?parent=198046"}],"wp:term":[{"taxonomy":"category","embeddable":true,"href":"https:\/\/www.europesays.com\/fi\/wp-json\/wp\/v2\/categories?post=198046"},{"taxonomy":"post_tag","embeddable":true,"href":"https:\/\/www.europesays.com\/fi\/wp-json\/wp\/v2\/tags?post=198046"}],"curies":[{"name":"wp","href":"https:\/\/api.w.org\/{rel}","templated":true}]}}