{"id":19811,"date":"2025-08-29T14:09:08","date_gmt":"2025-08-29T14:09:08","guid":{"rendered":"https:\/\/www.europesays.com\/fi\/19811\/"},"modified":"2025-08-29T14:09:08","modified_gmt":"2025-08-29T14:09:08","slug":"shokkikaanne-koivujen-huoltajuusriidassa-pitka-taistelu-tulossa","status":"publish","type":"post","link":"https:\/\/www.europesays.com\/fi\/19811\/","title":{"rendered":"Shokkik\u00e4\u00e4nne Koivujen huoltajuusriidassa \u2013 pitk\u00e4 taistelu tulossa"},"content":{"rendered":"<p>\n            Mikko ja helena koivu<br \/>\n            Monica Ollas\n        <\/p>\n<p class=\"subtitle \">Mikko ja Helena Koivun katkera huoltajuusriita alkoi Varsinais-Suomen k\u00e4r\u00e4j\u00e4oikeudessa kes\u00e4kuussa, mutta loppua sille ei viel\u00e4 n\u00e4y.<\/p>\n<p class=\"article-content article-content-width !bg-background\">Ex-j\u00e4\u00e4kiekkoilija  j\u00e4tti huhtikuussa Varsinais-Suomen k\u00e4r\u00e4j\u00e4oikeuteen hakemuksen lasten<br \/>\nhuoltajuuteen liittyvist\u00e4 asioista.<\/p>\n<p class=\"font-weight-bold m-font-weight-bold article-content article-content-width !bg-background\">Videolla Mikko ja Helena Koivu saapuivat huoltajuusk\u00e4r\u00e4jille.<\/p>\n<p class=\"article-content article-content-width !bg-background\">Taustalla huoltajuusriidassa oli huhtikuun alussa tapahtunut episodi Kakskerran-huvilassa, jossa ex-vaimo  tuolloin vakituisesti asui.<\/p>\n<p class=\"article-content article-content-width !bg-background\">Mikko ja Helena ovat jo pitk\u00e4\u00e4n riidelleet huvilan omistajuudesta.<\/p>\n<p class=\"article-content article-content-width !bg-background\">Helena pel\u00e4styi tontilla olleita naamiomiehi\u00e4, jolloin h\u00e4n soitti poliisit paikalle.<\/p>\n<p class=\"article-content article-content-width !bg-background\">Poliisit p\u00e4\u00e4ttiv\u00e4t poistaa tontilta Helenan, joka n\u00e4in ollen j\u00e4i ilman vakituista asuinpaikkaa.<\/p>\n<p class=\"article-content article-content-width !bg-background\">Pian t\u00e4m\u00e4n ep\u00e4selv\u00e4n episodin j\u00e4lkeen Mikko j\u00e4tti lasten huoltajuuteen liittyv\u00e4n hakemuksen k\u00e4r\u00e4j\u00e4oikeuteen.\u00a0<\/p>\n<p>        <a itemprop=\"url\" href=\"https:\/\/www.seiska.fi\/vain-seiskassa\/shokkikaanne-kakskerrassa-poliisit-veivat-helena-koivun\/1663125\" rel=\"nofollow noopener\" target=\"_blank\"><\/p>\n<p>\nShokkik\u00e4\u00e4nne Kakskerrassa!\n<\/p>\n<p class=\"section-date\">\n        <strong class=\"article-section\" data-section=\"vain seiskassa\"><br \/>\n            vain seiskassa<br \/>\n        <\/strong><br \/>\n        2.4. 14:58\n    <\/p>\n<p>    Shokkik\u00e4\u00e4nne Kakskerrassa! Poliisit veiv\u00e4t Helena Koivun<\/p>\n<p itemprop=\"description\" class=\"subtitle \">\n    Seiska tavoitti Helenan asianajajan kommentoimaan h\u00e4mment\u00e4v\u00e4\u00e4 tilannetta.\n<\/p>\n<p>        <\/a><\/p>\n<p>                <img decoding=\"async\" src=\"https:\/\/www.europesays.com\/fi\/wp-content\/uploads\/2025\/08\/1756476548_315_1910420.webp\" width=\"576\" height=\"274\" alt=\"Helena Koivun taistelu lapsista pitk\u00e4lle ensi vuoden puolelle.\" loading=\"lazy\" \/>            <\/p>\n<p>\n            Helena Koivun taistelu lapsista pitk\u00e4lle ensi vuoden puolelle.<br \/>\n            Panu H\u00f6rkk\u00f6\n        <\/p>\n<p>Sopupuheet puppua<\/p>\n<p class=\"article-content article-content-width !bg-background\">Ex-parin ensimm\u00e4inen tapaaminen k\u00e4r\u00e4j\u00e4salissa oli\u00a0kes\u00e4kuussa. Tuolloin pidettiin valmisteluistunto, mutta sopua ei saatu aikaiseksi.<\/p>\n<p class=\"article-content article-content-width !bg-background\">Kes\u00e4kuisen istuntop\u00e4iv\u00e4n p\u00e4\u00e4tteeksi osapuolten juristit kommentoivat toimittajille lyhyesti, ett\u00e4 sopu on syntynyt.<\/p>\n<p class=\"article-content article-content-width !bg-background\">Kyse oli kuitenkin v\u00e4\u00e4rink\u00e4sityksest\u00e4, sill\u00e4 mit\u00e4\u00e4n lopullista sopua lasten huoltajuusasioihin ei ollut syntynyt.<\/p>\n<p class=\"article-content article-content-width !bg-background\">Elokuun 26. p\u00e4iv\u00e4n\u00e4 ex-parin huoltajuuskiista jatkui pidennetyss\u00e4<br \/>\nvalmisteluistunnossa.<\/p>\n<p>        <a itemprop=\"url\" href=\"https:\/\/www.seiska.fi\/vain-seiskassa\/koivujen-riita-jatkuu-taas-sopupuheet-taytta-puppua\/1872456\" rel=\"nofollow noopener\" target=\"_blank\"><\/p>\n<p>\nSopupuheet puppua\n<\/p>\n<p class=\"section-date\">\n        <strong class=\"article-section\" data-section=\"vain seiskassa\"><br \/>\n            vain seiskassa<br \/>\n        <\/strong><br \/>\n        24.7. 05:00\n    <\/p>\n<p>    Koivujen riita jatkuu taas \u2013 sopupuheet t\u00e4ytt\u00e4 puppua!<\/p>\n<p itemprop=\"description\" class=\"subtitle \">\n    Huoltajuuskiistojen lis\u00e4ksi Helena ja Mikko ottavat yhteen k\u00e4r\u00e4jill\u00e4 my\u00f6s rikosasioista.\n<\/p>\n<p>        <\/a><\/p>\n<p>Outoa salailua<\/p>\n<p class=\"article-content article-content-width !bg-background\">Seiska sai jo kes\u00e4kuussa selville, ett\u00e4 huoltajuusriita oli<br \/>\nedelleen vireill\u00e4 oikeudessa ja ett\u00e4 seuraava istunto oli jo p\u00e4\u00e4tetty. <\/p>\n<p class=\"article-content article-content-width !bg-background\">Varsinais-Suomen k\u00e4r\u00e4j\u00e4oikeus ei kuitenkaan paljastanut<br \/>\nseuraavaa istuntop\u00e4iv\u00e4\u00e4 ennen kuin p\u00e4iv\u00e4\u00e4 ennen elokuussa alkanutta jatkoistuntoa.<\/p>\n<p class=\"article-content article-content-width !bg-background\">Lain mukaan tiedot istuntop\u00e4ivist\u00e4 ovat julkista tietoa. <\/p>\n<p class=\"article-content article-content-width !bg-background\">K\u00e4r\u00e4j\u00e4oikeudessa vedottiin siihen, ett\u00e4 vain tuomari kertoo<br \/>\naikatauluista.<\/p>\n<p class=\"article-content article-content-width !bg-background\">Hein\u00e4kuussa Varsinais-Suomen k\u00e4r\u00e4j\u00e4oikeudessa istuntop\u00e4iv\u00e4\u00e4 ei<br \/>\nkerrottu sen vuoksi, ett\u00e4 tuolloin k\u00e4r\u00e4j\u00e4tuomari  oli lomilla.<\/p>\n<p class=\"article-content article-content-width !bg-background\">Seiska kysyi Salpaojalta syyt\u00e4 t\u00e4ysin poikkeukselliseen<br \/>\ntiedotusprosessiin, sill\u00e4 muissa k\u00e4r\u00e4j\u00e4oikeuksissa tiedon istuntop\u00e4ivist\u00e4 saa<br \/>\nkansliasta.<\/p>\n<p class=\"article-content article-content-width !bg-background\">\u2013 P\u00e4iv\u00e4m\u00e4\u00e4r\u00e4 varmistui vasta elokuussa. Sit\u00e4 ennen<br \/>\nsopua yritettiin saada, Salpaoja kertoi.<\/p>\n<p>        <a itemprop=\"url\" href=\"https:\/\/www.seiska.fi\/vain-seiskassa\/mikko-koivulla-okykello-hinta-hirvittaa\/1910580\" rel=\"nofollow noopener\" target=\"_blank\"><\/p>\n<p>\nHinta hirvitt\u00e4\u00e4!\n<\/p>\n<p class=\"section-date\">\n        <strong class=\"article-section\" data-section=\"vain seiskassa\"><br \/>\n            vain seiskassa<br \/>\n        <\/strong><br \/>\n        27.8. 06:30\n    <\/p>\n<p>    Mikko Koivulla \u00f6kykello \u2013 hinta hirvitt\u00e4\u00e4!<\/p>\n<p itemprop=\"description\" class=\"subtitle \">\n    Ex-kiekkoilija odotti huoltajuusriidan alkamista k\u00e4r\u00e4j\u00e4salin aulassa kallis arvokello ranteessaan.\n<\/p>\n<p>        <\/a><\/p>\n<p>                <img decoding=\"async\" src=\"https:\/\/www.europesays.com\/fi\/wp-content\/uploads\/2025\/08\/1910785.webp\" width=\"576\" height=\"442\" alt=\"Mikko Koivu laittoi huhtikuussa vireille hakemuksen lasten huoltajuuteen liittyen.\" loading=\"lazy\" \/>            <\/p>\n<p>\n            Mikko Koivu laittoi huhtikuussa vireille hakemuksen lasten huoltajuuteen liittyen.<br \/>\n            Panu H\u00f6rkk\u00f6\n        <\/p>\n<p>Ensi vuonna jatkuu<\/p>\n<p class=\"article-content article-content-width !bg-background\">Valitettavasti elokuun 26. p\u00e4iv\u00e4n istunnossa Koivut eiv\u00e4t p\u00e4\u00e4sseet<br \/>\nyksimielisyyteen lasten asumis-,<br \/>\ntapaamis- ja huoltajuusasioista.\u00a0<\/p>\n<p class=\"article-content article-content-width !bg-background\">\u2013 Seuraava istuntop\u00e4iv\u00e4 on maaliskuun 10. p\u00e4iv\u00e4n\u00e4,<br \/>\nk\u00e4r\u00e4j\u00e4tuomari Salpaoja vahvisti Seiskalle. <\/p>\n<p class=\"article-content article-content-width !bg-background\">T\u00e4t\u00e4 ennen Seiska oli yritt\u00e4nyt saada p\u00e4iv\u00e4m\u00e4\u00e4r\u00e4\u00e4 tiedoksi useita<br \/>\nkertoja. <\/p>\n<p class=\"article-content article-content-width !bg-background\">Se, ett\u00e4 huoltajuusriita pitkittyy ensi vuoden puolelle, on<br \/>\nluonnollisesti shokkik\u00e4\u00e4nne kaikille osapuolille. <\/p>\n<p class=\"article-content article-content-width !bg-background\">Nyt n\u00e4ytt\u00e4\u00e4 vahvasti silt\u00e4, ett\u00e4 Koivujen huoltajuusriidasta<br \/>\non tulossa pitk\u00e4 ja monimutkainen prosessi.\u00a0<\/p>\n<p class=\"article-content article-content-width !bg-background\">Alun perin Mikko Koivu laittoi<br \/>\nhuoltajuusriidan vireille t\u00e4m\u00e4n vuoden huhtikuussa, mutta l\u00e4hes vuoden p\u00e4\u00e4st\u00e4 alkaa<br \/>\nhuoltajuusriidan varsinainen p\u00e4\u00e4k\u00e4sittely. <\/p>\n<p class=\"article-content article-content-width !bg-background\">Sit\u00e4 ennen Koivut tapaavat k\u00e4r\u00e4j\u00e4oikeudessa rikosasian<br \/>\ntiimoilta, sill\u00e4 Mikon ja  tekem\u00e4t rikosilmoitukset toivat Helena<br \/>\nKoivulle syytteet salakatselusta, kotirauhan rikkomisesta\u00a0 ja varkaudesta. <\/p>\n<p class=\"article-content article-content-width !bg-background\">N\u00e4it\u00e4 asioita ex-pari selvitt\u00e4\u00e4 k\u00e4r\u00e4j\u00e4oikeudessa lokakuussa.\n<\/p>\n<p>        <a itemprop=\"url\" href=\"https:\/\/www.seiska.fi\/vain-seiskassa\/mikko-ja-helena-koivun-huoltajuusriita-alkoi-dramaattisesti\/1910365\" rel=\"nofollow noopener\" target=\"_blank\"><\/p>\n<p>\nKoivut k\u00e4r\u00e4jill\u00e4\n<\/p>\n<p class=\"section-date\">\n        <strong class=\"article-section\" data-section=\"vain seiskassa\"><br \/>\n            vain seiskassa<br \/>\n        <\/strong><br \/>\n        26.8. 10:42\n    <\/p>\n<p>    Mikko ja Helena Koivun huoltajuusriita alkoi dramaattisesti<\/p>\n<p itemprop=\"description\" class=\"subtitle \">\n    Mikko ja Helena Koivun lasten huoltajuuskiistan toinen valmisteluistunto alkoi Varsinais-Suomen k\u00e4r\u00e4j\u00e4oikeudessa.\n<\/p>\n<p>        <\/a><\/p>\n<p>                <img decoding=\"async\" src=\"https:\/\/www.europesays.com\/fi\/wp-content\/uploads\/2025\/08\/1827034.webp\" width=\"576\" height=\"524\" alt=\"Natalie Koivu saatteli Mikon huoltajuusk\u00e4r\u00e4jille kes\u00e4kuussa. Elokuussa h\u00e4nt\u00e4 ei en\u00e4\u00e4 n\u00e4hty.\" loading=\"lazy\" \/>            <\/p>\n<p>\n            Natalie Koivu saatteli Mikon huoltajuusk\u00e4r\u00e4jille kes\u00e4kuussa. Elokuussa h\u00e4nt\u00e4 ei en\u00e4\u00e4 n\u00e4hty.<br \/>\n            Monica Ollas\n        <\/p>\n","protected":false},"excerpt":{"rendered":"Mikko ja helena koivu Monica Ollas Mikko ja Helena Koivun katkera huoltajuusriita alkoi Varsinais-Suomen k\u00e4r\u00e4j\u00e4oikeudessa kes\u00e4kuussa, mutta loppua&hellip;\n","protected":false},"author":2,"featured_media":19812,"comment_status":"","ping_status":"","sticky":false,"template":"","format":"standard","meta":{"footnotes":""},"categories":[136],"tags":[407,7000,137,33,31,30,3124,6471,408,3127,98,32,6472,109],"class_list":{"0":"post-19811","1":"post","2":"type-post","3":"status-publish","4":"format-standard","5":"has-post-thumbnail","7":"category-julkkikset","8":"tag-celebrities","9":"tag-elise-salpaoja","10":"tag-entertainment","11":"tag-fi","12":"tag-finland","13":"tag-finnish","14":"tag-helena-koivu","15":"tag-huoltajuusriita","16":"tag-julkkikset","17":"tag-mikko-koivu","18":"tag-perhe","19":"tag-suomi","20":"tag-varsinais-suomen-karajaoikeus","21":"tag-viihde"},"share_on_mastodon":{"url":"","error":""},"_links":{"self":[{"href":"https:\/\/www.europesays.com\/fi\/wp-json\/wp\/v2\/posts\/19811","targetHints":{"allow":["GET"]}}],"collection":[{"href":"https:\/\/www.europesays.com\/fi\/wp-json\/wp\/v2\/posts"}],"about":[{"href":"https:\/\/www.europesays.com\/fi\/wp-json\/wp\/v2\/types\/post"}],"author":[{"embeddable":true,"href":"https:\/\/www.europesays.com\/fi\/wp-json\/wp\/v2\/users\/2"}],"replies":[{"embeddable":true,"href":"https:\/\/www.europesays.com\/fi\/wp-json\/wp\/v2\/comments?post=19811"}],"version-history":[{"count":0,"href":"https:\/\/www.europesays.com\/fi\/wp-json\/wp\/v2\/posts\/19811\/revisions"}],"wp:featuredmedia":[{"embeddable":true,"href":"https:\/\/www.europesays.com\/fi\/wp-json\/wp\/v2\/media\/19812"}],"wp:attachment":[{"href":"https:\/\/www.europesays.com\/fi\/wp-json\/wp\/v2\/media?parent=19811"}],"wp:term":[{"taxonomy":"category","embeddable":true,"href":"https:\/\/www.europesays.com\/fi\/wp-json\/wp\/v2\/categories?post=19811"},{"taxonomy":"post_tag","embeddable":true,"href":"https:\/\/www.europesays.com\/fi\/wp-json\/wp\/v2\/tags?post=19811"}],"curies":[{"name":"wp","href":"https:\/\/api.w.org\/{rel}","templated":true}]}}