{"id":198170,"date":"2026-03-19T04:49:17","date_gmt":"2026-03-19T04:49:17","guid":{"rendered":"https:\/\/www.europesays.com\/fi\/198170\/"},"modified":"2026-03-19T04:49:17","modified_gmt":"2026-03-19T04:49:17","slug":"luonto-rayskalassa-talkoiltiin-linnuille-pesapaikkoja-paikalliset","status":"publish","type":"post","link":"https:\/\/www.europesays.com\/fi\/198170\/","title":{"rendered":"Luonto | R\u00e4ysk\u00e4l\u00e4ss\u00e4 talkoiltiin linnuille pes\u00e4paikkoja | Paikalliset"},"content":{"rendered":"<p>Kirkonkyl\u00e4ss\u00e4kin p\u00e4\u00e4see askaroimaan linnunp\u00f6ntt\u00f6j\u00e4. Er\u00e4lopen perinteiset P\u00f6ntt\u00f6p\u00e4iv\u00e4t pidet\u00e4\u00e4n lauantaina 11.4. kello 9-14 myym\u00e4l\u00e4n piha-alueella.<\/p>\n<p>R\u00e4ysk\u00e4l\u00e4ss\u00e4 oltiin oikeaan aikaan liikkeell\u00e4, kun kyl\u00e4n v\u00e4ki kokoontui kyl\u00e4talolle askaroimaan linnunp\u00f6ntt\u00f6j\u00e4. S\u00e4\u00e4 suosi ja ilmassa oli selv\u00e4sti kev\u00e4inen tunnelma.<\/p>\n","protected":false},"excerpt":{"rendered":"Kirkonkyl\u00e4ss\u00e4kin p\u00e4\u00e4see askaroimaan linnunp\u00f6ntt\u00f6j\u00e4. Er\u00e4lopen perinteiset P\u00f6ntt\u00f6p\u00e4iv\u00e4t pidet\u00e4\u00e4n lauantaina 11.4. kello 9-14 myym\u00e4l\u00e4n piha-alueella. R\u00e4ysk\u00e4l\u00e4ss\u00e4 oltiin oikeaan aikaan&hellip;\n","protected":false},"author":2,"featured_media":198171,"comment_status":"","ping_status":"","sticky":false,"template":"","format":"standard","meta":{"footnotes":"","_share_on_mastodon":"0"},"categories":[117],"tags":[33,31,30,6277,1425,72,30482,476,900,118,17912,32,119,477,30483],"class_list":["post-198170","post","type-post","status-publish","format-standard","has-post-thumbnail","category-luonto","tag-fi","tag-finland","tag-finnish","tag-lahiluonto","tag-linnut","tag-luonto","tag-luontoharrastus","tag-nature","tag-ruoka","tag-science","tag-suomen-linnut","tag-suomi","tag-tiede","tag-wildlife","tag-ymparistoystavallisyys"],"share_on_mastodon":{"url":"https:\/\/pubeurope.com\/@fi\/116254039319216009","error":""},"_links":{"self":[{"href":"https:\/\/www.europesays.com\/fi\/wp-json\/wp\/v2\/posts\/198170","targetHints":{"allow":["GET"]}}],"collection":[{"href":"https:\/\/www.europesays.com\/fi\/wp-json\/wp\/v2\/posts"}],"about":[{"href":"https:\/\/www.europesays.com\/fi\/wp-json\/wp\/v2\/types\/post"}],"author":[{"embeddable":true,"href":"https:\/\/www.europesays.com\/fi\/wp-json\/wp\/v2\/users\/2"}],"replies":[{"embeddable":true,"href":"https:\/\/www.europesays.com\/fi\/wp-json\/wp\/v2\/comments?post=198170"}],"version-history":[{"count":0,"href":"https:\/\/www.europesays.com\/fi\/wp-json\/wp\/v2\/posts\/198170\/revisions"}],"wp:featuredmedia":[{"embeddable":true,"href":"https:\/\/www.europesays.com\/fi\/wp-json\/wp\/v2\/media\/198171"}],"wp:attachment":[{"href":"https:\/\/www.europesays.com\/fi\/wp-json\/wp\/v2\/media?parent=198170"}],"wp:term":[{"taxonomy":"category","embeddable":true,"href":"https:\/\/www.europesays.com\/fi\/wp-json\/wp\/v2\/categories?post=198170"},{"taxonomy":"post_tag","embeddable":true,"href":"https:\/\/www.europesays.com\/fi\/wp-json\/wp\/v2\/tags?post=198170"}],"curies":[{"name":"wp","href":"https:\/\/api.w.org\/{rel}","templated":true}]}}