{"id":198180,"date":"2026-03-19T05:11:08","date_gmt":"2026-03-19T05:11:08","guid":{"rendered":"https:\/\/www.europesays.com\/fi\/198180\/"},"modified":"2026-03-19T05:11:08","modified_gmt":"2026-03-19T05:11:08","slug":"trumpin-iran-sota-iskee-suomen-ja-euroopan-talouden-ytimeen-ekp-kertoo-tanaan-painaako-se-kaasua-vai-jarrua-talous","status":"publish","type":"post","link":"https:\/\/www.europesays.com\/fi\/198180\/","title":{"rendered":"Trumpin Iran-sota iskee Suomen ja Euroopan talouden ytimeen \u2013 EKP kertoo t\u00e4n\u00e4\u00e4n, painaako se kaasua vai jarrua | Talous"},"content":{"rendered":"<p class=\"aw-1gybjub aw-5vja16 kEtdKx kmuxyA yle__article__paragraph\">Iranin sota on k\u00e4\u00e4nt\u00e4nyt talouden asetelmat Euroopassa uuteen asentoon. EKP kertoo iltap\u00e4iv\u00e4ll\u00e4 p\u00e4\u00e4t\u00f6ksens\u00e4 koroista.<\/p>\n<p><img decoding=\"async\" alt=\"Euroopan keskuspankin p\u00e4\u00e4johtaja Christine Lagarde elehtii puhuessaan molemmat k\u00e4det pystyss\u00e4.\" src=\"https:\/\/www.europesays.com\/fi\/wp-content\/uploads\/2025\/12\/39-1562631692e846b4581c.jpeg\" class=\"aw-1l9m598 hKVVvP\"\/><\/p>\n<p>Avaa kuvien katselu<\/p>\n<p>EKP:n p\u00e4\u00e4johtaja Christine Lagarde kertoo t\u00e4n\u00e4\u00e4n nostaako keskuspankki ohjauskorkoja. Kuva: Olivier Matthys \/ EPA<\/p>\n<p class=\"aw-1gybjub aw-1p7kakr kEtdKx cEmitX yle__article__paragraph\">Euroopan keskuspankilla on j\u00e4lleen piinallinen teht\u00e4v\u00e4. Sen on ratkaistava poikkeuksellisen hankalassa tilanteessa, tarvitseeko Euroopan talous nyt kaasua vai jarrua.<\/p>\n<p class=\"aw-1gybjub aw-1p7kakr kEtdKx cEmitX yle__article__paragraph\">Selv\u00e4\u00e4 on vain se, ett\u00e4 Yhdysvaltojen aloittama Iranin sota on saanut <a class=\"aw-iao6s4 iHOxEa yle__article__link\" href=\"https:\/\/yle.fi\/a\/74-20214303\" role=\"link\" rel=\"nofollow noopener\" target=\"_blank\">\u00f6ljyn hinnan harvinaiseen rajuun nousuun <\/a>kaikkialla maailmassa. \u00d6ljyn hinta heijastuu maailmantalouteen tekem\u00e4ll\u00e4 kuljettamisesta ja liikkumisesta entist\u00e4 kalliimpaa.<\/p>\n<p class=\"aw-1gybjub aw-1p7kakr kEtdKx cEmitX yle__article__paragraph\">T\u00e4m\u00e4 puolestaan lis\u00e4\u00e4 paineita my\u00f6s yleiseen hintojen nousuun eli inflaatioon. Sit\u00e4 keskuspankin pit\u00e4isi jarrutella nostamalla korkoja.<\/p>\n<p class=\"aw-1gybjub aw-1p7kakr kEtdKx cEmitX yle__article__paragraph\">Mutta kallis \u00f6ljy on my\u00f6s omiaan hyydytt\u00e4m\u00e4\u00e4n talouskasvua. Talouskasvua keskuspankin t\u00e4ytyisi pit\u00e4\u00e4 yll\u00e4 p\u00e4invastaisella toimenpiteell\u00e4 eli laskemalla korkoja.<\/p>\n<p class=\"aw-1gybjub aw-1p7kakr kEtdKx cEmitX yle__article__paragraph\">Keskuspankilla on k\u00e4yt\u00e4nn\u00f6ss\u00e4 vain yksi ty\u00f6kalu, ohjauskorot. Niiden taso vaikuttaa kaikkialle talouteen, mutta hitaasti. Nyrkkis\u00e4\u00e4nn\u00f6n mukaan muutokset ohjauskorossa alkavat tuntua talouden arjessa puolen vuoden viipeell\u00e4.<\/p>\n<p class=\"aw-1gybjub aw-1p7kakr kEtdKx cEmitX yle__article__paragraph\">Kenenk\u00e4\u00e4n, edes EKP:n tiedossa ei ole, kuinka kauan Iranin sota jatkuu ja \u00f6ljykuljetuksien kannalta t\u00e4rke\u00e4t <a class=\"aw-iao6s4 iHOxEa yle__article__link\" href=\"https:\/\/yle.fi\/a\/74-20213514\" role=\"link\" rel=\"nofollow noopener\" target=\"_blank\">Persianlahti ja Hormuzinsalmi pysyv\u00e4t tukossa<\/a>.<\/p>\n<p class=\"aw-1gybjub aw-1p7kakr kEtdKx cEmitX yle__article__paragraph\">EKP kertoo omat johtop\u00e4\u00e4t\u00f6ksens\u00e4 tilanteesta t\u00e4n\u00e4\u00e4n iltap\u00e4iv\u00e4ll\u00e4 p\u00e4\u00e4johtaja <strong class=\"aw-ak79eh KyCXm yle__article__strong\">Christine Lagarden<\/strong> johdolla.<\/p>\n<p class=\"aw-1gybjub aw-1p7kakr kEtdKx cEmitX yle__article__paragraph\">Markkinat pyrkiv\u00e4t ennakoimaan EKP:n ohjauskorkoa koskevia p\u00e4\u00e4t\u00f6ksi\u00e4. T\u00e4m\u00e4 on saanut jo ennakolta 12 kuukauden euribor-koron hyp\u00e4ht\u00e4m\u00e4\u00e4n jyrkimp\u00e4\u00e4n nousuun l\u00e4hes kolmeen vuoteen.<\/p>\n<p class=\"aw-1gybjub aw-1p7kakr kEtdKx cEmitX yle__article__paragraph\">Pari viikkoa sitten, ennen Iranin sotaa, markkinoilla odotettiin, ett\u00e4 EKP saattaisi laskea korkoaan t\u00e4n\u00e4 vuonna. Nyt odotuksissa on tapahtunut t\u00e4ysk\u00e4\u00e4nn\u00f6s.<\/p>\n<p class=\"aw-1gybjub aw-1p7kakr kEtdKx cEmitX yle__article__paragraph\">\u2013 Odotukset koron leikkaamisesta on pyyhk\u00e4isty t\u00e4ysin pois. Sen sijaan t\u00e4lle vuodelle on nyt hinnoiteltu melkein kaksi koronnostoa, ensimm\u00e4inen loppukes\u00e4lle, sanoo Danske Bankin vanhempi analyytikko <strong class=\"aw-ak79eh KyCXm yle__article__strong\">Antti Ilvonen<\/strong>.<\/p>\n<p class=\"aw-1gybjub aw-1p7kakr kEtdKx cEmitX yle__article__paragraph\">Ilvonen odottaa, ett\u00e4 EKP ei muuta ohjauskorkoaan, joka laski viime kes\u00e4n\u00e4 tasan kahteen prosenttiin. Sen sijaan kiinnostavaa on nyt se, millaisen viestin Lagarde haluaa antaa markkinoille.<\/p>\n<p class=\"aw-1gybjub aw-1p7kakr kEtdKx cEmitX yle__article__paragraph\">\u2013 Meid\u00e4n ajatuksemme on se, ett\u00e4 EKP:n ei viel\u00e4 t\u00e4ss\u00e4 kohtaa pit\u00e4isi l\u00e4hte\u00e4 spekuloimaan korkojen nostamisella, koska se ei valitettavasti paljon auta energian hintojen nousua vastaan. Kyse on kuitenkin geopoliittisesta shokista, ei varsinaisesta kysynt\u00e4shokista, Ilvonen sanoo.<\/p>\n<p class=\"aw-1gybjub aw-1p7kakr kEtdKx cEmitX yle__article__paragraph\">H\u00e4nen mukaansa markkinoilla odotetaan nyt, ett\u00e4 inflaatio tulee pysym\u00e4\u00e4n hiukan aiempaa korkeampana tulevan vuoden ajan, mutta sen j\u00e4lkeen se palaa l\u00e4helle EKP:n tavoittelemaa noin kahden prosentin tasoa.<\/p>\n<p>Iranin sota sy\u00f6 odotuksia k\u00e4\u00e4nteest\u00e4 parempaan<\/p>\n<p class=\"aw-1gybjub aw-1p7kakr kEtdKx cEmitX yle__article__paragraph\">Iranin kriisi on nyt EKP:n p\u00e4\u00e4asiallinen huomion kohde, mutta seurannassa on my\u00f6s Euroopan ty\u00f6llisyys.<\/p>\n<p class=\"aw-1gybjub aw-1p7kakr kEtdKx cEmitX yle__article__paragraph\">Vaikka <a class=\"aw-iao6s4 iHOxEa yle__article__link\" href=\"https:\/\/yle.fi\/a\/74-20203092\" role=\"link\" rel=\"nofollow noopener\" target=\"_blank\">Suomessa ongelmana on Euroopan korkein ty\u00f6tt\u00f6myys<\/a>, muualla euromaissa ty\u00f6voimapula ja palkkojen nousu ovat yleisempi haaste. T\u00e4m\u00e4 puhuisi korkojen nostamisen puolesta.<\/p>\n<p class=\"aw-1gybjub aw-1p7kakr kEtdKx cEmitX yle__article__paragraph\">Keskuspankin on seurattava ja ennakoitava talouden kokonaiskuvan kehittymist\u00e4. Suomessa ja muuallakin Euroopassa odotettiin ennen sotaa, ett\u00e4 talouskasvu voisi elpy\u00e4 ainakin maltillisesti t\u00e4m\u00e4n vuoden kuluessa.<\/p>\n<p><strong class=\"aw-1bgq5a3 bSmpIc\">Odotukset korkomuutoksista tekiv\u00e4t t\u00e4ysk\u00e4\u00e4nn\u00f6ksen<\/strong><\/p>\n<p class=\"aw-1gybjub aw-1p7kakr kEtdKx cEmitX yle__article__paragraph\">\u2013 Nyt pohditaan, pit\u00e4\u00e4k\u00f6 ennusteet laittaa uusiksi, Ilvonen arvioi.<\/p>\n<p class=\"aw-1gybjub aw-1p7kakr kEtdKx cEmitX yle__article__paragraph\">Markkinoilla odotetaan, ett\u00e4 vuoden euribor jatkaa maltillista nousuaan 2,8 prosenttiin viel\u00e4 t\u00e4n\u00e4 vuonna, mutta Danske Bankissa uskotaan my\u00f6s toiseen vaihtoehtoon.<\/p>\n<p class=\"aw-1gybjub aw-1p7kakr kEtdKx cEmitX yle__article__paragraph\">\u2013 Meid\u00e4n n\u00e4kemyksemme on se, ett\u00e4 jos EKP pit\u00e4\u00e4 v\u00e4h\u00e4n varovaisempaa linjaa, eik\u00e4 l\u00e4hde nostamaan korkoja yht\u00e4 nopeasti kuin markkina hinnoittelee, niin silloin my\u00f6s euriboreissa nousu ei jatku nykytasolta en\u00e4\u00e4 kovin pitk\u00e4lle.<\/p>\n<p class=\"aw-1gybjub aw-1p7kakr kEtdKx cEmitX yle__article__paragraph\">Suomen matelevan kansantalouden kannalta korkotason pit\u00e4isi olla nykyist\u00e4 matalampi, mutta Danske Bankin mukaan talous viel\u00e4 kest\u00e4\u00e4 n\u00e4ht\u00e4viss\u00e4 olevan korkojen nousun jatkumisen.<\/p>\n<p class=\"aw-1gybjub aw-1p7kakr kEtdKx cEmitX yle__article__paragraph\">\u2013 Kaikki t\u00e4m\u00e4 pident\u00e4\u00e4 ep\u00e4varmuutta ja taas kerran sy\u00f6 odotusta paremmasta huomisesta, Antti Ilvonen sanoo.<\/p>\n<p class=\"aw-1gybjub aw-1p7kakr kEtdKx cEmitX yle__article__paragraph\">EKP kertoo korkop\u00e4\u00e4t\u00f6ksest\u00e4\u00e4n t\u00e4n\u00e4\u00e4n torstaina kello 15.15. Puoli tuntia sen j\u00e4lkeen tiedotustilaisuudessa kuullaan p\u00e4\u00e4johtaja Lagarden perustelut p\u00e4\u00e4t\u00f6kselle ja mahdollisesti vihjeit\u00e4 tulevasta. Pankki julkistaa my\u00f6s ennusteensa Euroopan ja maailman taloudesta.<\/p>\n","protected":false},"excerpt":{"rendered":"Iranin sota on k\u00e4\u00e4nt\u00e4nyt talouden asetelmat Euroopassa uuteen asentoon. EKP kertoo iltap\u00e4iv\u00e4ll\u00e4 p\u00e4\u00e4t\u00f6ksens\u00e4 koroista. Avaa kuvien katselu EKP:n&hellip;\n","protected":false},"author":2,"featured_media":105497,"comment_status":"","ping_status":"","sticky":false,"template":"","format":"standard","meta":{"footnotes":"","_share_on_mastodon":"0"},"categories":[76],"tags":[79,77,7519,33,31,30,3245,2458,15595,32,78],"class_list":["post-198180","post","type-post","status-publish","format-standard","has-post-thumbnail","category-talous","tag-business","tag-economy","tag-euroopan-keskuspankki","tag-fi","tag-finland","tag-finnish","tag-inflaatio","tag-korko","tag-oljyn-hinta","tag-suomi","tag-talous"],"share_on_mastodon":{"url":"https:\/\/pubeurope.com\/@fi\/116254126087657534","error":""},"_links":{"self":[{"href":"https:\/\/www.europesays.com\/fi\/wp-json\/wp\/v2\/posts\/198180","targetHints":{"allow":["GET"]}}],"collection":[{"href":"https:\/\/www.europesays.com\/fi\/wp-json\/wp\/v2\/posts"}],"about":[{"href":"https:\/\/www.europesays.com\/fi\/wp-json\/wp\/v2\/types\/post"}],"author":[{"embeddable":true,"href":"https:\/\/www.europesays.com\/fi\/wp-json\/wp\/v2\/users\/2"}],"replies":[{"embeddable":true,"href":"https:\/\/www.europesays.com\/fi\/wp-json\/wp\/v2\/comments?post=198180"}],"version-history":[{"count":0,"href":"https:\/\/www.europesays.com\/fi\/wp-json\/wp\/v2\/posts\/198180\/revisions"}],"wp:featuredmedia":[{"embeddable":true,"href":"https:\/\/www.europesays.com\/fi\/wp-json\/wp\/v2\/media\/105497"}],"wp:attachment":[{"href":"https:\/\/www.europesays.com\/fi\/wp-json\/wp\/v2\/media?parent=198180"}],"wp:term":[{"taxonomy":"category","embeddable":true,"href":"https:\/\/www.europesays.com\/fi\/wp-json\/wp\/v2\/categories?post=198180"},{"taxonomy":"post_tag","embeddable":true,"href":"https:\/\/www.europesays.com\/fi\/wp-json\/wp\/v2\/tags?post=198180"}],"curies":[{"name":"wp","href":"https:\/\/api.w.org\/{rel}","templated":true}]}}