{"id":198363,"date":"2026-03-19T09:54:15","date_gmt":"2026-03-19T09:54:15","guid":{"rendered":"https:\/\/www.europesays.com\/fi\/198363\/"},"modified":"2026-03-19T09:54:15","modified_gmt":"2026-03-19T09:54:15","slug":"ilosaarirockissa-kuullaan-euroviisuja-norjalaista-metallia-ja-kansanmusiikkia-yle","status":"publish","type":"post","link":"https:\/\/www.europesays.com\/fi\/198363\/","title":{"rendered":"Ilosaarirockissa kuullaan euroviisuja, norjalaista metallia ja kansanmusiikkia &#8211; Yle"},"content":{"rendered":"<ol>\n<li><a href=\"https:\/\/news.google.com\/rss\/articles\/CBMiQkFVX3lxTFBQU0NCd3lwc3lNUHU2bmY4WnJNeldrUEtQbmNuck5INnBiRjBFME5felp1cjJvNTh5M0I1YzJXa29HUQ?oc=5\" target=\"_blank\" rel=\"nofollow noopener\">Ilosaarirockissa kuullaan euroviisuja, norjalaista metallia ja kansanmusiikkia<\/a>&nbsp;&nbsp;Yle<\/li>\n<li><a href=\"https:\/\/news.google.com\/rss\/articles\/CBMidkFVX3lxTE5vSjVGeV9oWm83c1hVMGRzU3lHdVJzRHVCZDFQT1UzYUwxZ0VwTEFjQUpMNGgyRmVlTDBpUDFMVEQxMUxOOHd1dVRwY0NVWm1RcG4wZDRIZFdSS3hQU3Vsa3I1R2tpOGlOY2tFX2p6SmRjRHJScHc?oc=5\" target=\"_blank\" rel=\"nofollow noopener\">Nylonia ja mayhemia \u2013 kasa uusia nimi\u00e4 julki<\/a>&nbsp;&nbsp;Ilosaarirock<\/li>\n<li><a href=\"https:\/\/news.google.com\/rss\/articles\/CBMiiAFBVV95cUxQZFlBZ255YkNBanNyc2M4WkNySTk4WWMxMlFGMkVnZ3c3Vl9CYXRnTTFSb2lrNTc1WTNoSnBXdGJMSkZoY0EzRndUTzhTUV90ejZ1aWpfai1Uem9wSnN5c2RKNTYzT3FYSHZuT1FWc2M0WkNnc3E4TkFwb0VDSjlieGc2YjBMVWM1?oc=5\" target=\"_blank\" rel=\"nofollow noopener\">Nylonia ja Mayhemia \u2013 Ilosaarirock julkaisi kasan uusia nimi\u00e4<\/a>&nbsp;&nbsp;Kaaoszine<\/li>\n<li><a href=\"https:\/\/news.google.com\/rss\/articles\/CBMikAFBVV95cUxOcjhtQ1JlUWRLekNKNWZYellzaWlWeVVkYUhLRU0zak1vNWU3VlhpVjVyS18ybndhcWVYeGtOT2MyUXdZLWtlRlkyQV9hbVBhQUw1bmpSM2F3cUVVUmJvdVdDejhrc3JiZURjTmFoV3RyUENOSFdvN2pvR043NC1zV1pNLTV1QWluTjdhZDd2UHQ?oc=5\" target=\"_blank\" rel=\"nofollow noopener\">No nyt, Ilosaarirock julkisti odotettuja uutisia<\/a>&nbsp;&nbsp;V2.fi<\/li>\n<li><a href=\"https:\/\/news.google.com\/rss\/articles\/CBMipwFBVV95cUxNRlphdS1LSHdBZ1RpNmgweHRkMTM3ZWJmcWFTWlZBQjRUaHd4S1hlUXhLbUttTDZSSG85TkZOeHRnUHM4bzU3VWgzejU1bWJPNkI3UHpBd3JjRld1cVNrV3Y5T3lEM3VkbWdnaTd1UFR1cndlM2tHczdXV2cxdzBmY09TZUQzVEhwUTVtUUU3QXVmeDIwanFVblRCcHlOY21ZZ2VmSTE3UQ?oc=5\" target=\"_blank\" rel=\"nofollow noopener\">Mayhemi\u00e4 ei ole peruttu -vitsi t\u00e4h\u00e4n \u2013 Ilosaarirock julkisti lis\u00e4\u00e4 esiintyji\u00e4<\/a>&nbsp;&nbsp;Rumba.fi<\/li>\n<\/ol>\n","protected":false},"excerpt":{"rendered":"Ilosaarirockissa kuullaan euroviisuja, norjalaista metallia ja kansanmusiikkia&nbsp;&nbsp;Yle Nylonia ja mayhemia \u2013 kasa uusia nimi\u00e4 julki&nbsp;&nbsp;Ilosaarirock Nylonia ja Mayhemia&hellip;\n","protected":false},"author":2,"featured_media":198364,"comment_status":"","ping_status":"","sticky":false,"template":"","format":"standard","meta":{"footnotes":"","_share_on_mastodon":"0"},"categories":[130],"tags":[137,909,33,31,30,8659,1133,71,10901,1137,9067,30510,32,1667,906,109],"class_list":["post-198363","post","type-post","status-publish","format-standard","has-post-thumbnail","category-viihde","tag-entertainment","tag-euroviisut","tag-fi","tag-finland","tag-finnish","tag-ilosaarirock","tag-joensuu","tag-kotimaa","tag-nylon-beat","tag-pohjois-karjala","tag-rockfestivaalit","tag-suistamon-sahko","tag-suomi","tag-tapahtumat","tag-umk","tag-viihde"],"share_on_mastodon":{"url":"https:\/\/pubeurope.com\/@fi\/116255238811239962","error":""},"_links":{"self":[{"href":"https:\/\/www.europesays.com\/fi\/wp-json\/wp\/v2\/posts\/198363","targetHints":{"allow":["GET"]}}],"collection":[{"href":"https:\/\/www.europesays.com\/fi\/wp-json\/wp\/v2\/posts"}],"about":[{"href":"https:\/\/www.europesays.com\/fi\/wp-json\/wp\/v2\/types\/post"}],"author":[{"embeddable":true,"href":"https:\/\/www.europesays.com\/fi\/wp-json\/wp\/v2\/users\/2"}],"replies":[{"embeddable":true,"href":"https:\/\/www.europesays.com\/fi\/wp-json\/wp\/v2\/comments?post=198363"}],"version-history":[{"count":0,"href":"https:\/\/www.europesays.com\/fi\/wp-json\/wp\/v2\/posts\/198363\/revisions"}],"wp:featuredmedia":[{"embeddable":true,"href":"https:\/\/www.europesays.com\/fi\/wp-json\/wp\/v2\/media\/198364"}],"wp:attachment":[{"href":"https:\/\/www.europesays.com\/fi\/wp-json\/wp\/v2\/media?parent=198363"}],"wp:term":[{"taxonomy":"category","embeddable":true,"href":"https:\/\/www.europesays.com\/fi\/wp-json\/wp\/v2\/categories?post=198363"},{"taxonomy":"post_tag","embeddable":true,"href":"https:\/\/www.europesays.com\/fi\/wp-json\/wp\/v2\/tags?post=198363"}],"curies":[{"name":"wp","href":"https:\/\/api.w.org\/{rel}","templated":true}]}}