{"id":1984,"date":"2025-08-11T19:43:21","date_gmt":"2025-08-11T19:43:21","guid":{"rendered":"https:\/\/www.europesays.com\/fi\/1984\/"},"modified":"2025-08-11T19:43:21","modified_gmt":"2025-08-11T19:43:21","slug":"k1-j3-tuhkasta-nousee-metsa-luonto-palaa","status":"publish","type":"post","link":"https:\/\/www.europesays.com\/fi\/1984\/","title":{"rendered":"K1, J3: Tuhkasta nousee mets\u00e4 | Luonto palaa"},"content":{"rendered":"<p>33 min \u00b7 dokumentti \u00b7 minisarja \u00b7 oivaltava \u00b7 provosoiva <\/p>\n<p class=\"GenericHeader_description__xIOLt GenericHeader_descriptionMinimized__fxa1L\" dir=\"auto\">Tulen ja j\u00e4\u00e4n maa Islanti oli aiemmin suurelta osin metsien peitt\u00e4m\u00e4. Nyt Islannissa yritet\u00e4\u00e4n istuttaa 100 000 hehtaaria mets\u00e4\u00e4 vapaaehtoisvoimin. Ruotsissa polttomestari Johan Falck haluaisi polttaa ison siivun talousmets\u00e4\u00e4, mutta villit mets\u00e4palot uhkaavat est\u00e4\u00e4 operaation. Tanskalaiset eiv\u00e4t edes tied\u00e4, millaista on alkuper\u00e4inen tanskalainen luonto. Siksi tutkijat etsiv\u00e4t nyt menneisyytt\u00e4 j\u00e4rven pohjasta.<\/p>\n<p>julkaistu<br \/>\nma 12.5.2025 k\u00e4ynnistyskerrat<br \/>\n20\u00a0237 <\/p>\n<p>Jaa ohjelmaLis\u00e4\u00e4 omalle listalle<\/p>\n","protected":false},"excerpt":{"rendered":"33 min \u00b7 dokumentti \u00b7 minisarja \u00b7 oivaltava \u00b7 provosoiva Tulen ja j\u00e4\u00e4n maa Islanti oli aiemmin suurelta&hellip;\n","protected":false},"author":2,"featured_media":1985,"comment_status":"","ping_status":"","sticky":false,"template":"","format":"standard","meta":{"footnotes":""},"categories":[117],"tags":[33,31,30,72,476,118,32,119,477],"class_list":{"0":"post-1984","1":"post","2":"type-post","3":"status-publish","4":"format-standard","5":"has-post-thumbnail","7":"category-luonto","8":"tag-fi","9":"tag-finland","10":"tag-finnish","11":"tag-luonto","12":"tag-nature","13":"tag-science","14":"tag-suomi","15":"tag-tiede","16":"tag-wildlife"},"share_on_mastodon":{"url":"","error":""},"_links":{"self":[{"href":"https:\/\/www.europesays.com\/fi\/wp-json\/wp\/v2\/posts\/1984","targetHints":{"allow":["GET"]}}],"collection":[{"href":"https:\/\/www.europesays.com\/fi\/wp-json\/wp\/v2\/posts"}],"about":[{"href":"https:\/\/www.europesays.com\/fi\/wp-json\/wp\/v2\/types\/post"}],"author":[{"embeddable":true,"href":"https:\/\/www.europesays.com\/fi\/wp-json\/wp\/v2\/users\/2"}],"replies":[{"embeddable":true,"href":"https:\/\/www.europesays.com\/fi\/wp-json\/wp\/v2\/comments?post=1984"}],"version-history":[{"count":0,"href":"https:\/\/www.europesays.com\/fi\/wp-json\/wp\/v2\/posts\/1984\/revisions"}],"wp:featuredmedia":[{"embeddable":true,"href":"https:\/\/www.europesays.com\/fi\/wp-json\/wp\/v2\/media\/1985"}],"wp:attachment":[{"href":"https:\/\/www.europesays.com\/fi\/wp-json\/wp\/v2\/media?parent=1984"}],"wp:term":[{"taxonomy":"category","embeddable":true,"href":"https:\/\/www.europesays.com\/fi\/wp-json\/wp\/v2\/categories?post=1984"},{"taxonomy":"post_tag","embeddable":true,"href":"https:\/\/www.europesays.com\/fi\/wp-json\/wp\/v2\/tags?post=1984"}],"curies":[{"name":"wp","href":"https:\/\/api.w.org\/{rel}","templated":true}]}}