{"id":19849,"date":"2025-08-29T14:48:08","date_gmt":"2025-08-29T14:48:08","guid":{"rendered":"https:\/\/www.europesays.com\/fi\/19849\/"},"modified":"2025-08-29T14:48:08","modified_gmt":"2025-08-29T14:48:08","slug":"rikosilmoitus-elisa-aaltolasta-ihan-sairasta","status":"publish","type":"post","link":"https:\/\/www.europesays.com\/fi\/19849\/","title":{"rendered":"Rikosilmoitus Elisa Aaltolasta \u2013 &#8221;Ihan sairasta&#8221;"},"content":{"rendered":"<p>Mikko K\u00e4rn\u00e4 kertoo, ett\u00e4 sai runsaasti vihapostia Elisa Aaltolan kommentin j\u00e4lkeen. Aaltola itse pit\u00e4\u00e4 K\u00e4rn\u00e4n tekem\u00e4\u00e4 rikosilmoitusta kummallisena ja vaarallisena.<\/p>\n<p><img decoding=\"async\" class=\"image image-show image-preview\" src=\"https:\/\/www.europesays.com\/fi\/wp-content\/uploads\/2025\/08\/034e797d6784667952e7ebf26edb759ef31b4c3f529a92425cc1f39fbd96e2b9.jpg\" alt=\"\"\/><img decoding=\"async\" class=\"image image-show\" src=\"https:\/\/www.europesays.com\/fi\/wp-content\/uploads\/2025\/08\/1756478888_780_034e797d6784667952e7ebf26edb759ef31b4c3f529a92425cc1f39fbd96e2b9.jpg\" alt=\"\"\/><\/p>\n<p>Mikko K\u00e4rn\u00e4 pit\u00e4\u00e4 Elisa Aaltolan k\u00e4yt\u00f6st\u00e4 t\u00f6rke\u00e4n\u00e4. H\u00e4n kertoo noudattavansa mets\u00e4st\u00e4ess\u00e4\u00e4n lakeja ja asetuksia. Pete Anikari<\/p>\n<ul>\n<li>Rautavaaran kunnanjohtaja Mikko K\u00e4rn\u00e4 syytt\u00e4\u00e4 el\u00e4infilosofi Elisa Aaltolaa kunnianloukkauksesta.<\/li>\n<li>Aaltola kutsui K\u00e4rn\u00e4\u00e4 vastuuttomaksi kyyhkyjen tappajaksi. K\u00e4rn\u00e4 kertoo saaneensa kommentin j\u00e4lkeen paljon vihapostia.<\/li>\n<li>Aaltola pit\u00e4\u00e4 K\u00e4rn\u00e4n rikosilmoitusta keinona yritt\u00e4\u00e4 hiljent\u00e4\u00e4 mets\u00e4stykseen kohdistuvaa kritiikki\u00e4.<\/li>\n<\/ul>\n<p class=\"paragraph\">Rautavaaran kunnanjohtaja <strong>Mikko K\u00e4rn\u00e4<\/strong> on tehnyt rikosilmoituksen el\u00e4infilosofi <strong>Elisa Aaltolasta<\/strong>.<\/p>\n<p class=\"paragraph\">K\u00e4rn\u00e4n mielest\u00e4 Aaltola on syyllistynyt kunnianloukkaukseen.<\/p>\n<p class=\"paragraph\">K\u00e4rn\u00e4 julkaisi sunnuntaina 10. elokuuta Facebookin kuvasarjan, jonka ohessa h\u00e4n kertoi avanneensa mets\u00e4styskauden Rautavaaralla.<\/p>\n<p class=\"paragraph\">My\u00f6hemmin samana p\u00e4iv\u00e4n\u00e4 Aaltola jakoi K\u00e4rn\u00e4n p\u00e4ivityksen El\u00e4inoikeusakatemian julkaisun kommenteissa. Aaltola kutsui K\u00e4rn\u00e4\u00e4 vastuuttomaksi kyyhkyjen tappajaksi.<\/p>\n<p class=\"paragraph\">\u2013 N\u00e4kemykseni mukaan Aaltola maalittaa ihmisi\u00e4 ja k\u00e4ytt\u00e4ytyy t\u00f6rke\u00e4sti. On tosi s\u00e4\u00e4li, ett\u00e4 laillista, hienoa luontoharrastusta harrastavia ihmisi\u00e4 kohdellaan t\u00e4ll\u00e4 tavalla, K\u00e4rn\u00e4 sanoo.<\/p>\n<p>Yhteydess\u00e4 juristeihin<\/p>\n<p class=\"paragraph\">K\u00e4rn\u00e4 kirjoitti julkaisunsa alle vastauksen Aaltolalle. H\u00e4n kertoi noudattavansa mets\u00e4st\u00e4ess\u00e4\u00e4n lakeja ja asetuksia sek\u00e4 pyrkiv\u00e4ns\u00e4 ampumaan parveutuneita lintuja ja kohdistamaan mets\u00e4styksen nuoriin yksil\u00f6ihin.<\/p>\n<p class=\"paragraph\">\u2013 Kuten varmasti huomaat, noilla linnuilla EI ole kaulalaikkuja, joten ne ovat nimenomaan nuoria yksil\u00f6it\u00e4, joilla ei ole poikasia pesiss\u00e4. Ett\u00e4 silleen. Ihan turhaa m\u00f6lin\u00e4\u00e4 sinulta pelk\u00e4n m\u00f6lin\u00e4n takia, K\u00e4rn\u00e4 kirjoitti osoittaen viestins\u00e4 Aaltolalle.<\/p>\n<p class=\"paragraph\">Aaltola kertoo k\u00e4ytt\u00e4neens\u00e4 K\u00e4rn\u00e4st\u00e4 sanoja \u201dvastuuton kyyhkyjen tappaja\u201d , koska h\u00e4nen mukaansa etenkin liikkuvaa lintua on vaikea tunnistaa varmasti aikuiseksi tai nuoreksi yksil\u00f6ksi.<\/p>\n<p class=\"paragraph\">H\u00e4n lis\u00e4\u00e4 k\u00e4ytt\u00e4neens\u00e4 termi\u00e4 vastuuton siksi, ett\u00e4 \u201dK\u00e4rn\u00e4 tosiasiallisesti tappaa kyyhkyj\u00e4\u201d.<\/p>\n<p class=\"paragraph\">\u2013 Kun niit\u00e4 aikuisia tapetaan, niin poikaset, joita aikuiset viel\u00e4 hoitavat, kokevat n\u00e4\u00e4ntymiskuoleman.  Sepelkyyhkyill\u00e4h\u00e4n pesint\u00e4 jatkuu jopa syyskuulle asti. Koska laukaus voi osua emolintuun, on kyyhkyjen mets\u00e4stys pesim\u00e4aikaan vastuutonta.<\/p>\n<p>Vihapostia<\/p>\n<p class=\"paragraph\">K\u00e4rn\u00e4 kertoo saaneensa Aaltolan kommentin takia osakseen vihapostia ja halveksuntaa.<\/p>\n<p class=\"paragraph\">Mets\u00e4stysreissulla oli mukana my\u00f6s K\u00e4rn\u00e4n lapsi.<\/p>\n<p class=\"paragraph\">Eniten entist\u00e4 kansanedustajaa h\u00e4iritsikin er\u00e4\u00e4n Facebook-k\u00e4ytt\u00e4j\u00e4n kommentti, jossa K\u00e4rn\u00e4n v\u00e4itettiin kasvattavan lapsestaan murhaajaa.<\/p>\n<p class=\"paragraph\">\u2013 Se on ihan helvetin sairasta minun mielest\u00e4ni, K\u00e4rn\u00e4 sanoo.<\/p>\n<p class=\"paragraph\">K\u00e4rn\u00e4 oli yhteydess\u00e4 Aaltolaan puhelimitse ennen rikosilmoituksen tekemist\u00e4. H\u00e4n toivoi Aaltolalta anteeksipyynt\u00f6\u00e4, mutta ei sellaista kuitenkaan saanut.<\/p>\n<p class=\"paragraph\">\u2013 Haluan korostaa, ett\u00e4 olisin halunnut hoitaa t\u00e4m\u00e4n homman muuten kuin lakiteitse, mutta Aaltola ei j\u00e4tt\u00e4nyt vaihtoehtoa.<\/p>\n<p>\u201dPaljon ironiaa\u201d<\/p>\n<p class=\"paragraph\">Aaltola pit\u00e4\u00e4 K\u00e4rn\u00e4n p\u00e4\u00e4t\u00f6st\u00e4 tehd\u00e4 rikosilmoitus kummallisena ja vaarallisena. H\u00e4n kokee, ett\u00e4 taustalla on voimakas halu hiljent\u00e4\u00e4 mets\u00e4stykseen kohdistuva kritiikki.<\/p>\n<p class=\"paragraph\">\u2013 H\u00e4n (K\u00e4rn\u00e4) on kampanjoinut hyvinkin paljon sen eteen, ettei mets\u00e4styskritiikki\u00e4 voisi esitt\u00e4\u00e4. Se on mielest\u00e4ni tosi ongelmallista, koska me el\u00e4mme demokraattisessa yhteiskunnassa, miss\u00e4 on sananvapaus, Aaltola sanoo.<\/p>\n<p class=\"paragraph\">Aaltolan mukaan rikosilmoituksen taustalla on sanan \u201dvastuuton\u201d k\u00e4ytt\u00f6.<\/p>\n<p class=\"paragraph\">H\u00e4n kertoo, ett\u00e4 K\u00e4rn\u00e4 on muiden negatiiviss\u00e4vytteisten kommenttien ohessa itse k\u00e4ytt\u00e4nyt menneisyydess\u00e4 samaa termi\u00e4 kuvaillessaan Aaltolaa.<\/p>\n<p class=\"paragraph\">\u2013 N\u00e4en t\u00e4ss\u00e4 kaksinaismoralismia. H\u00e4n itse k\u00e4ytt\u00e4\u00e4 paitsi minusta my\u00f6s monista muista varsin k\u00e4rk\u00e4st\u00e4 kielt\u00e4, ja on itse saanut kunnianloukkaustuomion.<\/p>\n<p>Elisa Aaltola sanoo K\u00e4rn\u00e4n olevan julkinen mets\u00e4styksen puolustaja, ja ett\u00e4 h\u00e4nen tulisi pysty\u00e4 ottamaan vastaan perusteltua kritiikki\u00e4 ilman, ett\u00e4 sortuu kunnianloukkaussyytteisiin. Roni Lehti<\/p>\n<p class=\"paragraph\">Aaltola viittaa Helsingin hovioikeuden toukokuiseen p\u00e4\u00e4t\u00f6kseen, jolloin K\u00e4rn\u00e4 <a href=\"https:\/\/www.iltalehti.fi\/politiikka\/4489f71b-7b4d-4b34-97ff-361f117ab7ff\" rel=\"nofollow noopener\" target=\"_blank\">tuomittiin  sakkorangaistukseen<\/a>.<\/p>\n<p class=\"paragraph\">\u2013 H\u00e4n syytt\u00e4\u00e4 muita n\u00e4in lievist\u00e4 ilmaisuista kuin vastuuton. Minun mielest\u00e4ni t\u00e4ss\u00e4 on paljon ironiaa mukana, Aaltola sanoo.<\/p>\n<p class=\"paragraph\">Aaltolan mukaan K\u00e4rn\u00e4 on jo vuosien ajan esitt\u00e4nyt h\u00e4nest\u00e4 asiattomia v\u00e4itteit\u00e4 ja syytt\u00e4nyt jopa rikollisuuteen yllytt\u00e4misest\u00e4.<\/p>\n","protected":false},"excerpt":{"rendered":"Mikko K\u00e4rn\u00e4 kertoo, ett\u00e4 sai runsaasti vihapostia Elisa Aaltolan kommentin j\u00e4lkeen. Aaltola itse pit\u00e4\u00e4 K\u00e4rn\u00e4n tekem\u00e4\u00e4 rikosilmoitusta kummallisena&hellip;\n","protected":false},"author":2,"featured_media":19850,"comment_status":"","ping_status":"","sticky":false,"template":"","format":"standard","meta":{"footnotes":""},"categories":[12],"tags":[35,22,23,26,27,33,31,30,17,53,24,25,28,29,15,18,21,637,886,38,887,32,19,20,16],"class_list":{"0":"post-19849","1":"post","2":"type-post","3":"status-publish","4":"format-standard","5":"has-post-thumbnail","7":"category-suomi","8":"tag-24h","9":"tag-breaking-news","10":"tag-breakingnews","11":"tag-featured-news","12":"tag-featurednews","13":"tag-fi","14":"tag-finland","15":"tag-finnish","16":"tag-headlines","17":"tag-laki-oikeus-ja-rikos","18":"tag-latest-news","19":"tag-latestnews","20":"tag-main-news","21":"tag-mainnews","22":"tag-news","23":"tag-otsikot","24":"tag-paauutiset","25":"tag-politiikka","26":"tag-puolueet","27":"tag-rikos","28":"tag-suomen-politiikka","29":"tag-suomi","30":"tag-top-stories","31":"tag-topstories","32":"tag-uutiset"},"share_on_mastodon":{"url":"","error":""},"_links":{"self":[{"href":"https:\/\/www.europesays.com\/fi\/wp-json\/wp\/v2\/posts\/19849","targetHints":{"allow":["GET"]}}],"collection":[{"href":"https:\/\/www.europesays.com\/fi\/wp-json\/wp\/v2\/posts"}],"about":[{"href":"https:\/\/www.europesays.com\/fi\/wp-json\/wp\/v2\/types\/post"}],"author":[{"embeddable":true,"href":"https:\/\/www.europesays.com\/fi\/wp-json\/wp\/v2\/users\/2"}],"replies":[{"embeddable":true,"href":"https:\/\/www.europesays.com\/fi\/wp-json\/wp\/v2\/comments?post=19849"}],"version-history":[{"count":0,"href":"https:\/\/www.europesays.com\/fi\/wp-json\/wp\/v2\/posts\/19849\/revisions"}],"wp:featuredmedia":[{"embeddable":true,"href":"https:\/\/www.europesays.com\/fi\/wp-json\/wp\/v2\/media\/19850"}],"wp:attachment":[{"href":"https:\/\/www.europesays.com\/fi\/wp-json\/wp\/v2\/media?parent=19849"}],"wp:term":[{"taxonomy":"category","embeddable":true,"href":"https:\/\/www.europesays.com\/fi\/wp-json\/wp\/v2\/categories?post=19849"},{"taxonomy":"post_tag","embeddable":true,"href":"https:\/\/www.europesays.com\/fi\/wp-json\/wp\/v2\/tags?post=19849"}],"curies":[{"name":"wp","href":"https:\/\/api.w.org\/{rel}","templated":true}]}}