{"id":198572,"date":"2026-03-19T15:04:11","date_gmt":"2026-03-19T15:04:11","guid":{"rendered":"https:\/\/www.europesays.com\/fi\/198572\/"},"modified":"2026-03-19T15:04:11","modified_gmt":"2026-03-19T15:04:11","slug":"sam-raimin-uuden-send-help-kauhukomedian-voi-katsoa-kotona-ensi-viikolla","status":"publish","type":"post","link":"https:\/\/www.europesays.com\/fi\/198572\/","title":{"rendered":"Sam Raimin uuden Send Help -kauhukomedian voi katsoa kotona ensi viikolla"},"content":{"rendered":"<p>Sam Raimin ohjaama erilainen selviytymisseikkailu Send Help py\u00f6ri talvella Suomenkin teattereissa.<\/p>\n<p><a href=\"https:\/\/muropaketti.com\/avainsana\/send-help\/\" rel=\"nofollow noopener\" target=\"_blank\">Send Help<\/a> saapuu eri vod-palveluihin myyntiversiona tiistaina 24. helmikuuta.<\/p>\n<p>Disneyn elokuvana Send Help saapuu ennen pitk\u00e4\u00e4 my\u00f6s Disney+:n valikoimaan, mutta ajankohdasta ei ole viel\u00e4 tietoa. My\u00f6s vuokraversion julkaisuaikataulu on viel\u00e4 avoinna.<\/p>\n<p>Rachel McAdamsin ja Dylan O\u2019Brienin t\u00e4hditt\u00e4m\u00e4ss\u00e4 elokuvassa kaksi ty\u00f6toveria selviytyy hengiss\u00e4 lento-onnettomuudesta mutta j\u00e4\u00e4 eristyksiin autiolle saarelle. Siell\u00e4 ollessaan heid\u00e4n tulee selvitt\u00e4\u00e4 vanhat kaunansa ja puhaltaa yhteen hiileen pysy\u00e4kseen elossa, mutta selviyty\u00e4kseen lopullisesti heid\u00e4n on k\u00e4yt\u00e4v\u00e4 viel\u00e4 kesken\u00e4\u00e4n hirtehinen hoksottimien ja tahtojen taistelu.<\/p>\n<p>Send Helpill\u00e4 on <a href=\"https:\/\/www.rottentomatoes.com\/m\/send_help\" target=\"_blank\" rel=\"noreferrer noopener nofollow\">Rotten Tomatoesissa<\/a> yll\u00e4tt\u00e4v\u00e4n kovat tuoreusasteet, mutta Muropaketin arviossa ei suitsutukseen ihan t\u00e4ysin rinnoin yhdytty. T\u00e4hti\u00e4 irtosi maltillisesti kolme kappaletta.<\/p>\n<p>\u201dSend Help on McAdamsin ja O\u2019Brienin kaksintaistelun areena, jolla molemmat n\u00e4yttelij\u00e4t vakuuttavat. O\u2019Brien esitt\u00e4\u00e4 kusip\u00e4\u00e4t\u00e4 pomoa herkullisesti, ja Raimin l\u00e4hikuvat tuovat my\u00f6s toisen armoilla olemisen l\u00e4hes katsojan k\u00e4sinkosketeltavaksi asti. O\u2019Brien j\u00e4\u00e4 kuitenkin auttamattomasti McAdamsin varjoon, eik\u00e4 h\u00e4nen Bradleylleen anneta paljoakaan mahdollisuuksia varsinaiseen kasvuun. McAdams vet\u00e4\u00e4 monipuolisen roolinsa k\u00e4sikirjoituksen kuoppaisuudesta huolimatta maaliin komeasti.\u201d<\/p>\n<p><a href=\"https:\/\/muropaketti.com\/wp-content\/uploads\/2025\/10\/send-help-juliste.jpg\" rel=\"nofollow noopener\" target=\"_blank\"><img fetchpriority=\"high\" decoding=\"async\" width=\"691\" height=\"1024\" alt=\"Send Help\" class=\"wp-image-902064 awpo-lazy\" style=\"width:840px;height:auto\"  data- src=\"https:\/\/www.europesays.com\/fi\/wp-content\/uploads\/2026\/01\/send-help-juliste-691x1024.jpg\"\/><\/a>Kuva: \u00a9 2025 20th Century Studios<\/p>\n","protected":false},"excerpt":{"rendered":"Sam Raimin ohjaama erilainen selviytymisseikkailu Send Help py\u00f6ri talvella Suomenkin teattereissa. Send Help saapuu eri vod-palveluihin myyntiversiona tiistaina&hellip;\n","protected":false},"author":2,"featured_media":153583,"comment_status":"","ping_status":"","sticky":false,"template":"","format":"standard","meta":{"footnotes":"","_share_on_mastodon":"0"},"categories":[131],"tags":[155,137,33,173,31,30,172,4754,14405,32,109],"class_list":["post-198572","post","type-post","status-publish","format-standard","has-post-thumbnail","category-elokuvat","tag-elokuvat","tag-entertainment","tag-fi","tag-film","tag-finland","tag-finnish","tag-movies","tag-sam-raimi","tag-send-help","tag-suomi","tag-viihde"],"share_on_mastodon":{"url":"https:\/\/pubeurope.com\/@fi\/116256457688757725","error":""},"_links":{"self":[{"href":"https:\/\/www.europesays.com\/fi\/wp-json\/wp\/v2\/posts\/198572","targetHints":{"allow":["GET"]}}],"collection":[{"href":"https:\/\/www.europesays.com\/fi\/wp-json\/wp\/v2\/posts"}],"about":[{"href":"https:\/\/www.europesays.com\/fi\/wp-json\/wp\/v2\/types\/post"}],"author":[{"embeddable":true,"href":"https:\/\/www.europesays.com\/fi\/wp-json\/wp\/v2\/users\/2"}],"replies":[{"embeddable":true,"href":"https:\/\/www.europesays.com\/fi\/wp-json\/wp\/v2\/comments?post=198572"}],"version-history":[{"count":0,"href":"https:\/\/www.europesays.com\/fi\/wp-json\/wp\/v2\/posts\/198572\/revisions"}],"wp:featuredmedia":[{"embeddable":true,"href":"https:\/\/www.europesays.com\/fi\/wp-json\/wp\/v2\/media\/153583"}],"wp:attachment":[{"href":"https:\/\/www.europesays.com\/fi\/wp-json\/wp\/v2\/media?parent=198572"}],"wp:term":[{"taxonomy":"category","embeddable":true,"href":"https:\/\/www.europesays.com\/fi\/wp-json\/wp\/v2\/categories?post=198572"},{"taxonomy":"post_tag","embeddable":true,"href":"https:\/\/www.europesays.com\/fi\/wp-json\/wp\/v2\/tags?post=198572"}],"curies":[{"name":"wp","href":"https:\/\/api.w.org\/{rel}","templated":true}]}}