{"id":19858,"date":"2025-08-29T15:05:06","date_gmt":"2025-08-29T15:05:06","guid":{"rendered":"https:\/\/www.europesays.com\/fi\/19858\/"},"modified":"2025-08-29T15:05:06","modified_gmt":"2025-08-29T15:05:06","slug":"minulla-ei-ole-sita-rajoitusta-bruce-dickinsonin-soolotuotanto-eroaa-yhdessa-asiassa-suuresti-iron-maidenista-ja-aivan-tarkoituksella-inferno-fi","status":"publish","type":"post","link":"https:\/\/www.europesays.com\/fi\/19858\/","title":{"rendered":"&quot;Minulla ei ole sit\u00e4 rajoitusta&quot; &#8211; Bruce Dickinsonin soolotuotanto eroaa yhdess\u00e4 asiassa suuresti Iron Maidenist\u00e4 ja aivan tarkoituksella &#8211; Inferno.fi"},"content":{"rendered":"<ol>\n<li><a href=\"https:\/\/news.google.com\/rss\/articles\/CBMi-AFBVV95cUxQSWZNc3hFWFBMM1VaT3FFTjhmWlZSTmkxdnZpWWxFT3ptelNFSUgxel9UMVV4aENEaFFCS2dZcDlUMlQ2eGJybzk4SUZjS1VBdW1BUnBDZVQtaU5WRGQwVkNoTHdabFQzNzZWbTYxOU5idzZ6V3I1WFNaWi1oOHRQS3FoOFdyQ1J6ZXVHdjJqYlhoWnI2UHZ1UjcxS3laVzVjbk1mZlAyZ21yS1BRTXlhcWFFQktzZUJuN0xTUVdpdHJSYzlYTkwwUWNKNE1mWlAzbXBUOHFSUTdfdENocko5YVZtT05VQTlNVndnVUUzT3dQYThWb0FvdA?oc=5\" target=\"_blank\" rel=\"nofollow noopener\">&#8221;Minulla ei ole sit\u00e4 rajoitusta&#8221; &#8211; Bruce Dickinsonin soolotuotanto eroaa yhdess\u00e4 asiassa suuresti Iron Maidenist\u00e4 ja aivan tarkoituksella<\/a>&nbsp;&nbsp;Inferno.fi<\/li>\n<li><a href=\"https:\/\/news.google.com\/rss\/articles\/CBMi6gFBVV95cUxOR182WTRjQ0hrRlNfQ213ZkVFTTVBTzQyZHBVOEh3U0JlSy1OT0dtaTlYRzFZMnVNakFZMWFEa2VKbERLUS1ndmUzM1lYdHdKeHFadFp0WU1OdTlHcGltblM3MkFqMXZlMUs0dW5SblBHUW03dklLTkUyTFpCbFRRZ25fTWp5U3cxWlFJNHExLVBsaUNJdDFGVG14ODd3Z1NLdkZPLVhfTFNWVVV2eUJ0UjZ5SE5XSDZBbFlPei1rOFFCamdwS3Q0azdoMXpkTW5BMUJvZEkwSENhQm5CZ0NUTGxMMG5qQTRTRXc?oc=5\" target=\"_blank\" rel=\"nofollow noopener\">Bruce Dickinson esitti Iron Maidenin &#8221;Flash Of The Blade&#8221; -kappaleen liven\u00e4 ensimm\u00e4ist\u00e4 kertaa soolob\u00e4ndins\u00e4 kanssa: Video katsottavissa<\/a>&nbsp;&nbsp;Kaaoszine<\/li>\n<li><a href=\"https:\/\/news.google.com\/rss\/articles\/CBMiwAFBVV95cUxQQ1VOVVFHSXpWR1B0X21fLU1PSUxLU3ZIQ29rMGtqcWdjZUtfS2Zrd19BblZrSW9DWndBSkE4aHpfbmtaU1p2bFpXbkg3YkJhaEE5SHpwemRTYUg5X3ZER1FOQXdidlZySXJhbi1LSGRWVW81NXFqV2ZvV3NKYWtDQTk3ejhZcU9zdVBiMGJWWnRwR0xyWENGcG1GQ1VWRUs1dnAxeTdQMnN4RllfN09MaGtZcVRHY0Vudmo2VjJPLXg?oc=5\" target=\"_blank\" rel=\"nofollow noopener\">Bruce Dickinson ei pane pahakseen soolokeikkojensa pienempi\u00e4 puitteita &#8211; \u201dRakastan esiintymist\u00e4\u201d<\/a>&nbsp;&nbsp;Soundi.fi<\/li>\n<li><a href=\"https:\/\/news.google.com\/rss\/articles\/CBMi7wFBVV95cUxPdUxnRFlEY25VLWFqcDQtMWVSdmpyV0lOLTQ3Mnh6bHdhQUZtNlZXRWs0ci1Vb1dRd0NzQnV5U3dNeWlXYXBBQmRjZTAwOE5mVU52WmdKeUR4V1JkeWNMVDZYQUZNb1JYSE45aktteXJ5LVpYOGN2OEdYbUVGbTIxTmNSZGdRZU5lR0ViTmhMNzJRd1BCZTFBaURhWnVFS0c3U09ObVdwSmlyQVBKM2xDMDRKbFQ0dkp2ZWJDcTB1aFFhLW1QdXNBaVJBamZXeHhkYTF0SWZCWlBYSU5NM0p1REFQaS0tS29fbUVJSmhvRQ?oc=5\" target=\"_blank\" rel=\"nofollow noopener\">Bruce Dickinsonin soolokeikalla kuultiin Iron Maideni\u00e4 kaukaa kasarilta &#8211; yhtye itse ei ole koskaan esitt\u00e4nyt biisi\u00e4 keikoillaan<\/a>&nbsp;&nbsp;Inferno.fi<\/li>\n<\/ol>\n","protected":false},"excerpt":{"rendered":"&#8221;Minulla ei ole sit\u00e4 rajoitusta&#8221; &#8211; Bruce Dickinsonin soolotuotanto eroaa yhdess\u00e4 asiassa suuresti Iron Maidenist\u00e4 ja aivan tarkoituksella&nbsp;&nbsp;Inferno.fi&hellip;\n","protected":false},"author":2,"featured_media":194,"comment_status":"","ping_status":"","sticky":false,"template":"","format":"standard","meta":{"footnotes":""},"categories":[132],"tags":[137,33,31,30,195,47,32,109],"class_list":{"0":"post-19858","1":"post","2":"type-post","3":"status-publish","4":"format-standard","5":"has-post-thumbnail","7":"category-musiikki","8":"tag-entertainment","9":"tag-fi","10":"tag-finland","11":"tag-finnish","12":"tag-music","13":"tag-musiikki","14":"tag-suomi","15":"tag-viihde"},"share_on_mastodon":{"url":"","error":""},"_links":{"self":[{"href":"https:\/\/www.europesays.com\/fi\/wp-json\/wp\/v2\/posts\/19858","targetHints":{"allow":["GET"]}}],"collection":[{"href":"https:\/\/www.europesays.com\/fi\/wp-json\/wp\/v2\/posts"}],"about":[{"href":"https:\/\/www.europesays.com\/fi\/wp-json\/wp\/v2\/types\/post"}],"author":[{"embeddable":true,"href":"https:\/\/www.europesays.com\/fi\/wp-json\/wp\/v2\/users\/2"}],"replies":[{"embeddable":true,"href":"https:\/\/www.europesays.com\/fi\/wp-json\/wp\/v2\/comments?post=19858"}],"version-history":[{"count":0,"href":"https:\/\/www.europesays.com\/fi\/wp-json\/wp\/v2\/posts\/19858\/revisions"}],"wp:featuredmedia":[{"embeddable":true,"href":"https:\/\/www.europesays.com\/fi\/wp-json\/wp\/v2\/media\/194"}],"wp:attachment":[{"href":"https:\/\/www.europesays.com\/fi\/wp-json\/wp\/v2\/media?parent=19858"}],"wp:term":[{"taxonomy":"category","embeddable":true,"href":"https:\/\/www.europesays.com\/fi\/wp-json\/wp\/v2\/categories?post=19858"},{"taxonomy":"post_tag","embeddable":true,"href":"https:\/\/www.europesays.com\/fi\/wp-json\/wp\/v2\/tags?post=19858"}],"curies":[{"name":"wp","href":"https:\/\/api.w.org\/{rel}","templated":true}]}}