{"id":19859,"date":"2025-08-29T15:06:07","date_gmt":"2025-08-29T15:06:07","guid":{"rendered":"https:\/\/www.europesays.com\/fi\/19859\/"},"modified":"2025-08-29T15:06:07","modified_gmt":"2025-08-29T15:06:07","slug":"taru-sormusten-herrasta-tahti-laihdutti-yli-23-kiloa-uuteen-elokuvaansa-olin-kamalaa-seuraa-silloin","status":"publish","type":"post","link":"https:\/\/www.europesays.com\/fi\/19859\/","title":{"rendered":"Taru sormusten herrasta -t\u00e4hti laihdutti yli 23 kiloa uuteen elokuvaansa: \u201cOlin kamalaa seuraa silloin\u201d"},"content":{"rendered":"\n<p><strong>Orlando Bloom esitt\u00e4\u00e4 p\u00e4\u00e4osaa nyrkkeilyelokuvassa The Cut.<\/strong><\/p>\n<p><a href=\"https:\/\/muropaketti.com\/avainsana\/orlando-bloom\/\" rel=\"nofollow noopener\" target=\"_blank\">Orlando Bloom<\/a> n\u00e4yttelee eritt\u00e4in fyysisess\u00e4 roolissa tulevassa nyrkkeilytrilleriss\u00e4 The Cut. H\u00e4n paljastaa <a href=\"https:\/\/youtu.be\/rYzYJOuMqx8?si=nuR2bLDMWX4C3fqW\" target=\"_blank\" rel=\"noopener nofollow\">This Morning<\/a> -ohjelman haastattelussa joutuneensa laihduttamaan yli 23 kiloa rooliaan varten.<\/p>\n<p>\u201cOlin n\u00e4\u00e4ntynyt, sek\u00e4 henkisesti ett\u00e4 fyysisesti. Olin n\u00e4lk\u00e4kiukkuinen ja ihan kamalaa seuraa silloin\u201d, Bloom kertoo.<\/p>\n<p>Bloom esitt\u00e4\u00e4 elokuvassa comebackia tekev\u00e4\u00e4 nyrkkeilij\u00e4\u00e4, jonka pit\u00e4\u00e4 pudottaa painoaan reilusti sopiakseen sarjansa painorajoihin. T\u00e4t\u00e4 varten Bloom kertoo ty\u00f6skennelleens\u00e4 samojen asiantuntijoiden kanssa, jotka ovat auttaneet muun muassa Christian Balea t\u00e4m\u00e4n huikeissa muodonmuutoksissa.<\/p>\n<p>Sean Ellisin ohjaaman elokuvan muissa rooleissa n\u00e4hd\u00e4\u00e4n muun muassa Caitr\u00edona Balfe ja John Turturro.<\/p>\n<p>Katso koko haastattelu t\u00e4st\u00e4 videosta:<\/p>\n<p>The Cut sai maailmanensi-iltansa jo vuosi sitten Toronton elokuvajuhlilla. Laajempaan levitykseen se tulee vasta nyt 5. syyskuuta. Elokuvan julkaisusta Suomessa ei ole viel\u00e4 tietoa.<\/p>\n<p>\u00a0<\/p>\n","protected":false},"excerpt":{"rendered":"Orlando Bloom esitt\u00e4\u00e4 p\u00e4\u00e4osaa nyrkkeilyelokuvassa The Cut. Orlando Bloom n\u00e4yttelee eritt\u00e4in fyysisess\u00e4 roolissa tulevassa nyrkkeilytrilleriss\u00e4 The Cut. H\u00e4n&hellip;\n","protected":false},"author":2,"featured_media":19860,"comment_status":"","ping_status":"","sticky":false,"template":"","format":"standard","meta":{"footnotes":""},"categories":[131],"tags":[155,137,33,173,31,30,172,2881,32,109],"class_list":{"0":"post-19859","1":"post","2":"type-post","3":"status-publish","4":"format-standard","5":"has-post-thumbnail","7":"category-elokuvat","8":"tag-elokuvat","9":"tag-entertainment","10":"tag-fi","11":"tag-film","12":"tag-finland","13":"tag-finnish","14":"tag-movies","15":"tag-orlando-bloom","16":"tag-suomi","17":"tag-viihde"},"share_on_mastodon":{"url":"","error":""},"_links":{"self":[{"href":"https:\/\/www.europesays.com\/fi\/wp-json\/wp\/v2\/posts\/19859","targetHints":{"allow":["GET"]}}],"collection":[{"href":"https:\/\/www.europesays.com\/fi\/wp-json\/wp\/v2\/posts"}],"about":[{"href":"https:\/\/www.europesays.com\/fi\/wp-json\/wp\/v2\/types\/post"}],"author":[{"embeddable":true,"href":"https:\/\/www.europesays.com\/fi\/wp-json\/wp\/v2\/users\/2"}],"replies":[{"embeddable":true,"href":"https:\/\/www.europesays.com\/fi\/wp-json\/wp\/v2\/comments?post=19859"}],"version-history":[{"count":0,"href":"https:\/\/www.europesays.com\/fi\/wp-json\/wp\/v2\/posts\/19859\/revisions"}],"wp:featuredmedia":[{"embeddable":true,"href":"https:\/\/www.europesays.com\/fi\/wp-json\/wp\/v2\/media\/19860"}],"wp:attachment":[{"href":"https:\/\/www.europesays.com\/fi\/wp-json\/wp\/v2\/media?parent=19859"}],"wp:term":[{"taxonomy":"category","embeddable":true,"href":"https:\/\/www.europesays.com\/fi\/wp-json\/wp\/v2\/categories?post=19859"},{"taxonomy":"post_tag","embeddable":true,"href":"https:\/\/www.europesays.com\/fi\/wp-json\/wp\/v2\/tags?post=19859"}],"curies":[{"name":"wp","href":"https:\/\/api.w.org\/{rel}","templated":true}]}}