{"id":198654,"date":"2026-03-19T16:58:10","date_gmt":"2026-03-19T16:58:10","guid":{"rendered":"https:\/\/www.europesays.com\/fi\/198654\/"},"modified":"2026-03-19T16:58:10","modified_gmt":"2026-03-19T16:58:10","slug":"ikea-irtisanoo-satoja-ei-koske-suomea-uutisia-lyhyesti","status":"publish","type":"post","link":"https:\/\/www.europesays.com\/fi\/198654\/","title":{"rendered":"Ikea irtisanoo satoja, ei koske Suomea | Uutisia lyhyesti"},"content":{"rendered":"<p class=\"aw-1gybjub aw-5vja16 kEtdKx kmuxyA yle__article__paragraph\">Lehden mukaan irtisanomiset koskevat 945 ty\u00f6paikkaa, 625 niist\u00e4 Ruotsissa.<\/p>\n<p><img decoding=\"async\" alt=\"IKEAn p\u00e4\u00e4konttori \u00c4lmhultissa Ruotsissa.\" src=\"https:\/\/www.europesays.com\/fi\/wp-content\/uploads\/2026\/03\/39-161434869bbfb0aa62c9.jpeg\" class=\"aw-1l9m598 hKVVvP\"\/><\/p>\n<p>Avaa kuvien katselu<\/p>\n<p>IKEAn p\u00e4\u00e4konttori \u00c4lmhultissa Ruotsissa. Arkistokuva vuodelta 2024. Kuva: AOP<\/p>\n<p>15:25\u2022P\u00e4ivitetty 15:26<\/p>\n<p class=\"aw-1gybjub aw-1p7kakr kEtdKx cEmitX yle__article__paragraph\">Huonekalumyym\u00e4l\u00e4ketju Ikea irtisanoo ty\u00f6ntekij\u00f6it\u00e4\u00e4n, kertoo ruotsalaislehti <a class=\"aw-iao6s4 iHOxEa yle__article__link\" href=\"https:\/\/www.aftonbladet.se\/minekonomi\/a\/K8MJa7\/ikea-varslar-945-tjanster-paverkas\" role=\"link\" rel=\"nofollow noopener\" target=\"_blank\">Aftonbladet<\/a>.<\/p>\n<p class=\"aw-1gybjub aw-1p7kakr kEtdKx cEmitX yle__article__paragraph\">Lehden mukaan irtisanomiset koskevat 945 ty\u00f6paikkaa, 625 niist\u00e4 Ruotsissa.<\/p>\n<p class=\"aw-1gybjub aw-1p7kakr kEtdKx cEmitX yle__article__paragraph\">Suomen Ikean viestinn\u00e4st\u00e4 kerrotaan, ett\u00e4 Ingka-konsernin maailmanlaajuisia toimintoja koskeva ilmoitus ei koske Ikean Suomen-organisaatiota.<\/p>\n<p class=\"aw-1gybjub aw-1p7kakr kEtdKx cEmitX yle__article__paragraph\">Ikean tiedottajan <strong class=\"aw-ak79eh KyCXm yle__article__strong\">Fredrik Norrlidin<\/strong> mukaan kyse on tehostamisesta ja siit\u00e4, ett\u00e4 tietyt roolit katoavat.<\/p>\n<p class=\"aw-1gybjub aw-1p7kakr kEtdKx cEmitX yle__article__paragraph\">Muutoksista kerrottiin henkil\u00f6kunnalle t\u00e4n\u00e4\u00e4n torstaina Malm\u00f6ss\u00e4.<\/p>\n<p class=\"aw-1gybjub aw-1p7kakr kEtdKx cEmitX yle__article__paragraph\">Toimitusjohtaja <strong class=\"aw-ak79eh KyCXm yle__article__strong\">Juvencio Maeztu<\/strong> kertoo, ett\u00e4 henkil\u00f6st\u00f6\u00e4 v\u00e4hennet\u00e4\u00e4n, koska organisaatiota halutaan yksinkertaistaa, p\u00e4\u00e4t\u00f6ksentekoprosesseja nopeuttaa ja kustannuksia alentaa.<\/p>\n","protected":false},"excerpt":{"rendered":"Lehden mukaan irtisanomiset koskevat 945 ty\u00f6paikkaa, 625 niist\u00e4 Ruotsissa. Avaa kuvien katselu IKEAn p\u00e4\u00e4konttori \u00c4lmhultissa Ruotsissa. Arkistokuva vuodelta&hellip;\n","protected":false},"author":2,"featured_media":198655,"comment_status":"","ping_status":"","sticky":false,"template":"","format":"standard","meta":{"footnotes":"","_share_on_mastodon":"0"},"categories":[5],"tags":[22,23,26,27,33,31,30,17,1602,24,25,28,29,15,18,21,32,78,19,20,16],"class_list":["post-198654","post","type-post","status-publish","format-standard","has-post-thumbnail","category-otsikot","tag-breaking-news","tag-breakingnews","tag-featured-news","tag-featurednews","tag-fi","tag-finland","tag-finnish","tag-headlines","tag-ikea","tag-latest-news","tag-latestnews","tag-main-news","tag-mainnews","tag-news","tag-otsikot","tag-paauutiset","tag-suomi","tag-talous","tag-top-stories","tag-topstories","tag-uutiset"],"share_on_mastodon":{"url":"https:\/\/pubeurope.com\/@fi\/116256905979826749","error":""},"_links":{"self":[{"href":"https:\/\/www.europesays.com\/fi\/wp-json\/wp\/v2\/posts\/198654","targetHints":{"allow":["GET"]}}],"collection":[{"href":"https:\/\/www.europesays.com\/fi\/wp-json\/wp\/v2\/posts"}],"about":[{"href":"https:\/\/www.europesays.com\/fi\/wp-json\/wp\/v2\/types\/post"}],"author":[{"embeddable":true,"href":"https:\/\/www.europesays.com\/fi\/wp-json\/wp\/v2\/users\/2"}],"replies":[{"embeddable":true,"href":"https:\/\/www.europesays.com\/fi\/wp-json\/wp\/v2\/comments?post=198654"}],"version-history":[{"count":0,"href":"https:\/\/www.europesays.com\/fi\/wp-json\/wp\/v2\/posts\/198654\/revisions"}],"wp:featuredmedia":[{"embeddable":true,"href":"https:\/\/www.europesays.com\/fi\/wp-json\/wp\/v2\/media\/198655"}],"wp:attachment":[{"href":"https:\/\/www.europesays.com\/fi\/wp-json\/wp\/v2\/media?parent=198654"}],"wp:term":[{"taxonomy":"category","embeddable":true,"href":"https:\/\/www.europesays.com\/fi\/wp-json\/wp\/v2\/categories?post=198654"},{"taxonomy":"post_tag","embeddable":true,"href":"https:\/\/www.europesays.com\/fi\/wp-json\/wp\/v2\/tags?post=198654"}],"curies":[{"name":"wp","href":"https:\/\/api.w.org\/{rel}","templated":true}]}}