{"id":198666,"date":"2026-03-19T17:23:13","date_gmt":"2026-03-19T17:23:13","guid":{"rendered":"https:\/\/www.europesays.com\/fi\/198666\/"},"modified":"2026-03-19T17:23:13","modified_gmt":"2026-03-19T17:23:13","slug":"oma-saastopankin-hallituksen-jasenia-tuomittiin-sisapiiritiedon-vaarinkaytosta-uutisia-lyhyesti","status":"publish","type":"post","link":"https:\/\/www.europesays.com\/fi\/198666\/","title":{"rendered":"Oma S\u00e4\u00e4st\u00f6pankin hallituksen j\u00e4seni\u00e4 tuomittiin sis\u00e4piiritiedon v\u00e4\u00e4rink\u00e4yt\u00f6st\u00e4 | Uutisia lyhyesti"},"content":{"rendered":"<p class=\"aw-1gybjub aw-5vja16 kEtdKx kmuxyA yle__article__paragraph\">Oikeuden mukaan teot ovat tapahtuneet t\u00f6rke\u00e4st\u00e4 huolimattomuudesta.<\/p>\n<p><img decoding=\"async\" alt=\"OmaSp-pankin mainoskyltti Kluuvikadulla.\" src=\"https:\/\/www.europesays.com\/fi\/wp-content\/uploads\/2026\/02\/39-1381461673afad836c3d.jpeg\" class=\"aw-1l9m598 hKVVvP\"\/><\/p>\n<p>Avaa kuvien katselu<\/p>\n<p>Oma S\u00e4\u00e4st\u00f6pankin toimipiste Kluuvikadulla Helsingiss\u00e4. Arkistokuva marraskuulta 2024. Kuva: Terhi Liimu \/ Yle<\/p>\n<p>16:28\u2022P\u00e4ivitetty 16:29<\/p>\n<p class=\"aw-1gybjub aw-1p7kakr kEtdKx cEmitX yle__article__paragraph\">Helsingin k\u00e4r\u00e4j\u00e4oikeus on tuominnut Oma S\u00e4\u00e4st\u00f6pankin hallituksen j\u00e4senen\u00e4 ja varapuheenjohtajana toimineet henkil\u00f6t sakkorangaistuksiin sis\u00e4piirintiedon v\u00e4\u00e4rink\u00e4yt\u00f6st\u00e4.<\/p>\n<p class=\"aw-1gybjub aw-1p7kakr kEtdKx cEmitX yle__article__paragraph\">Asia k\u00e4siteltiin tunnustamismenettelyss\u00e4, ja kumpikin tuomituista tunnusti tuomioesityksen mukaiset teot. K\u00e4r\u00e4j\u00e4oikeus antoi tuomionsa torstaina.<\/p>\n<p class=\"aw-1gybjub aw-1p7kakr kEtdKx cEmitX yle__article__paragraph\">Rikokset tapahtuivat vuosina 2020 ja 2022. Kyse oli Oma S\u00e4\u00e4st\u00f6pankin osakkeiden hankinnasta. Rangaistusten mittaamisessa oikeus otti huomioon toisaalta tuomittujen aseman yhti\u00f6n hallituksessa.<\/p>\n<p class=\"aw-1gybjub aw-1p7kakr kEtdKx cEmitX yle__article__paragraph\">\u2013 K\u00e4r\u00e4j\u00e4oikeus on ottanut huomioon lievent\u00e4v\u00e4n\u00e4 seikkana taas sen, ett\u00e4 teot ovat tapahtuneet t\u00f6rke\u00e4st\u00e4 huolimattomuudesta, sek\u00e4 v\u00e4h\u00e4iseksi j\u00e4\u00e4neen rikoshy\u00f6dyn m\u00e4\u00e4r\u00e4n, tuomiossa sanotaan.<\/p>\n<p class=\"aw-1gybjub aw-1p7kakr kEtdKx cEmitX yle__article__paragraph\">Hallituksen j\u00e4senen\u00e4 toiminut nainen tuomittiin kahdesta sis\u00e4piirintiedon v\u00e4\u00e4rink\u00e4yt\u00f6st\u00e4 vuosina 2020 ja 2022. H\u00e4n sai rangaistukseksi 60 p\u00e4iv\u00e4sakkoa, josta maksettavaa tulee runsaat 5\u00a0000 euroa. H\u00e4n joutuu maksamaan valtiolle rikoksen tuottamana hy\u00f6tyn\u00e4 vajaat 400 euroa.<\/p>\n<p class=\"aw-1gybjub aw-1p7kakr kEtdKx cEmitX yle__article__paragraph\">Varapuheenjohtajana toiminut mies tuomittiin vuonna 2020 tapahtuneesta rikoksesta 40 p\u00e4iv\u00e4sakkoon, josta maksettavaa tulee noin 11\u00a0000 euroa. Lis\u00e4ksi h\u00e4net m\u00e4\u00e4r\u00e4ttiin maksamaan valtiolle rikoksen tuottama hy\u00f6ty, vajaat 800 euroa.<\/p>\n<p class=\"aw-1gybjub aw-1p7kakr kEtdKx cEmitX yle__article__paragraph\">Tutkinta sis\u00e4piiritiedon v\u00e4\u00e4rink\u00e4yt\u00f6ksest\u00e4 alkoi, kun Finanssivalvonta teki asiasta<a class=\"aw-iao6s4 iHOxEa yle__article__link\" href=\"https:\/\/yle.fi\/a\/74-20170279\" role=\"link\" rel=\"nofollow noopener\" target=\"_blank\"> tutkintapyynn\u00f6n<\/a>. Tekojen ep\u00e4ill\u00e4\u00e4n ajoittuneen vuosille 2020\u20132022.<\/p>\n","protected":false},"excerpt":{"rendered":"Oikeuden mukaan teot ovat tapahtuneet t\u00f6rke\u00e4st\u00e4 huolimattomuudesta. Avaa kuvien katselu Oma S\u00e4\u00e4st\u00f6pankin toimipiste Kluuvikadulla Helsingiss\u00e4. Arkistokuva marraskuulta 2024.&hellip;\n","protected":false},"author":2,"featured_media":181369,"comment_status":"","ping_status":"","sticky":false,"template":"","format":"standard","meta":{"footnotes":"","_share_on_mastodon":"0"},"categories":[12],"tags":[22,23,1377,26,27,33,31,30,1913,17,71,24,25,28,29,15,20945,18,21,581,680,30542,32,78,8496,19,20,16],"class_list":["post-198666","post","type-post","status-publish","format-standard","has-post-thumbnail","category-suomi","tag-breaking-news","tag-breakingnews","tag-etela-pohjanmaa","tag-featured-news","tag-featurednews","tag-fi","tag-finland","tag-finnish","tag-hallitukset","tag-headlines","tag-kotimaa","tag-latest-news","tag-latestnews","tag-main-news","tag-mainnews","tag-news","tag-oma-saastopankki","tag-otsikot","tag-paauutiset","tag-rikokset","tag-seinajoki","tag-sisapiiritiedon-vaarinkaytto","tag-suomi","tag-talous","tag-talousrikokset","tag-top-stories","tag-topstories","tag-uutiset"],"share_on_mastodon":{"url":"","error":""},"_links":{"self":[{"href":"https:\/\/www.europesays.com\/fi\/wp-json\/wp\/v2\/posts\/198666","targetHints":{"allow":["GET"]}}],"collection":[{"href":"https:\/\/www.europesays.com\/fi\/wp-json\/wp\/v2\/posts"}],"about":[{"href":"https:\/\/www.europesays.com\/fi\/wp-json\/wp\/v2\/types\/post"}],"author":[{"embeddable":true,"href":"https:\/\/www.europesays.com\/fi\/wp-json\/wp\/v2\/users\/2"}],"replies":[{"embeddable":true,"href":"https:\/\/www.europesays.com\/fi\/wp-json\/wp\/v2\/comments?post=198666"}],"version-history":[{"count":0,"href":"https:\/\/www.europesays.com\/fi\/wp-json\/wp\/v2\/posts\/198666\/revisions"}],"wp:featuredmedia":[{"embeddable":true,"href":"https:\/\/www.europesays.com\/fi\/wp-json\/wp\/v2\/media\/181369"}],"wp:attachment":[{"href":"https:\/\/www.europesays.com\/fi\/wp-json\/wp\/v2\/media?parent=198666"}],"wp:term":[{"taxonomy":"category","embeddable":true,"href":"https:\/\/www.europesays.com\/fi\/wp-json\/wp\/v2\/categories?post=198666"},{"taxonomy":"post_tag","embeddable":true,"href":"https:\/\/www.europesays.com\/fi\/wp-json\/wp\/v2\/tags?post=198666"}],"curies":[{"name":"wp","href":"https:\/\/api.w.org\/{rel}","templated":true}]}}