{"id":19883,"date":"2025-08-29T15:36:11","date_gmt":"2025-08-29T15:36:11","guid":{"rendered":"https:\/\/www.europesays.com\/fi\/19883\/"},"modified":"2025-08-29T15:36:11","modified_gmt":"2025-08-29T15:36:11","slug":"pekka-oli-tormata-karhunpentuihin-korpilahdella-jarrutin-voimakkaasti-uimaan-mennyt-pesue-tallentui-videolle-keski-suomi","status":"publish","type":"post","link":"https:\/\/www.europesays.com\/fi\/19883\/","title":{"rendered":"Pekka oli t\u00f6rm\u00e4t\u00e4 karhunpentuihin Korpilahdella: &#8221;Jarrutin voimakkaasti&#8221; \u2013\u2009uimaan mennyt pesue tallentui videolle | Keski-Suomi"},"content":{"rendered":"<p>J\u00e4ms\u00e4l\u00e4inen <strong>Pekka Koiram\u00e4ki<\/strong> oli mansikanhakureissulla keskiviikkona, kun h\u00e4n likipit\u00e4en t\u00f6rm\u00e4si karhuun ja kolmeen pentuun Moksin kyl\u00e4ll\u00e4 Jyv\u00e4skyl\u00e4n Korpilahdella.<\/p>\n<p>\u2013\u2009Ajelin siin\u00e4, kun tielle tuli kolme karhunpentua, joita emo seurasi tarkasti mets\u00e4n puolelta. Jarrutin voimakkaasti, ja samalla emo nousi kahdelle jalalle noin kymmenen metrin p\u00e4\u00e4ss\u00e4. Pelotti, ett\u00e4 p\u00e4\u00e4llek\u00f6 se meinaa tulla. Onneksi olin autossa, Koiram\u00e4ki kertoo.<\/p>\n","protected":false},"excerpt":{"rendered":"J\u00e4ms\u00e4l\u00e4inen Pekka Koiram\u00e4ki oli mansikanhakureissulla keskiviikkona, kun h\u00e4n likipit\u00e4en t\u00f6rm\u00e4si karhuun ja kolmeen pentuun Moksin kyl\u00e4ll\u00e4 Jyv\u00e4skyl\u00e4n Korpilahdella.&hellip;\n","protected":false},"author":2,"featured_media":19884,"comment_status":"","ping_status":"","sticky":false,"template":"","format":"standard","meta":{"footnotes":""},"categories":[112],"tags":[404,824,33,31,30,2675,425,753,940,118,591,32,119],"class_list":{"0":"post-19883","1":"post","2":"type-post","3":"status-publish","4":"format-standard","5":"has-post-thumbnail","7":"category-tiede","8":"tag-elaimet","9":"tag-era-ja-luonto","10":"tag-fi","11":"tag-finland","12":"tag-finnish","13":"tag-instagram","14":"tag-jyvaskyla","15":"tag-kausimarjat","16":"tag-korpilahti","17":"tag-science","18":"tag-selkarankaiset","19":"tag-suomi","20":"tag-tiede"},"share_on_mastodon":{"url":"","error":""},"_links":{"self":[{"href":"https:\/\/www.europesays.com\/fi\/wp-json\/wp\/v2\/posts\/19883","targetHints":{"allow":["GET"]}}],"collection":[{"href":"https:\/\/www.europesays.com\/fi\/wp-json\/wp\/v2\/posts"}],"about":[{"href":"https:\/\/www.europesays.com\/fi\/wp-json\/wp\/v2\/types\/post"}],"author":[{"embeddable":true,"href":"https:\/\/www.europesays.com\/fi\/wp-json\/wp\/v2\/users\/2"}],"replies":[{"embeddable":true,"href":"https:\/\/www.europesays.com\/fi\/wp-json\/wp\/v2\/comments?post=19883"}],"version-history":[{"count":0,"href":"https:\/\/www.europesays.com\/fi\/wp-json\/wp\/v2\/posts\/19883\/revisions"}],"wp:featuredmedia":[{"embeddable":true,"href":"https:\/\/www.europesays.com\/fi\/wp-json\/wp\/v2\/media\/19884"}],"wp:attachment":[{"href":"https:\/\/www.europesays.com\/fi\/wp-json\/wp\/v2\/media?parent=19883"}],"wp:term":[{"taxonomy":"category","embeddable":true,"href":"https:\/\/www.europesays.com\/fi\/wp-json\/wp\/v2\/categories?post=19883"},{"taxonomy":"post_tag","embeddable":true,"href":"https:\/\/www.europesays.com\/fi\/wp-json\/wp\/v2\/tags?post=19883"}],"curies":[{"name":"wp","href":"https:\/\/api.w.org\/{rel}","templated":true}]}}