{"id":19886,"date":"2025-08-29T15:39:09","date_gmt":"2025-08-29T15:39:09","guid":{"rendered":"https:\/\/www.europesays.com\/fi\/19886\/"},"modified":"2025-08-29T15:39:09","modified_gmt":"2025-08-29T15:39:09","slug":"hirmuteon-tehneen-nuorukaisen-isa-tanaan-tvssa-mistaan-ei-olisi-arvannut","status":"publish","type":"post","link":"https:\/\/www.europesays.com\/fi\/19886\/","title":{"rendered":"Hirmuteon tehneen nuorukaisen is\u00e4 t\u00e4n\u00e4\u00e4n tv:ss\u00e4: \u201dMist\u00e4\u00e4n ei olisi arvannut\u201d"},"content":{"rendered":"<p>Ulkolinja-dokumentti Telegram-palvelun tuhovoima k\u00e4sittelee internetkeskusteluja viharikosten ja joukkomurhien taustalla.<\/p>\n<p><img decoding=\"async\" class=\"image image-show image-preview\" src=\"https:\/\/www.europesays.com\/fi\/wp-content\/uploads\/2025\/08\/bfc48c562f38b6b52f8375319e39208bcd68a311ae7bd5309d339057ca04d46c.jpg\" alt=\"\"\/><img decoding=\"async\" class=\"image image-show\" src=\"https:\/\/www.europesays.com\/fi\/wp-content\/uploads\/2025\/08\/1756481949_274_bfc48c562f38b6b52f8375319e39208bcd68a311ae7bd5309d339057ca04d46c.jpg\" alt=\"\"\/><\/p>\n<p>Ulkolinja-dokumentti Telegram-palvelun tuhovoima k\u00e4sittelee muun muassa Christchurchin terrori-iskua Uudessa-Seelannissa. Yle<\/p>\n<p class=\"paragraph\">Maaliskuussa 2019 kahteen moskeijaan tehtiin terrori-iskut Uuden-Seelannin Christchurchissa. 28-vuotias ampuja tuomittiin useisiin elinkautisiin vankeustuomioihin 51 murhasta ja 40 murhan yrityksest\u00e4.<\/p>\n<p class=\"paragraph\">Kuusi viikkoa my\u00f6hemmin aseistunut mies hy\u00f6kk\u00e4si Kaliforniassa sijaitsevaan synagogaan. Yksi kuoli, kolme haavoittui. 19-vuotiaalla hy\u00f6kk\u00e4\u00e4j\u00e4ll\u00e4 ei ollut aiempaa rikosrekisteri\u00e4.<\/p>\n<p class=\"paragraph\">\u2013 H\u00e4n rakasti perhett\u00e4\u00e4n. H\u00e4nell\u00e4 oli yst\u00e4vi\u00e4. H\u00e4n oli upea pianisti, hy\u00f6kk\u00e4\u00e4j\u00e4n is\u00e4 kertoo illan Ulkolinja-dokumentissa Telegram-palvelun tuhovoima. Is\u00e4 puhuu poikansa hirmuteosta nyt ensimm\u00e4ist\u00e4 kertaa julkisesti.<\/p>\n<p class=\"paragraph\">Sek\u00e4 Christchurchin ett\u00e4 Kalifornian ampujat olivat kirjoitelleet suunnitelmistaan internetin pimeill\u00e4 keskustelualustoilla vuosien ajan. Tekij\u00e4t olivat kirjoittaneet uhkauksia muslimi- ja juutalaisv\u00e4est\u00f6\u00e4 kohtaan ja kuvailleet hy\u00f6kk\u00e4ysaikeitaan.<\/p>\n<p class=\"paragraph\">Christchurchin hy\u00f6kk\u00e4\u00e4j\u00e4 oli kuvannut hy\u00f6kk\u00e4yksens\u00e4 suorana l\u00e4hetyksen\u00e4 Facebookiin ja julkaissut kymmenien sivujen pituisen manifestin, jossa oli kertonut rasistisia n\u00e4kemyksi\u00e4\u00e4n. Kalifornian ampuja kehuskeli syyllistyneens\u00e4 moskeijan tuhopolttoon. H\u00e4n oli my\u00f6s kertonut is\u00e4lleen avoimesti tukevansa Christchurchin hy\u00f6kk\u00e4\u00e4j\u00e4n tekoa.<\/p>\n<p class=\"paragraph\">\u2013 Mist\u00e4\u00e4n ei olisi arvannut, ett\u00e4 h\u00e4n halusi tehd\u00e4 jotain vastaavaa, is\u00e4 kuitenkin sanoo dokumentissa.<\/p>\n<p class=\"paragraph\">Laittomat sis\u00e4ll\u00f6t poistettiin alustoilta, mutta niiden levi\u00e4mist\u00e4 ymp\u00e4ri maailmaa ei voitu est\u00e4\u00e4. Kirjoitukset innostivat toisia internetin k\u00e4ytt\u00e4ji\u00e4 peruuttamattomiin tekoihin.<\/p>\n<p class=\"paragraph\">Lokakuussa 2022 nuori slovakialaismies hy\u00f6kk\u00e4si homobaariin Bratislavassa ja ampui kaksi ihmist\u00e4. H\u00e4n oli julkaissut lukuisia viestej\u00e4 ja kirjoituksia, joissa h\u00e4n sek\u00e4 ylisti ett\u00e4 arvosteli Christchurchin ja Kalifornian ampujien tekoja.<\/p>\n<p class=\"paragraph\">Ulkolinja: Telegram-palvelun tuhovoima t\u00e4n\u00e4\u00e4n TV1:ll\u00e4 kello 22.02 &amp; Areenassa. <a href=\"https:\/\/www.iltalehti.fi\/telkku\" rel=\"nofollow noopener\" target=\"_blank\">Katso kaikki TV-ohjelmat ja l\u00e4hetysajat Telkun TV-oppaasta<\/a>.<\/p>\n","protected":false},"excerpt":{"rendered":"Ulkolinja-dokumentti Telegram-palvelun tuhovoima k\u00e4sittelee internetkeskusteluja viharikosten ja joukkomurhien taustalla. Ulkolinja-dokumentti Telegram-palvelun tuhovoima k\u00e4sittelee muun muassa Christchurchin terrori-iskua Uudessa-Seelannissa.&hellip;\n","protected":false},"author":2,"featured_media":19887,"comment_status":"","ping_status":"","sticky":false,"template":"","format":"standard","meta":{"footnotes":""},"categories":[14],"tags":[35,820,22,23,26,27,33,31,30,17,39,24,25,803,28,29,15,18,21,32,19,20,56,16,40,37,59,60,61],"class_list":{"0":"post-19886","1":"post","2":"type-post","3":"status-publish","4":"format-standard","5":"has-post-thumbnail","7":"category-ulkomaat","8":"tag-24h","9":"tag-aseet","10":"tag-breaking-news","11":"tag-breakingnews","12":"tag-featured-news","13":"tag-featurednews","14":"tag-fi","15":"tag-finland","16":"tag-finnish","17":"tag-headlines","18":"tag-henkirikos","19":"tag-latest-news","20":"tag-latestnews","21":"tag-levottomuudet-ja-sodat","22":"tag-main-news","23":"tag-mainnews","24":"tag-news","25":"tag-otsikot","26":"tag-paauutiset","27":"tag-suomi","28":"tag-top-stories","29":"tag-topstories","30":"tag-ulkomaat","31":"tag-uutiset","32":"tag-vakivalta","33":"tag-vakivaltarikokset","34":"tag-world","35":"tag-world-news","36":"tag-worldnews"},"share_on_mastodon":{"url":"","error":""},"_links":{"self":[{"href":"https:\/\/www.europesays.com\/fi\/wp-json\/wp\/v2\/posts\/19886","targetHints":{"allow":["GET"]}}],"collection":[{"href":"https:\/\/www.europesays.com\/fi\/wp-json\/wp\/v2\/posts"}],"about":[{"href":"https:\/\/www.europesays.com\/fi\/wp-json\/wp\/v2\/types\/post"}],"author":[{"embeddable":true,"href":"https:\/\/www.europesays.com\/fi\/wp-json\/wp\/v2\/users\/2"}],"replies":[{"embeddable":true,"href":"https:\/\/www.europesays.com\/fi\/wp-json\/wp\/v2\/comments?post=19886"}],"version-history":[{"count":0,"href":"https:\/\/www.europesays.com\/fi\/wp-json\/wp\/v2\/posts\/19886\/revisions"}],"wp:featuredmedia":[{"embeddable":true,"href":"https:\/\/www.europesays.com\/fi\/wp-json\/wp\/v2\/media\/19887"}],"wp:attachment":[{"href":"https:\/\/www.europesays.com\/fi\/wp-json\/wp\/v2\/media?parent=19886"}],"wp:term":[{"taxonomy":"category","embeddable":true,"href":"https:\/\/www.europesays.com\/fi\/wp-json\/wp\/v2\/categories?post=19886"},{"taxonomy":"post_tag","embeddable":true,"href":"https:\/\/www.europesays.com\/fi\/wp-json\/wp\/v2\/tags?post=19886"}],"curies":[{"name":"wp","href":"https:\/\/api.w.org\/{rel}","templated":true}]}}