{"id":19890,"date":"2025-08-29T15:41:09","date_gmt":"2025-08-29T15:41:09","guid":{"rendered":"https:\/\/www.europesays.com\/fi\/19890\/"},"modified":"2025-08-29T15:41:09","modified_gmt":"2025-08-29T15:41:09","slug":"pitkia-myohastymisia-tanaan-vrn-helsingin-junissa-paikalliset","status":"publish","type":"post","link":"https:\/\/www.europesays.com\/fi\/19890\/","title":{"rendered":"Pitki\u00e4 my\u00f6h\u00e4stymisi\u00e4 t\u00e4n\u00e4\u00e4n VR:n Helsingin-junissa | Paikalliset"},"content":{"rendered":"<p>VR:n Helsinkiin tai Helsingist\u00e4 matkaavia junia on kulkenut t\u00e4n\u00e4\u00e4n <a href=\"https:\/\/www.vr.fi\/radalla\/poikkeustilanteet\" rel=\"nofollow noopener\" target=\"_blank\">poikkeusaikatauluin<\/a>.<\/p>\n<p>IC 144 Jyv\u00e4skyl\u00e4st\u00e4 Helsinkiin, joka l\u00e4hti kello 13.15, on ollut my\u00f6h\u00e4ss\u00e4 noin 45 minuuttia s\u00e4hk\u00f6ratavian vuoksi. VR muistutti matkustajia, ett\u00e4 Tampereella junaa vaihtaessa heid\u00e4n tulee tarkistaa infon\u00e4yt\u00f6st\u00e4, ett\u00e4 he nousevat oikeaan junaan, koska my\u00f6h\u00e4styminen aiheuttaa poikkeusj\u00e4rjestelyj\u00e4.<\/p>\n<p>Kello 12.12 Porista Helsinkiin l\u00e4htenyt S 178 on niin ik\u00e4\u00e4n ollut my\u00f6h\u00e4ss\u00e4 noin tunnin junan teknisen vian vuoksi.<\/p>\n<p>Aamun IC 63 Helsingist\u00e4 Ouluun kulki noin 35 minuuttia aikataulua hitaammin alennetun nopeusrajoituksen vuoksi.<\/p>\n","protected":false},"excerpt":{"rendered":"VR:n Helsinkiin tai Helsingist\u00e4 matkaavia junia on kulkenut t\u00e4n\u00e4\u00e4n poikkeusaikatauluin. IC 144 Jyv\u00e4skyl\u00e4st\u00e4 Helsinkiin, joka l\u00e4hti kello 13.15,&hellip;\n","protected":false},"author":2,"featured_media":19891,"comment_status":"","ping_status":"","sticky":false,"template":"","format":"standard","meta":{"footnotes":""},"categories":[5],"tags":[22,23,26,27,33,31,30,17,104,425,24,25,121,951,28,29,953,15,18,952,21,950,32,19,20,16],"class_list":{"0":"post-19890","1":"post","2":"type-post","3":"status-publish","4":"format-standard","5":"has-post-thumbnail","7":"category-otsikot","8":"tag-breaking-news","9":"tag-breakingnews","10":"tag-featured-news","11":"tag-featurednews","12":"tag-fi","13":"tag-finland","14":"tag-finnish","15":"tag-headlines","16":"tag-helsinki","17":"tag-jyvaskyla","18":"tag-latest-news","19":"tag-latestnews","20":"tag-liikenne-ja-kuljetus","21":"tag-maaliikenne-putkijohtokuljetus","22":"tag-main-news","23":"tag-mainnews","24":"tag-matkustajaliikenne","25":"tag-news","26":"tag-otsikot","27":"tag-oulu","28":"tag-paauutiset","29":"tag-raskas-liikenne","30":"tag-suomi","31":"tag-top-stories","32":"tag-topstories","33":"tag-uutiset"},"share_on_mastodon":{"url":"","error":""},"_links":{"self":[{"href":"https:\/\/www.europesays.com\/fi\/wp-json\/wp\/v2\/posts\/19890","targetHints":{"allow":["GET"]}}],"collection":[{"href":"https:\/\/www.europesays.com\/fi\/wp-json\/wp\/v2\/posts"}],"about":[{"href":"https:\/\/www.europesays.com\/fi\/wp-json\/wp\/v2\/types\/post"}],"author":[{"embeddable":true,"href":"https:\/\/www.europesays.com\/fi\/wp-json\/wp\/v2\/users\/2"}],"replies":[{"embeddable":true,"href":"https:\/\/www.europesays.com\/fi\/wp-json\/wp\/v2\/comments?post=19890"}],"version-history":[{"count":0,"href":"https:\/\/www.europesays.com\/fi\/wp-json\/wp\/v2\/posts\/19890\/revisions"}],"wp:featuredmedia":[{"embeddable":true,"href":"https:\/\/www.europesays.com\/fi\/wp-json\/wp\/v2\/media\/19891"}],"wp:attachment":[{"href":"https:\/\/www.europesays.com\/fi\/wp-json\/wp\/v2\/media?parent=19890"}],"wp:term":[{"taxonomy":"category","embeddable":true,"href":"https:\/\/www.europesays.com\/fi\/wp-json\/wp\/v2\/categories?post=19890"},{"taxonomy":"post_tag","embeddable":true,"href":"https:\/\/www.europesays.com\/fi\/wp-json\/wp\/v2\/tags?post=19890"}],"curies":[{"name":"wp","href":"https:\/\/api.w.org\/{rel}","templated":true}]}}