{"id":19896,"date":"2025-08-29T15:48:08","date_gmt":"2025-08-29T15:48:08","guid":{"rendered":"https:\/\/www.europesays.com\/fi\/19896\/"},"modified":"2025-08-29T15:48:08","modified_gmt":"2025-08-29T15:48:08","slug":"oulu-sai-kritiikkia-tekoalykuvista-kaupunki-vastasi-selityksella-joka-paljastui-tekoalyn-muotoilemaksi-pohjois-pohjanmaa","status":"publish","type":"post","link":"https:\/\/www.europesays.com\/fi\/19896\/","title":{"rendered":"Oulu sai kritiikki\u00e4 teko\u00e4lykuvista \u2013 kaupunki vastasi selityksell\u00e4, joka paljastui teko\u00e4lyn muotoilemaksi | Pohjois-Pohjanmaa"},"content":{"rendered":"<p class=\"sc-jYczwO sc-dNFkOE bUKqJd eiHPxO yle__article__paragraph\">Teko\u00e4lyll\u00e4 tehdyt kuvat ovat olleet kaupungin sivuilla jo kaksi vuotta, mutta niiden k\u00e4ytt\u00f6 nousi julkiseen keskusteluun t\u00e4ll\u00e4 viikolla.<\/p>\n<p><img decoding=\"async\" alt=\"Nelj\u00e4 teo\u00e4lyll\u00e4 luotua lapsen kuvaa. \" src=\"https:\/\/www.europesays.com\/fi\/wp-content\/uploads\/2025\/08\/39-151388968b03237e74aa.jpeg\" class=\"sc-dntSTA iywpZY\"\/><\/p>\n<p>Avaa kuvien katselu<\/p>\n<p>Esimerkiksi t\u00e4llaisilla teko\u00e4lykuvilla Oulun kaupunki on esitellyt hankkeitaan. Kuvat ovat kuvakaappauksia kaupungin sivuilta. Kuvat: Oulun kaupunki.Juttu tiivistettyn\u00e4<\/p>\n<ul class=\"sc-dMmcxd iwejNa yle__article__list yle__article__list--ul\">\n<li class=\"sc-fGqoZs ftBuqH\">Oulun kaupunki on saanut kritiikki\u00e4 teko\u00e4lykuvien k\u00e4yt\u00f6st\u00e4 viestinn\u00e4ss\u00e4\u00e4n ja markkinoinnissaan.<\/li>\n<li class=\"sc-fGqoZs ftBuqH\">Aihe nousi esiin, kun valokuvaaja Antti J. Leinonen kyseenalaisti aihetta somep\u00e4ivityksess\u00e4\u00e4n.<\/li>\n<li class=\"sc-fGqoZs ftBuqH\">Kaupunki perustelee teko\u00e4lykuvien k\u00e4ytt\u00f6\u00e4 sill\u00e4, ett\u00e4 markkinoitavia kohteita ei ollut viel\u00e4 olemassa.<\/li>\n<\/ul>\n<p class=\"sc-jYczwO sc-ciCoXh bUKqJd cIOueB yle__article__paragraph\">T\u00e4m\u00e4 on teko\u00e4lyn avulla tuotettu, toimittajan tarkistama tiivistelm\u00e4.<\/p>\n<p class=\"sc-jYczwO sc-ciCoXh bUKqJd cIOueB yle__article__paragraph\">Oulun kaupunki on saanut kritiikki\u00e4 teko\u00e4lykuvien k\u00e4yt\u00f6st\u00e4 kaupungin viestinn\u00e4ss\u00e4 ja markkinoinnissa.<\/p>\n<p class=\"sc-jYczwO sc-ciCoXh bUKqJd cIOueB yle__article__paragraph\">Teko\u00e4lykuvia on k\u00e4ytetty kaupungin <a class=\"sc-jDJeIs gotUgl yle__article__link\" href=\"https:\/\/www.ouka.fi\/karkihankkeet\" role=\"link\" rel=\"nofollow noopener\" target=\"_blank\">k\u00e4rkihankkeiden esittelyss\u00e4.<\/a><\/p>\n<p class=\"sc-jYczwO sc-ciCoXh bUKqJd cIOueB yle__article__paragraph\">Aihe nousi keskusteluun, kun valokuvaaja <strong class=\"sc-eEHciv gtNhAX yle__article__strong\">Antti J. Leinonen<\/strong> otti asiaan kantaan somepostauksessaan. Leinonen ihmetteli muun muassa sit\u00e4, miten teko\u00e4lykuvien k\u00e4ytt\u00f6 sopii kaupungin tavoitteeseen lis\u00e4t\u00e4 luovien alojen ty\u00f6paikkoja.<\/p>\n<p class=\"sc-jYczwO sc-ciCoXh bUKqJd cIOueB yle__article__paragraph\">Teko\u00e4lykuvien k\u00e4ytt\u00f6\u00e4 on kritisoitu my\u00f6s siit\u00e4 syyst\u00e4, ett\u00e4 Oulu on ensi vuonna Euroopan kulttuurip\u00e4\u00e4kaupunki.<\/p>\n<p class=\"sc-jYczwO sc-ciCoXh bUKqJd cIOueB yle__article__paragraph\">Kysyimme Oulun kaupungin viestint\u00e4johtaja <strong class=\"sc-eEHciv gtNhAX yle__article__strong\">Harriet Urposelta<\/strong> ja hankejohtaja <strong class=\"sc-eEHciv gtNhAX yle__article__strong\">Karri Oikariselta<\/strong>, miksi kaupunki p\u00e4\u00e4tyi teko\u00e4lykuvien k\u00e4ytt\u00f6\u00f6n.<\/p>\n<p>Kaupunki vastasi kritiikkiin teko\u00e4lyn muotoilemalla vastauksella<\/p>\n<p class=\"sc-jYczwO sc-ciCoXh bUKqJd cIOueB yle__article__paragraph\">Kaupunki vastasi somessa syntyneeseen kritiikkiin Facebook-tilill\u00e4\u00e4n jo keskiviikkona.<\/p>\n<p class=\"sc-jYczwO sc-ciCoXh bUKqJd cIOueB yle__article__paragraph\">Kaupunki perusteli teko\u00e4lykuvien k\u00e4ytt\u00f6\u00e4 muun muassa sill\u00e4, ett\u00e4 niit\u00e4 on k\u00e4ytetty kuvittamaan useita vuosia kest\u00e4vi\u00e4 hankkeita, eiv\u00e4tk\u00e4 perinteiset valokuvat vastaa todellisuutta tietyn ajan j\u00e4lkeen.<\/p>\n<p class=\"sc-jYczwO sc-ciCoXh bUKqJd cIOueB yle__article__paragraph\">\u2013 Mik\u00e4li markkinointikuvissa k\u00e4ytett\u00e4isiin aitoja malleja, voisi synty\u00e4 tilanne, jossa ihmiset kuvissa eiv\u00e4t en\u00e4\u00e4 vastaisi todellisuutta silloin, kun hankkeet valmistuvat, kaupunki kirjoittaa p\u00e4ivityksess\u00e4.<\/p>\n<p class=\"sc-jYczwO sc-ciCoXh bUKqJd cIOueB yle__article__paragraph\">Miksi t\u00e4m\u00e4 on ongelma? Eiv\u00e4th\u00e4n teko\u00e4lyll\u00e4 tehdyt kuvat vastaa todellisuutta nytk\u00e4\u00e4n?<\/p>\n<p class=\"sc-jYczwO sc-ciCoXh bUKqJd cIOueB yle__article__paragraph\">\u2013 En osaa vastata tuohon kysymykseen. Varmaan siin\u00e4 on ajateltu, ett\u00e4 jos olisi k\u00e4ytetty oikeaa lasta, niin h\u00e4n olisi ollut muutaman vuoden p\u00e4\u00e4st\u00e4 nuori, pohtii viestint\u00e4johtajana kes\u00e4kuun alussa aloittanut Urponen.<\/p>\n<p class=\"sc-jYczwO sc-ciCoXh bUKqJd cIOueB yle__article__paragraph\">Urponen kertoo, ett\u00e4 my\u00f6s kaupungin Facebook-p\u00e4ivityksess\u00e4 on hy\u00f6dynnetty teko\u00e4ly\u00e4. Viestin muotoili ihminen, mutta asian kiteytt\u00e4misess\u00e4 ja kielen sujuvoittamisessa auttoi teko\u00e4ly. Asiasta uutisoi ensin sanomalehti <a class=\"sc-jDJeIs gotUgl yle__article__link\" href=\"https:\/\/www.kaleva.fi\/kun-oulu-vastasi-tekoalykohuun-se-laittoi-tekoalyn\/11752360\" role=\"link\" rel=\"nofollow noopener\" target=\"_blank\">Kaleva<\/a>.<\/p>\n<p class=\"sc-jYczwO sc-ciCoXh bUKqJd cIOueB yle__article__paragraph\">Urponen muistuttaa, ett\u00e4 kuvat ovat olleet kaupungin sivuilla jo kaksi vuotta.<\/p>\n<p>Teko\u00e4ly\u00e4 k\u00e4ytettiin, koska kohteita ei ollut olemassa<\/p>\n<p class=\"sc-jYczwO sc-ciCoXh bUKqJd cIOueB yle__article__paragraph\">Kaupungin hankejohtaja <strong class=\"sc-eEHciv gtNhAX yle__article__strong\">Karri Oikarinen<\/strong> kertoo, ett\u00e4 teko\u00e4lykuvien k\u00e4yt\u00f6st\u00e4 p\u00e4\u00e4tettiin h\u00e4nen vet\u00e4m\u00e4ss\u00e4\u00e4n hankeryhm\u00e4ss\u00e4 pari vuotta sitten.<\/p>\n<p class=\"sc-jYczwO sc-ciCoXh bUKqJd cIOueB yle__article__paragraph\">H\u00e4nen mukaansa kaupunki p\u00e4\u00e4tti k\u00e4ytt\u00e4\u00e4 teko\u00e4lykuvia, koska hankkeissa markkinoitiin kohteita, joita ei ollut viel\u00e4 edes olemassa.<\/p>\n<p class=\"sc-jYczwO sc-ciCoXh bUKqJd cIOueB yle__article__paragraph\">Oikarisen mukaan silloin ei ollut mit\u00e4\u00e4n tietoa esimerkiksi, milt\u00e4 tuleva areena, asemakeskus tai vesiliikuntakeskus tulevat n\u00e4ytt\u00e4m\u00e4\u00e4n. Oikarisen mukaan ei siis ollut varsinaisesti mit\u00e4\u00e4n kuvattavaa.<\/p>\n<p class=\"sc-jYczwO sc-ciCoXh bUKqJd cIOueB yle__article__paragraph\">\u2013 Kielt\u00e4m\u00e4tt\u00e4 osan kuvista olisi voinut ottaa valokuvaaja. Esimerkiksi Nallikarista, jossa meid\u00e4n teko\u00e4lykuvassa lapsi leikkii rannalla. Mutta t\u00e4m\u00e4 oli kokonaisuus, jossa oli kymmenen kuvaa, jotka on kaikki tehty teko\u00e4lyll\u00e4.<\/p>\n<p class=\"sc-jYczwO sc-ciCoXh bUKqJd cIOueB yle__article__paragraph\">Urponen muistuttaa, ett\u00e4 vasta kuvien julkaisun j\u00e4lkeen kaupungille on laadittu ohjeistus teko\u00e4lykuvien k\u00e4yt\u00f6st\u00e4.<\/p>\n<p class=\"sc-jYczwO sc-ciCoXh bUKqJd cIOueB yle__article__paragraph\">\u2013 Niiss\u00e4 todetaan, ett\u00e4 k\u00e4yt\u00e4mme ensisijaisesti Oulun kaupungin kuvapankissa olevia kuvia, jotka ovat oikeiden valokuvaajien ottamia.<\/p>\n<p class=\"sc-jYczwO sc-ciCoXh bUKqJd cIOueB yle__article__paragraph\">Ohjeissa Urposen mukaan my\u00f6s todetaan, ett\u00e4 kuvat oululaisista ihmisist\u00e4 ja maisemista eiv\u00e4t v\u00e4ltt\u00e4m\u00e4tt\u00e4 sovellu teko\u00e4lyll\u00e4 teht\u00e4v\u00e4ksi.<\/p>\n<p>Kokonaisuus maksoi 6\u00a0000 euroa<\/p>\n<p class=\"sc-jYczwO sc-ciCoXh bUKqJd cIOueB yle__article__paragraph\">Onko teko\u00e4lykuvilla haluttu s\u00e4\u00e4st\u00e4\u00e4?<\/p>\n<p class=\"sc-jYczwO sc-ciCoXh bUKqJd cIOueB yle__article__paragraph\">\u2013 Varmasti se olisi ollut kalliimpaa, jos olisi tehty oikeita kuvia. Mutta hankkeessa on ollut isosta kokonaisuudesta kysymys, ett\u00e4 en uskalla tuohon sanoa, Urponen sanoo.<\/p>\n<p class=\"sc-jYczwO sc-ciCoXh bUKqJd cIOueB yle__article__paragraph\">Hankejohtaja Oikarinen kertoo, ett\u00e4 mainostoimistolta ostettu konsepti, joka sis\u00e4lsi sis\u00e4ll\u00f6n ja esitteen suunnittelun, graafisen suunnittelun ja kymmenen teko\u00e4lykuvaa, maksoi yhteens\u00e4 5\u00a0971 euroa.<\/p>\n<p class=\"sc-jYczwO sc-ciCoXh bUKqJd cIOueB yle__article__paragraph\">Urponen pit\u00e4\u00e4 hyv\u00e4n\u00e4 sit\u00e4, ett\u00e4 teko\u00e4lykuvien k\u00e4yt\u00f6st\u00e4 keskustellaan. H\u00e4n painottaa, ett\u00e4 kaupunki ei tule luopumaan valokuvaajien k\u00e4yt\u00f6st\u00e4.<\/p>\n","protected":false},"excerpt":{"rendered":"Teko\u00e4lyll\u00e4 tehdyt kuvat ovat olleet kaupungin sivuilla jo kaksi vuotta, mutta niiden k\u00e4ytt\u00f6 nousi julkiseen keskusteluun t\u00e4ll\u00e4 viikolla.&hellip;\n","protected":false},"author":2,"featured_media":19897,"comment_status":"","ping_status":"","sticky":false,"template":"","format":"standard","meta":{"footnotes":""},"categories":[89],"tags":[432,431,7010,33,31,30,71,1833,7009,952,728,1028,32,397,91,92,433,2365],"class_list":{"0":"post-19896","1":"post","2":"type-post","3":"status-publish","4":"format-standard","5":"has-post-thumbnail","7":"category-tekoaly","8":"tag-ai","9":"tag-artificial-intelligence","10":"tag-dokumentaarinen-valokuvaus","11":"tag-fi","12":"tag-finland","13":"tag-finnish","14":"tag-kotimaa","15":"tag-kunnat","16":"tag-kuvajournalismi","17":"tag-oulu","18":"tag-pohjois-pohjanmaa","19":"tag-sosiaalinen-media","20":"tag-suomi","21":"tag-taide","22":"tag-technology","23":"tag-teknologia","24":"tag-tekoaly","25":"tag-valokuvaus"},"share_on_mastodon":{"url":"","error":""},"_links":{"self":[{"href":"https:\/\/www.europesays.com\/fi\/wp-json\/wp\/v2\/posts\/19896","targetHints":{"allow":["GET"]}}],"collection":[{"href":"https:\/\/www.europesays.com\/fi\/wp-json\/wp\/v2\/posts"}],"about":[{"href":"https:\/\/www.europesays.com\/fi\/wp-json\/wp\/v2\/types\/post"}],"author":[{"embeddable":true,"href":"https:\/\/www.europesays.com\/fi\/wp-json\/wp\/v2\/users\/2"}],"replies":[{"embeddable":true,"href":"https:\/\/www.europesays.com\/fi\/wp-json\/wp\/v2\/comments?post=19896"}],"version-history":[{"count":0,"href":"https:\/\/www.europesays.com\/fi\/wp-json\/wp\/v2\/posts\/19896\/revisions"}],"wp:featuredmedia":[{"embeddable":true,"href":"https:\/\/www.europesays.com\/fi\/wp-json\/wp\/v2\/media\/19897"}],"wp:attachment":[{"href":"https:\/\/www.europesays.com\/fi\/wp-json\/wp\/v2\/media?parent=19896"}],"wp:term":[{"taxonomy":"category","embeddable":true,"href":"https:\/\/www.europesays.com\/fi\/wp-json\/wp\/v2\/categories?post=19896"},{"taxonomy":"post_tag","embeddable":true,"href":"https:\/\/www.europesays.com\/fi\/wp-json\/wp\/v2\/tags?post=19896"}],"curies":[{"name":"wp","href":"https:\/\/api.w.org\/{rel}","templated":true}]}}