{"id":19914,"date":"2025-08-29T16:06:09","date_gmt":"2025-08-29T16:06:09","guid":{"rendered":"https:\/\/www.europesays.com\/fi\/19914\/"},"modified":"2025-08-29T16:06:09","modified_gmt":"2025-08-29T16:06:09","slug":"miten-eurooppa-vastaa-putinin-terroripommituksiin","status":"publish","type":"post","link":"https:\/\/www.europesays.com\/fi\/19914\/","title":{"rendered":"Miten Eurooppa vastaa Putinin terroripommituksiin?"},"content":{"rendered":"<p>EU-komission puheenjohtaja Ursula von der Leyen ja p\u00e4\u00e4ministeri Petteri Orpo pit\u00e4v\u00e4t Ven\u00e4j\u00e4-aiheisen tiedotustilaisuuden Helsingiss\u00e4.<\/p>\n<p><img decoding=\"async\" class=\"image image-show image-preview\" src=\"https:\/\/www.europesays.com\/fi\/wp-content\/uploads\/2025\/08\/8be4d5382dd78a9ef157b87045b7de60084db605d7d6a400b3a7b00b150f69b7.jpg\" alt=\"\"\/><img decoding=\"async\" class=\"image image-show\" src=\"https:\/\/www.europesays.com\/fi\/wp-content\/uploads\/2025\/08\/1756483569_387_8be4d5382dd78a9ef157b87045b7de60084db605d7d6a400b3a7b00b150f69b7.jpg\" alt=\"\"\/><\/p>\n<p>Kuvassa Petteri Orpo. Timur Yilmaz<\/p>\n<p class=\"paragraph\">P\u00e4\u00e4ministeri <strong>Petteri Orpo<\/strong> (kok) ja EU-komission puheenjohtaja <strong>Ursula von der Leyen<\/strong> neuvottelevat perjantaina alkuillasta laivalla, joka risteilee Helsingin edustalla.<\/p>\n<p class=\"paragraph\">Kello 18.30 Orpo ja von der Leyen pit\u00e4v\u00e4t tiedotustilaisuuden. Paikan p\u00e4\u00e4ll\u00e4 on Iltalehden politiikan toimittaja <strong>Lauri Nurmi<\/strong>.<\/p>\n<p class=\"paragraph\">Iltalehden oli tarkoitus n\u00e4ytt\u00e4\u00e4 tiedotustilaisuus suorana, mutta suora l\u00e4hetys ei onnistukaan median kohtaamien yhteysongelmien vuoksi.<\/p>\n<p class=\"paragraph\">Tapaamisen aiheena on Euroopan puolustuksen vahvistaminen ja Ukrainan puolustustaistelun vahvistaminen.<\/p>\n<p class=\"paragraph\">Keskiviikon ja torstain v\u00e4lisen\u00e4 y\u00f6n\u00e4 Ven\u00e4j\u00e4 teki ohjusiskun Euroopan unionin edustustoon Ukrainan p\u00e4\u00e4kaupungissa Kiovassa.<\/p>\n<p class=\"paragraph\">Ulko- ja turvallisuuspolitiikan l\u00e4hteet arvioivat Iltalehdelle, ett\u00e4 Ven\u00e4j\u00e4 halusi tarkoituksellisesti iske\u00e4 EU-kohteeseen ja viesti\u00e4, ett\u00e4 eurooppalaiset eiv\u00e4t pystyisi est\u00e4m\u00e4\u00e4n Ven\u00e4j\u00e4n tavoitetta miehitt\u00e4\u00e4 koko Ukraina.<\/p>\n<p class=\"paragraph\">Terroripommitukset kohdistuivat asuinalueille. Niiss\u00e4 sai surmansa yli parikymment\u00e4 ihmist\u00e4, mukaan lukien useita lapsia.<\/p>\n<p class=\"paragraph\">Von der Leyenin ja Orpon odotetaan kertovan, miten EU aikoo vastata Ven\u00e4j\u00e4n tekemiin sotarikoksiin.<\/p>\n<p>Tiukempia pakotteita<\/p>\n<p class=\"paragraph\">Orpo kertoi keskiviikkona \u2013 ennen Ven\u00e4j\u00e4n viimeisimpi\u00e4 hy\u00f6kk\u00e4yksi\u00e4 \u2013 ett\u00e4 Suomi vaatii EU:ssa Ven\u00e4j\u00e4-pakotteiden tuntuvaa kirist\u00e4mist\u00e4.<\/p>\n<p class=\"paragraph\">EU-komissio valmistelee parhaillaan uutta pakotepakettia.<\/p>\n<p class=\"paragraph\">Suomi haluaa my\u00f6s, ett\u00e4 EU aloittaisi j\u00e4senyyskeskustelut Ukrainan kanssa. Se vahvistaisi Orpon arvion mukaan ukrainalaisten puolustustahtoa.<\/p>\n<p class=\"paragraph\">EU:n rauhanrahaston varoja pit\u00e4isi ohjata Ukrainan puolustustaistelun tukemiseen. Suomen kannattama hanke on ollut jumissa Unkarin vastustuksen takia.<\/p>\n<p class=\"paragraph\">Orpo painottaa, ett\u00e4 Suomi haluaa siirty\u00e4 EU:n yhteisess\u00e4 ulko- ja turvallisuuspolitiikassa m\u00e4\u00e4r\u00e4enemmist\u00f6p\u00e4\u00e4t\u00f6ksiin. Se vahvistaisi EU:n painoarvoa maailmanpolitiikassa.<\/p>\n<p>Ven\u00e4j\u00e4n varat Ukrainalle<\/p>\n<p class=\"paragraph\">Suomi vaatii my\u00f6s Ven\u00e4j\u00e4n j\u00e4\u00e4dytettyjen varojen, noin 300 miljardin euron, k\u00e4ytt\u00e4mist\u00e4 Ukrainan j\u00e4lleenrakennukseen ja maan asevoimien vahvistamiseen.<\/p>\n<p class=\"paragraph\">N\u00e4m\u00e4 ovat teemoja, joita EU-politiikkaa johtava p\u00e4\u00e4ministeri toivoo von der Leyenin edist\u00e4v\u00e4n.<\/p>\n<p class=\"paragraph\">Suomen-vierailu avaa von der Leyenin rajamaakierroksen.<\/p>\n<p class=\"paragraph\">Komission puheenjohtaja vierailee Suomessa, Latviassa, Virossa, Puolassa, Liettuassa, Bulgariassa ja Romaniassa.<\/p>\n<p class=\"paragraph\">Von der Leyen ja p\u00e4\u00e4ministeri Orpo saavat my\u00f6s tilannekatsauksen EU:n toimista Ven\u00e4j\u00e4n varjolaivastoa vastaan ja uhkista, jotka kohdistuvat merenpohjan kriittiseen infrastruktuuriin, kuten tietoliikenne- ja s\u00e4hk\u00f6nsiirtokaapeleihin sek\u00e4 kaasuputkiin.<\/p>\n<p class=\"paragraph\">Tasavallan presidentti <strong>Alexander Stubb<\/strong> tarjoaa kaksikolle illallisen.<\/p>\n<p>Ei vanhempia p\u00e4ivityksi\u00e4<\/p>\n","protected":false},"excerpt":{"rendered":"EU-komission puheenjohtaja Ursula von der Leyen ja p\u00e4\u00e4ministeri Petteri Orpo pit\u00e4v\u00e4t Ven\u00e4j\u00e4-aiheisen tiedotustilaisuuden Helsingiss\u00e4. Kuvassa Petteri Orpo. Timur&hellip;\n","protected":false},"author":2,"featured_media":19915,"comment_status":"","ping_status":"","sticky":false,"template":"","format":"standard","meta":{"footnotes":""},"categories":[12],"tags":[35,22,23,26,27,33,31,30,17,5679,24,25,28,29,15,18,21,142,637,886,32,19,20,4385,16],"class_list":{"0":"post-19914","1":"post","2":"type-post","3":"status-publish","4":"format-standard","5":"has-post-thumbnail","7":"category-suomi","8":"tag-24h","9":"tag-breaking-news","10":"tag-breakingnews","11":"tag-featured-news","12":"tag-featurednews","13":"tag-fi","14":"tag-finland","15":"tag-finnish","16":"tag-headlines","17":"tag-kansainvaliset-organisaatiot-ja-sopimukset","18":"tag-latest-news","19":"tag-latestnews","20":"tag-main-news","21":"tag-mainnews","22":"tag-news","23":"tag-otsikot","24":"tag-paauutiset","25":"tag-poliitikot","26":"tag-politiikka","27":"tag-puolueet","28":"tag-suomi","29":"tag-top-stories","30":"tag-topstories","31":"tag-ulkopolitiikka-ja-kansainvalinen-politiikka","32":"tag-uutiset"},"share_on_mastodon":{"url":"","error":""},"_links":{"self":[{"href":"https:\/\/www.europesays.com\/fi\/wp-json\/wp\/v2\/posts\/19914","targetHints":{"allow":["GET"]}}],"collection":[{"href":"https:\/\/www.europesays.com\/fi\/wp-json\/wp\/v2\/posts"}],"about":[{"href":"https:\/\/www.europesays.com\/fi\/wp-json\/wp\/v2\/types\/post"}],"author":[{"embeddable":true,"href":"https:\/\/www.europesays.com\/fi\/wp-json\/wp\/v2\/users\/2"}],"replies":[{"embeddable":true,"href":"https:\/\/www.europesays.com\/fi\/wp-json\/wp\/v2\/comments?post=19914"}],"version-history":[{"count":0,"href":"https:\/\/www.europesays.com\/fi\/wp-json\/wp\/v2\/posts\/19914\/revisions"}],"wp:featuredmedia":[{"embeddable":true,"href":"https:\/\/www.europesays.com\/fi\/wp-json\/wp\/v2\/media\/19915"}],"wp:attachment":[{"href":"https:\/\/www.europesays.com\/fi\/wp-json\/wp\/v2\/media?parent=19914"}],"wp:term":[{"taxonomy":"category","embeddable":true,"href":"https:\/\/www.europesays.com\/fi\/wp-json\/wp\/v2\/categories?post=19914"},{"taxonomy":"post_tag","embeddable":true,"href":"https:\/\/www.europesays.com\/fi\/wp-json\/wp\/v2\/tags?post=19914"}],"curies":[{"name":"wp","href":"https:\/\/api.w.org\/{rel}","templated":true}]}}