{"id":199210,"date":"2026-03-20T08:10:11","date_gmt":"2026-03-20T08:10:11","guid":{"rendered":"https:\/\/www.europesays.com\/fi\/199210\/"},"modified":"2026-03-20T08:10:11","modified_gmt":"2026-03-20T08:10:11","slug":"humppilan-talous-ajautui-tyottomyyssakkojen-takia-kaaokseen-helsingissa-kulut-yli-120-miljoonaa-katso-kuntasi-tilanne-kotimaa","status":"publish","type":"post","link":"https:\/\/www.europesays.com\/fi\/199210\/","title":{"rendered":"Humppilan talous ajautui ty\u00f6tt\u00f6myys\u00adsakkojen takia kaaokseen, Helsingiss\u00e4 kulut yli 120 miljoonaa \u2013 katso kuntasi tilanne | Kotimaa"},"content":{"rendered":"<ul class=\"aw-1jjocuh iJTSwP yle__article__list yle__article__list--ul\">\n<li class=\"aw-1j7gwms gNYKfi\">Ty\u00f6tt\u00f6myydest\u00e4 johtuvat sakkomaksut ajavat kuntia talousahdinkoon. Humppilan kunnanjohtajan mukaan ne sy\u00f6ksev\u00e4t kuntia jopa perikatoon.<\/li>\n<li class=\"aw-1j7gwms gNYKfi\">Kunnat korvaavat osan ty\u00f6tt\u00f6myyskorvauksista Kelalle, jos ty\u00f6tt\u00f6myys pitkittyy.<\/li>\n<li class=\"aw-1j7gwms gNYKfi\">Ty\u00f6ministeri Matias Marttinen (kok.) sanoo, ett\u00e4 uudistuksen toimivuutta tarkastellaan, mutta sen tuomitseminen on viel\u00e4 liian aikaista.<\/li>\n<\/ul>\n<p class=\"aw-1gybjub aw-1p7kakr kEtdKx cEmitX yle__article__paragraph\">Ty\u00f6tt\u00f6mien ty\u00f6nhakijoiden suuresta m\u00e4\u00e4r\u00e4st\u00e4 johtuvat ty\u00f6tt\u00f6myyssakot r\u00e4j\u00e4htiv\u00e4t k\u00e4siin Humppilan kunnassa.<\/p>\n<p class=\"aw-1gybjub aw-1p7kakr kEtdKx cEmitX yle__article__paragraph\">Pienen kantah\u00e4m\u00e4l\u00e4iskunnan niin kutsutut sakot eli kunnan maksama osuus ty\u00f6tt\u00f6mien ty\u00f6tt\u00f6myysturvasta yli tuplaantui 300\u00a0000 euroon, kun summaa verrataan talousarvion summaan.<\/p>\n<p class=\"aw-1gybjub aw-1p7kakr kEtdKx cEmitX yle__article__paragraph\">Kunnanjohtaja <strong class=\"aw-ak79eh KyCXm yle__article__strong\">Minna Ylik\u00e4nn\u00f6n<\/strong> mukaan sakot ajavat etenkin pieni\u00e4 kuntia entist\u00e4 vaikeampaan taloustilanteeseen.<\/p>\n<p class=\"aw-1gybjub aw-1p7kakr kEtdKx cEmitX yle__article__paragraph\">\u2013 Sakkomaksut sy\u00f6ksev\u00e4t kuntia perikatoon, sanoo Ylik\u00e4nn\u00f6.<\/p>\n<p>Kipe\u00e4sti iskev\u00e4 s\u00e4\u00e4st\u00f6kuuri<\/p>\n<p class=\"aw-1gybjub aw-1p7kakr kEtdKx cEmitX yle__article__paragraph\">Humppila<a class=\"aw-iao6s4 iHOxEa yle__article__link\" href=\"https:\/\/yle.fi\/a\/74-20215155\" role=\"link\" rel=\"nofollow noopener\" target=\"_blank\"> irtisanoi vastik\u00e4\u00e4n kaksi johtajaansa s\u00e4\u00e4st\u00f6syist\u00e4<\/a>.<\/p>\n<p class=\"aw-1gybjub aw-1p7kakr kEtdKx cEmitX yle__article__paragraph\">Kunta on pannut investointejaan j\u00e4ihin, eli rakennuksia ei korjata, teit\u00e4 ei kunnosteta ja viem\u00e4riverkoston korjausvelka paisuu.<\/p>\n<p class=\"aw-1gybjub aw-1p7kakr kEtdKx cEmitX yle__article__paragraph\">Ylik\u00e4nn\u00f6n mukaan elinvoimaa tukevia investointeja pyrit\u00e4\u00e4n kaikesta huolimatta edist\u00e4m\u00e4\u00e4n.<\/p>\n<p><img decoding=\"async\" alt=\"Vanha puinen koulurakennus.\" src=\"https:\/\/www.europesays.com\/fi\/wp-content\/uploads\/2026\/03\/39-161363069baadbfdf67e.jpeg\" loading=\"lazy\" class=\"aw-1l9m598 hKVVvP\"\/><\/p>\n<p>Avaa kuvien katselu<\/p>\n<p>Humppilassa koulurakennusten kunnostaminen lykk\u00e4\u00e4ntyy talousvaikeuksien vuoksi. Kuva: Dani Branthin \/ Yle<\/p>\n<p class=\"aw-1gybjub aw-1p7kakr kEtdKx cEmitX yle__article__paragraph\">Kunnanjohtaja painottaa, ett\u00e4 t\u00e4m\u00e4 on vasta alkusoitto, jos taloustilanne jatkuu heikkona ja ty\u00f6tt\u00f6myys pysyy korkeana.<\/p>\n<p class=\"aw-1gybjub aw-1p7kakr kEtdKx cEmitX yle__article__paragraph\">\u2013 Seuraavaksi edess\u00e4 olisivat entist\u00e4 kipe\u00e4mm\u00e4t s\u00e4\u00e4st\u00f6t. Ne koskevat laajemmin kasvatusta ja koulutusta sek\u00e4 henkil\u00f6st\u00f6\u00e4.<\/p>\n<p class=\"aw-1gybjub aw-1p7kakr kEtdKx cEmitX yle__article__paragraph\">Ylik\u00e4nn\u00f6 toteaa vertailun vuoksi, ett\u00e4 sakkomaksut vastaavat suuruudeltaan nelj\u00e4n uuden opettajan palkkaamista.<\/p>\n<p>Ty\u00f6tt\u00f6myys k\u00e4y kalliiksi asukasta kohden Outokummussa, Jyv\u00e4skyl\u00e4ss\u00e4 ja Lahdessa<\/p>\n<p class=\"aw-1gybjub aw-1p7kakr kEtdKx cEmitX yle__article__paragraph\">Ty\u00f6tt\u00f6myyssakkojen m\u00e4\u00e4r\u00e4 asukasta kohden laskettuna vaihteli viime vuonna alle kymmenest\u00e4 eurosta yli 200 euroon. Esimerkiksi Outokummussa lasku oli 205 euroa asukasta kohden.<\/p>\n<p class=\"aw-1gybjub aw-1p7kakr kEtdKx cEmitX yle__article__paragraph\">Tilanne on kunnille armoton, sanoo Ylik\u00e4nn\u00f6.<\/p>\n<p class=\"aw-1gybjub aw-1p7kakr kEtdKx cEmitX yle__article__paragraph\">Jos kunnat eiv\u00e4t onnistu<a class=\"aw-iao6s4 iHOxEa yle__article__link\" href=\"https:\/\/yle.fi\/a\/74-20177471\" role=\"link\" rel=\"nofollow noopener\" target=\"_blank\"> tasapainottamaan<\/a> talouttaan, edess\u00e4 on kriisikuntamenettely ja mahdollinen pakkoliitos.<\/p>\n<p class=\"aw-1gybjub aw-1p7kakr kEtdKx cEmitX yle__article__paragraph\">Ylik\u00e4nn\u00f6 kritisoi rajusti vuoden 2025 alusta voimaan tullutta ty\u00f6llisyyspalvelujen uudistusta.<\/p>\n<p class=\"aw-1gybjub aw-1p7kakr kEtdKx cEmitX yle__article__paragraph\">\u2013 Meill\u00e4 on velvoite ty\u00f6llist\u00e4\u00e4, mutta meh\u00e4n emme voi vaikuttaa siihen, syntyyk\u00f6 uusia ty\u00f6paikkoja ja miten talous vet\u00e4\u00e4.<\/p>\n<p class=\"aw-1gybjub aw-1p7kakr kEtdKx cEmitX yle__article__paragraph\">Uudistuksessa ty\u00f6llisyyspalvelut siirtyiv\u00e4t valtiolta kuntien hoidettavaksi. Sakkojen tarkoituksena on ollut kannustaa kuntia aktiiviseen ty\u00f6llist\u00e4miseen ja ty\u00f6tt\u00f6myyden est\u00e4miseen.<\/p>\n<p class=\"aw-1gybjub aw-1p7kakr kEtdKx cEmitX yle__article__paragraph\">Ylik\u00e4nn\u00f6st\u00e4 uusi j\u00e4rjestelm\u00e4 ei ole kannustava.<\/p>\n<p class=\"aw-1gybjub aw-1p7kakr kEtdKx cEmitX yle__article__paragraph\">\u2013 Kunnan on mahdoton ty\u00f6llist\u00e4\u00e4, jos avoimia ty\u00f6paikkoja ei ole.<\/p>\n<p>Kuntien rahoitusosuus ty\u00f6tt\u00f6myystuista voi\u200bnousta kymmeniin miljooniin euroihin120\u00a0987\u00a010948\u00a0292\u00a072247\u00a0878\u00a087246\u00a0820\u00a025735\u00a0904\u00a024735\u00a0214\u00a086129\u00a0823\u00a072923\u00a0999\u00a089316\u00a0697\u00a039014\u00a0232\u00a09600 \u20ac25 milj. \u20ac50 milj. \u20ac75 milj. \u20ac100 milj.\u200b\u20ac125 milj.\u200b\u20ac150\u2026HelsinkiTampereVantaaEspooOuluTurkuJyv\u00e4skyl\u00e4LahtiKuopioJoensuuL\u00e4hde: Kela, TilastokeskusGrafiikka n\u00e4ytt\u00e4\u00e4 kunnalle langenneiden sakkomaksujen m\u00e4\u00e4r\u00e4n vuonna 2025.Ty\u00f6ministeri: Mallin toimivuutta tarkastellaan t\u00e4n\u00e4 vuonna<\/p>\n<p class=\"aw-1gybjub aw-1p7kakr kEtdKx cEmitX yle__article__paragraph\">Ty\u00f6ministeri <strong class=\"aw-ak79eh KyCXm yle__article__strong\">Matias Marttinen<\/strong> (kok) ei kiirehtisi tuomitsemaan ty\u00f6llisyyspalvelujen uudistusta. H\u00e4nen mukaansa on hyv\u00e4 muistaa, ett\u00e4 kunnissa on vahvasti toivottu vuosien ajan, ett\u00e4 vastuu ty\u00f6llisyyden edist\u00e4misest\u00e4 siirtyisi kuntien teht\u00e4v\u00e4ksi.<\/p>\n<p class=\"aw-1gybjub aw-1p7kakr kEtdKx cEmitX yle__article__paragraph\">\u2013 T\u00e4t\u00e4 on hyv\u00e4 edist\u00e4\u00e4 my\u00f6s vaikeina aikoina.<\/p>\n<p class=\"aw-1gybjub aw-1p7kakr kEtdKx cEmitX yle__article__paragraph\">Marttinen toteaa, ett\u00e4 kyseess\u00e4 suuri uudistus, joka on vasta hiljattain aloitettu.<\/p>\n<p class=\"aw-1gybjub aw-1p7kakr kEtdKx cEmitX yle__article__paragraph\">\u2013 Vaikka mielest\u00e4ni on viitteit\u00e4 siit\u00e4, ett\u00e4 rahoitusmalli ei toimi t\u00e4ydellisesti erityisesti pitk\u00e4aikaisty\u00f6tt\u00f6myyden hoidon osalta, on viisautta katsoa maltilla, miten kokonaistilanne l\u00e4htee kunnissa etenem\u00e4\u00e4n.<\/p>\n<p class=\"aw-1gybjub aw-1p7kakr kEtdKx cEmitX yle__article__paragraph\">Ty\u00f6- ja elinkeinoministeri\u00f6n on m\u00e4\u00e4r\u00e4 arvioida uudistuksen toimivuutta t\u00e4n\u00e4 vuonna.<\/p>\n<p><img decoding=\"async\" alt=\"Ilmakuva Humppilan kirkosta.\" src=\"https:\/\/www.europesays.com\/fi\/wp-content\/uploads\/2026\/03\/39-161362969baadb946af2.jpeg\" loading=\"lazy\" class=\"aw-1l9m598 hKVVvP\"\/><\/p>\n<p>Avaa kuvien katselu<\/p>\n<p>Kunnanjohtaja Minna Ylik\u00e4nn\u00f6 kritisoi sit\u00e4, ett\u00e4 kunnilla on velvollisuus ty\u00f6llist\u00e4\u00e4, mutta ei juurikaan mahdollisuuksia vaikuttaa uusien ty\u00f6paikkojen syntymiseen. Kuva: Dani Branthin \/ Yle<\/p>\n<p class=\"aw-1gybjub aw-1p7kakr kEtdKx cEmitX yle__article__paragraph\">Ylik\u00e4nn\u00f6n mielest\u00e4 kunnilla pit\u00e4isi my\u00f6s olla valtaa p\u00e4\u00e4tt\u00e4\u00e4, miten ty\u00f6llisyyspalvelut toimivat.<\/p>\n<p class=\"aw-1gybjub aw-1p7kakr kEtdKx cEmitX yle__article__paragraph\">\u2013 Toimimattomalla rahoitusmallilla piiskaaminen ei ole rakentava tapa tehd\u00e4 yhteisty\u00f6t\u00e4 valtion ja kuntien v\u00e4lill\u00e4 talouskasvun vaudittamiseksi koko maassa.<\/p>\n<p><img decoding=\"async\" alt=\"Annu Kuusisto, Urjalan kunnanjohtaja.\" src=\"https:\/\/www.europesays.com\/fi\/wp-content\/uploads\/2026\/03\/39-160959669b0205976d02.jpeg\" class=\"aw-1l9m598 hKVVvP\"\/>Kehitysp\u00e4\u00e4llikk\u00f6: Sakot kiusaavat pitk\u00e4\u00e4n<\/p>\n<p class=\"aw-1gybjub aw-1p7kakr kEtdKx cEmitX yle__article__paragraph\">Sakkomaksu kunnalle alkaa juosta, kun ty\u00f6tt\u00f6myys venyy yli sadan p\u00e4iv\u00e4n pituiseksi. Pitk\u00e4aikaisty\u00f6tt\u00f6myydess\u00e4 eli yli vuoden kest\u00e4neess\u00e4 ty\u00f6tt\u00f6myydess\u00e4 kunnan maksuvelvollisuus kasvaa merkitt\u00e4v\u00e4sti.<\/p>\n<p class=\"aw-1gybjub aw-1p7kakr kEtdKx cEmitX yle__article__paragraph\">Kuntaliiton kehitt\u00e4misp\u00e4\u00e4llik\u00f6n <strong class=\"aw-ak79eh KyCXm yle__article__strong\">Mikko Mehtosen<\/strong> mukaan noin 80 prosenttia kuntien sakoista tulee pitk\u00e4aikaisty\u00f6tt\u00f6mist\u00e4.<\/p>\n<p class=\"aw-1gybjub aw-1p7kakr kEtdKx cEmitX yle__article__paragraph\">\u2013 Jos ty\u00f6llisyystilanteessa tapahtuisi k\u00e4\u00e4nne parempaan, n\u00e4kyisi vaikutus sakoissa viiveell\u00e4.<\/p>\n<p class=\"aw-1gybjub aw-1p7kakr kEtdKx cEmitX yle__article__paragraph\">N\u00e4in siksi, koska yleisesti ottaen ty\u00f6llisyyden parantuessa lyhyen aikaa ty\u00f6tt\u00f6m\u00e4n\u00e4 olleet onnistuvat saamaan ty\u00f6t\u00e4 nopeammin kuin pitk\u00e4aikaisty\u00f6tt\u00f6m\u00e4t.<\/p>\n<p class=\"aw-1gybjub aw-1p7kakr kEtdKx cEmitX yle__article__paragraph\">\u2013 Nyrkkis\u00e4\u00e4nn\u00f6n mukaan kuluu ainakin vuosi ennen kuin pitk\u00e4aikaisty\u00f6tt\u00f6myys alkaa laskea.<\/p>\n<p><img decoding=\"async\" alt=\"Nainen istuu ty\u00f6p\u00f6yd\u00e4n takana ja kuuntelee paikalle tullutta asiakasta.\" src=\"https:\/\/www.europesays.com\/fi\/wp-content\/uploads\/2026\/03\/39-161359969baab77dbeaf.jpeg\" loading=\"lazy\" class=\"aw-1l9m598 hKVVvP\"\/><\/p>\n<p>Avaa kuvien katselu<\/p>\n<p>Humppilassa ty\u00f6llisyyspalveluja tarjotaan kunnantalon yhteydess\u00e4 olevassa neuvontapisteess\u00e4. Katja Syv\u00e4luoma kertoo, ett\u00e4 neuvontapiste on avoinna kerran viikossa ilman ajanvarausta. Kuva: Dani Branthin \/ Yle<\/p>\n<p class=\"aw-1gybjub aw-1p7kakr kEtdKx cEmitX yle__article__paragraph\">Mehtonen muistuttaa, ett\u00e4 vaikka sakkoja on kompensoitu kunnille, heikentynyt ty\u00f6llisyystilanne on johtanut siihen, ett\u00e4 sakkomaksut ovat ylitt\u00e4neet maksetut kompensaatiot.<\/p>\n<p class=\"aw-1gybjub aw-1p7kakr kEtdKx cEmitX yle__article__paragraph\">\u2013 J\u00e4rjestelm\u00e4 ei ole kustannusneutraali, joten kunnat ovat vaikeassa jamassa.<\/p>\n<p class=\"aw-1gybjub aw-1p7kakr kEtdKx cEmitX yle__article__paragraph\">Tilannetta voitaisiin Mehtosen mielest\u00e4 helpottaa esimerkiksi uudistamalla palkkatukea siten, ett\u00e4 palkkatuella ty\u00f6skentelyn aikana sakkomaksut eiv\u00e4t juoksisi ja tuella ty\u00f6skentely kerrytt\u00e4isi henkil\u00f6n oikeutta ansiosidonnaiseen p\u00e4iv\u00e4rahaan.<\/p>\n<p class=\"aw-1gybjub aw-1p7kakr kEtdKx cEmitX yle__article__paragraph\">Mehtonen ehdottaa my\u00f6s, ett\u00e4 ty\u00f6tt\u00f6m\u00e4t saisivat opiskella sin\u00e4 aikana, kun nostavat ty\u00f6tt\u00f6myyskorvausta ja sakot eiv\u00e4t juoksisi t\u00e4lt\u00e4 ajalta.<\/p>\n<p class=\"aw-1gybjub aw-1p7kakr kEtdKx cEmitX yle__article__paragraph\">Ministeri Marttisen mukaan hallitus pohtii parhaillaan mahdollisuuksia kehitt\u00e4\u00e4 palkkatukea.<\/p>\n<p class=\"aw-1gybjub aw-1p7kakr kEtdKx cEmitX yle__article__paragraph\">Korjaus 20.3.2026 klo 9.00: Korjattu taulukossa ollut virhe, joka n\u00e4ytti kuntien asukaskohtaiset rahoitusosuudet v\u00e4\u00e4rin.<\/p>\n","protected":false},"excerpt":{"rendered":"Ty\u00f6tt\u00f6myydest\u00e4 johtuvat sakkomaksut ajavat kuntia talousahdinkoon. Humppilan kunnanjohtajan mukaan ne sy\u00f6ksev\u00e4t kuntia jopa perikatoon. Kunnat korvaavat osan ty\u00f6tt\u00f6myyskorvauksista&hellip;\n","protected":false},"author":2,"featured_media":199211,"comment_status":"","ping_status":"","sticky":false,"template":"","format":"standard","meta":{"footnotes":"","_share_on_mastodon":"0"},"categories":[5],"tags":[22,23,26,27,33,31,30,17,30576,1794,71,1833,24,25,28,29,15,18,11587,21,11490,637,32,78,19,20,862,1955,16],"class_list":["post-199210","post","type-post","status-publish","format-standard","has-post-thumbnail","category-otsikot","tag-breaking-news","tag-breakingnews","tag-featured-news","tag-featurednews","tag-fi","tag-finland","tag-finnish","tag-headlines","tag-humppila","tag-kanta-hame","tag-kotimaa","tag-kunnat","tag-latest-news","tag-latestnews","tag-main-news","tag-mainnews","tag-news","tag-otsikot","tag-outokumpu","tag-paauutiset","tag-pitkaaikaistyottomyys","tag-politiikka","tag-suomi","tag-talous","tag-top-stories","tag-topstories","tag-tyollisyys","tag-tyottomyys","tag-uutiset"],"share_on_mastodon":{"url":"https:\/\/pubeurope.com\/@fi\/116260492192193687","error":""},"_links":{"self":[{"href":"https:\/\/www.europesays.com\/fi\/wp-json\/wp\/v2\/posts\/199210","targetHints":{"allow":["GET"]}}],"collection":[{"href":"https:\/\/www.europesays.com\/fi\/wp-json\/wp\/v2\/posts"}],"about":[{"href":"https:\/\/www.europesays.com\/fi\/wp-json\/wp\/v2\/types\/post"}],"author":[{"embeddable":true,"href":"https:\/\/www.europesays.com\/fi\/wp-json\/wp\/v2\/users\/2"}],"replies":[{"embeddable":true,"href":"https:\/\/www.europesays.com\/fi\/wp-json\/wp\/v2\/comments?post=199210"}],"version-history":[{"count":0,"href":"https:\/\/www.europesays.com\/fi\/wp-json\/wp\/v2\/posts\/199210\/revisions"}],"wp:featuredmedia":[{"embeddable":true,"href":"https:\/\/www.europesays.com\/fi\/wp-json\/wp\/v2\/media\/199211"}],"wp:attachment":[{"href":"https:\/\/www.europesays.com\/fi\/wp-json\/wp\/v2\/media?parent=199210"}],"wp:term":[{"taxonomy":"category","embeddable":true,"href":"https:\/\/www.europesays.com\/fi\/wp-json\/wp\/v2\/categories?post=199210"},{"taxonomy":"post_tag","embeddable":true,"href":"https:\/\/www.europesays.com\/fi\/wp-json\/wp\/v2\/tags?post=199210"}],"curies":[{"name":"wp","href":"https:\/\/api.w.org\/{rel}","templated":true}]}}