{"id":19961,"date":"2025-08-29T17:15:12","date_gmt":"2025-08-29T17:15:12","guid":{"rendered":"https:\/\/www.europesays.com\/fi\/19961\/"},"modified":"2025-08-29T17:15:12","modified_gmt":"2025-08-29T17:15:12","slug":"1980-luvulta-asti-helsingin-alakulttuureissa-marinoitunut-monitoimija-julkaisi-musiikkia-kyseessa-eras-vuoden-parhaita-singleja","status":"publish","type":"post","link":"https:\/\/www.europesays.com\/fi\/19961\/","title":{"rendered":"1980-luvulta asti Helsingin alakulttuureissa marinoitunut monitoimija julkaisi musiikkia \u2013 kyseess\u00e4 er\u00e4s vuoden parhaita singlej\u00e4"},"content":{"rendered":"<p>Huomenna julkaistaan <strong>Kimmo Helist\u00f6n <\/strong>ja <strong>Essi Lepp\u00e4sen 1961<\/strong>-yhtyeen ensimm\u00e4inen single S\u00e4 oot kaukana. Kappale on t\u00e4st\u00e4 p\u00e4iv\u00e4st\u00e4 l\u00e4htien ennakkosoitossa Rumbassa.<\/p>\n<p>Kappaleen syntytarina on tavallista mielenkiintoisempi. Helist\u00f6 kertoo tiedotteessa kappaleesta ja samalla urastaan seuraavaa:<\/p>\n<p>\u201dAloin soittaa viulua ekalla luokalla. Ei siit\u00e4 mit\u00e4\u00e4n tullut \u2013 ei huvittanut harjoitella, ja 70-luvun musiikkikoulussa ei ollut edes yhteissoittoa.<\/p>\n<p>Faija osti minulle vanhan Conn-tenorisaksofonin kaveriltaan. Treenasin ensin nokkahuilulla ja marssin sitten saksofonin kanssa <strong>Unto Haapa-ahon<\/strong> oppiin Tapiolaan. Unski n\u00e4ytti, miten r\u00e4nniin puhalletaan. Parin tunnin j\u00e4lkeen olin valmis. Ensimm\u00e4inen b\u00e4ndini oli<strong> Zoona Suomalaisen P. H. Suburb<\/strong> aka<strong> Quiet Harmony Team<\/strong>. Se hajosi, kun j\u00e4\u00e4tiin kiinni pilven poltosta ja saatiin kenk\u00e4\u00e4 Pohjois-Haagan ostarin treenik\u00e4mp\u00e4st\u00e4. Zoona opetti minulle jo skidin\u00e4\u00a0I Will Stay\u00a0-soinnut.<\/p>\n<p>Perustin <strong>Alaston Armeijan<\/strong> \u2013 aluksi <strong>Art Army<\/strong>, mutta Johanna-levy-yhti\u00f6n <strong>Raine Salo<\/strong> kehotti vaihtamaan nimen suomeksi. Vuosi oli 1981. Treenasimme Munkkivuoressa <strong>Kadotettujen <\/strong>kanssa samassa k\u00e4mp\u00e4ss\u00e4. Heid\u00e4n punk-kokoonpanonsa oli hajonnut, ja <strong>Ahti <\/strong>kokoili <strong>Fagen <\/strong>kanssa uutta ryhm\u00e4\u00e4. Liityin siihen, ja Alaston Armeija j\u00e4i. Se oli moka \u2013 b\u00e4ndiss\u00e4 oli potentiaalia \u2013 mutta Kadotettujen keikat ja levydiili <strong>Atte Blomin<\/strong> kanssa kiinnostivat enemm\u00e4n.<\/p>\n<p>Kadotetuista l\u00e4hdin kahden albumin j\u00e4lkeen kes\u00e4ll\u00e4 1986. P\u00e4\u00e4sin Radio Cityyn ja haaveilin levy-yhti\u00f6urasta. Kuuntelin demoja, soitin niit\u00e4 radiossa ja vein parhaat Atelle. L\u00f6ysin monta b\u00e4ndi\u00e4: mm. <strong>Don Huonot, Hearthill, Pienet Miehet, Raptori <\/strong>ja <strong>Soul Captain Band<\/strong>.<\/p>\n<p>Haaveilin my\u00f6s omasta levyst\u00e4. Oululaiset <strong>Sakke Kuusisto <\/strong>ja<strong> Luumu Lehtopuro (Public Reaction When Communism Comes)<\/strong> olivat b\u00e4nditt\u00e4. Rumpaliksi pyysin <strong>Kailis Kailokarin<\/strong>, vanhan tutun <strong>Kuudes Tunti<\/strong> -b\u00e4ndist\u00e4. Syntetisaattoria soitti<strong> Jari K\u00e4\u00e4ri\u00e4inen<\/strong>. Atte j\u00e4rjesti meille \u00f6isi\u00e4 sessioita Soundtrack-studiosta, ja vuonna 1989 ilmestyi\u00a0Kimmo Helist\u00f6\u00a0-niminen albumi. Olin jo julkaissut kaksi sinkkua nimell\u00e4 1961, mutta Atte ehdotti, ett\u00e4 nyt k\u00e4ytett\u00e4isiin omaa nime\u00e4 \u2013 ehk\u00e4 joku ostaisi levyn.<\/p>\n<p>Levy sai lehtijuttuja. Tunsin kaikki Rumban toimittajat, helsinkil\u00e4iset rock-muusikot ja Lepakossa py\u00f6riv\u00e4t soittajat. Heid\u00e4n taitojensa rinnalla h\u00e4pesin omaa kitaransoittoani enk\u00e4 ollut laulanut Alastoman Armeijan j\u00e4lkeen. Paniikki iski: peruin Club 77:n levynjulkkarikeikan, jonka<strong> Harri Jones<\/strong> oli buukannut. En uskaltanut esiinty\u00e4 omana itsen\u00e4ni ja biisintekij\u00e4n\u00e4. B\u00e4ndin j\u00e4tk\u00e4t suuttuivat ja perustivat<strong> Public Reactionin.<\/strong><\/p>\n<p>Jatkoin Radio Cityss\u00e4, tuotin b\u00e4ndej\u00e4 Atelle ja toimin ELMU:n puheenjohtajana. Vuonna 1992 p\u00e4\u00e4dyin vahingossa Helsingin kaupunginvaltuustoon. Lepakko, radio ja politiikka veiv\u00e4t kaiken ajan.<\/p>\n<p>H\u00f6yry-klubi jatkui Lepakon purun j\u00e4lkeen. <strong>Stefan Lindfors <\/strong>avasi ovet newyorkilaiseen Hotel Gershwiniin, jossa <strong>DJ Tixan<\/strong> ja <strong>Papa Lindin<\/strong> kanssa saunotimme boheemia kulttuurikermaa lokakuussa 2000. Saunan mahdollisuudet kolahtivat, ja seuraavat kymmenen vuotta kiersimme Euroopan festareilla ja kaupunkitapahtumissa.<\/p>\n<p>L\u00f6ysin Kallion Sauna Arlan ja aloin py\u00f6ritt\u00e4\u00e4 sit\u00e4 Papa Lindin kanssa. Helsingin kaupunkikulttuuri her\u00e4si uuteen eloon \u2013 yleinen sauna muuttui sotaveteraanien dokauspaikasta kalliolaisten kohtaamispaikaksi. My\u00f6hemmin p\u00e4\u00e4sin perustamaan Uuden Saunan J\u00e4tk\u00e4saareen.<\/p>\n<p>Koronavuodet kuitenkin viimeisteliv\u00e4t burnoutini. Haaveilin kuoleman rauhasta, kunnes l\u00e4\u00e4k\u00e4ri sanoi loppuvuonna 2022: \u201cT\u00e4ss\u00e4 menee pitk\u00e4\u00e4n.\u201d Terapeutin kehotuksesta otin taas kitaran syliini.<\/p>\n<p>Ensimm\u00e4ist\u00e4 kertaa 30 vuoteen lauloin oman biisini <strong>Merille<\/strong>, joka piti siit\u00e4. <strong>Asko Ker\u00e4nen Pistepirkoista <\/strong>pyysi minua Coffee and Music -sessioihinsa. Treenasin nelj\u00e4 viikkoa ja soitin seitsem\u00e4n biisin setin. Arvostamani kriitikko <strong>Jean Ramsay<\/strong> kirjoitti, ett\u00e4 setti oli \u201cj\u00e4rjett\u00f6m\u00e4n hienovireinen ja herkk\u00e4 \u2013 kuin Suomen <strong>Lou Reed<\/strong>.\u201d<\/p>\n<p>Olin jo aiemmin tutustunut Rytmi-baarissa<strong> Essi Lepp\u00e4seen<\/strong>, runoilijaan ja muusikkoon, joka tunnetaan my\u00f6s nimell\u00e4 <strong>Ester Nuori Lepp\u00e4<\/strong>. Vitsailin, ett\u00e4 perustetaan b\u00e4ndi. H\u00e4n otti vitsin tosissaan. Er\u00e4\u00e4n\u00e4 p\u00e4iv\u00e4n\u00e4 soitin riffi\u00e4, joka oli vaivannut minua 30 vuotta. Essi sanoi: \u201cOnksul kyn\u00e4\u00e4 ja paperii? Nyt tulee lyriikkaa.\u201d Parissa minuutissa riffist\u00e4 syntyi laulu, joka oli kuin <strong>Kai Chydeniuksen<\/strong> kyn\u00e4st\u00e4 \u2013 kaksi s\u00e4keist\u00f6\u00e4, kertos\u00e4e ja melodia.<\/p>\n<p><strong>Roni Martinin<\/strong> studiolla kitarariffi muuttui Moog-melodiaksi ja sen alle Rhodes-piano. <strong>Juha Kuoppala<\/strong> soitti koskettimet, Roni basson ja <strong>Sanna Salmenkallio<\/strong> jouset. Min\u00e4 ja Essi vain lauloimme. Ensimm\u00e4inen otto \u2013 ja siin\u00e4 se oli:\u00a0S\u00e4 oot kaukana.\u201d<\/p>\n<p>Kuuntele kappale alta.<\/p>\n<p><img loading=\"lazy\" decoding=\"async\" alt=\"YouTube video\" width=\"480\" height=\"360\" data-pin-nopin=\"true\" nopin=\"nopin\" class=\"perfmatters-lazy\" src=\"https:\/\/www.europesays.com\/fi\/wp-content\/uploads\/2025\/08\/1756487712_922_hqdefault.jpg\"\/><\/p>\n","protected":false},"excerpt":{"rendered":"Huomenna julkaistaan Kimmo Helist\u00f6n ja Essi Lepp\u00e4sen 1961-yhtyeen ensimm\u00e4inen single S\u00e4 oot kaukana. Kappale on t\u00e4st\u00e4 p\u00e4iv\u00e4st\u00e4 l\u00e4htien&hellip;\n","protected":false},"author":2,"featured_media":19962,"comment_status":"","ping_status":"","sticky":false,"template":"","format":"standard","meta":{"footnotes":""},"categories":[132],"tags":[137,33,31,30,195,47,32,109],"class_list":{"0":"post-19961","1":"post","2":"type-post","3":"status-publish","4":"format-standard","5":"has-post-thumbnail","7":"category-musiikki","8":"tag-entertainment","9":"tag-fi","10":"tag-finland","11":"tag-finnish","12":"tag-music","13":"tag-musiikki","14":"tag-suomi","15":"tag-viihde"},"share_on_mastodon":{"url":"","error":""},"_links":{"self":[{"href":"https:\/\/www.europesays.com\/fi\/wp-json\/wp\/v2\/posts\/19961","targetHints":{"allow":["GET"]}}],"collection":[{"href":"https:\/\/www.europesays.com\/fi\/wp-json\/wp\/v2\/posts"}],"about":[{"href":"https:\/\/www.europesays.com\/fi\/wp-json\/wp\/v2\/types\/post"}],"author":[{"embeddable":true,"href":"https:\/\/www.europesays.com\/fi\/wp-json\/wp\/v2\/users\/2"}],"replies":[{"embeddable":true,"href":"https:\/\/www.europesays.com\/fi\/wp-json\/wp\/v2\/comments?post=19961"}],"version-history":[{"count":0,"href":"https:\/\/www.europesays.com\/fi\/wp-json\/wp\/v2\/posts\/19961\/revisions"}],"wp:featuredmedia":[{"embeddable":true,"href":"https:\/\/www.europesays.com\/fi\/wp-json\/wp\/v2\/media\/19962"}],"wp:attachment":[{"href":"https:\/\/www.europesays.com\/fi\/wp-json\/wp\/v2\/media?parent=19961"}],"wp:term":[{"taxonomy":"category","embeddable":true,"href":"https:\/\/www.europesays.com\/fi\/wp-json\/wp\/v2\/categories?post=19961"},{"taxonomy":"post_tag","embeddable":true,"href":"https:\/\/www.europesays.com\/fi\/wp-json\/wp\/v2\/tags?post=19961"}],"curies":[{"name":"wp","href":"https:\/\/api.w.org\/{rel}","templated":true}]}}