{"id":199654,"date":"2026-03-20T19:27:09","date_gmt":"2026-03-20T19:27:09","guid":{"rendered":"https:\/\/www.europesays.com\/fi\/199654\/"},"modified":"2026-03-20T19:27:09","modified_gmt":"2026-03-20T19:27:09","slug":"analyysi-autokauppiaat-ovat-haluttomia-kommentoimaan-alan-verokikkailuja-ja-siihen-on-useita-syita-etela-pohjanmaa","status":"publish","type":"post","link":"https:\/\/www.europesays.com\/fi\/199654\/","title":{"rendered":"Analyysi: Autokauppiaat ovat haluttomia kommentoimaan alan verokikkailuja, ja siihen on useita syit\u00e4 | Etel\u00e4-Pohjanmaa"},"content":{"rendered":"<p class=\"aw-1gybjub aw-5vja16 kEtdKx kmuxyA yle__article__paragraph\">Autokauppa laahaa pohjamudissa, mik\u00e4 lis\u00e4\u00e4 kasvu\u00adpohjaa vero\u00adkikkai\u00adluille. Sill\u00e4 saadaan paremmat katteet myyntiin, kirjoittaa toimittaja Arto Loukasm\u00e4ki.<\/p>\n<p><img decoding=\"async\" alt=\"Myyty auto\" src=\"https:\/\/www.europesays.com\/fi\/wp-content\/uploads\/2026\/03\/39-6766055ebe425fbad7b.jpeg\" class=\"aw-1l9m598 hKVVvP\"\/><\/p>\n<p>Avaa kuvien katselu<\/p>\n<p>K\u00e4ytettyjen autojen kauppiaat eiv\u00e4t halua kommentoida mahdollisia veropetoksia. Kuvituskuva. Kuva: Jarkko Heikkinen \/ Yle<img decoding=\"async\" alt=\"Arto Loukasm\u00e4ki, toimittaja, Yle Uutiset.\" src=\"https:\/\/www.europesays.com\/fi\/wp-content\/uploads\/2026\/03\/39-161285769b9450e91190.png\" class=\"aw-1l9m598 hKVVvP\"\/><\/p>\n<p class=\"aw-1gybjub aw-1p7kakr kEtdKx cEmitX yle__article__paragraph\">K\u00e4ytettyjen autojen maahantuontiin liittyv\u00e4t veronkiertoep\u00e4ilyt ovat vaikea pala autokauppiaille.<\/p>\n<p class=\"aw-1gybjub aw-1p7kakr kEtdKx cEmitX yle__article__paragraph\">Pari viikkoa sitten Yle uutisoi etel\u00e4pohjalaisen autokaupan J. Rinta-Joupin <a class=\"aw-iao6s4 iHOxEa yle__article__link\" href=\"https:\/\/yle.fi\/a\/74-20213212\" role=\"link\" rel=\"nofollow noopener\" target=\"_blank\">ty\u00f6ntekij\u00f6iden ep\u00e4illyist\u00e4 kytkenn\u00f6ist\u00e4 laajaan veropetosvyyhtiin<\/a>, jossa suomalaiset yhti\u00f6t ovat ostaneet autoja eurooppalaisilta huutokauppasivustoilta. Tullin ep\u00e4ilyjen mukaan yhti\u00f6t ovat kiert\u00e4neet arvonlis\u00e4verojen maksua myyntimaihin.<\/p>\n<p class=\"aw-1gybjub aw-1p7kakr kEtdKx cEmitX yle__article__paragraph\">Seuraavalla viikolla <a class=\"aw-iao6s4 iHOxEa yle__article__link\" href=\"https:\/\/yle.fi\/a\/74-20214588\" role=\"link\" rel=\"nofollow noopener\" target=\"_blank\">Pohjanmaan poliisi kertoi toisesta tapauksesta<\/a>. Pohjalaismaakunnissa toimineen kymmenen henkil\u00f6n joukon \u2013 keski\u00f6ss\u00e4 etel\u00e4pohjalainen pariskunta \u2013 ep\u00e4ill\u00e4\u00e4n kiert\u00e4neen veroja autojen maahantuonnissa ja v\u00e4lityksess\u00e4. Rikoshy\u00f6dyksi arvioidaan yli miljoona euroa. Poliisi ep\u00e4ilee, ett\u00e4 rikollinen toiminta jatkui kymmenen vuoden ajan.<\/p>\n<p class=\"aw-1gybjub aw-1p7kakr kEtdKx cEmitX yle__article__paragraph\">Yle otti yhteytt\u00e4 noin kymmeneen k\u00e4ytettyj\u00e4 tuontiautoja myyviin autokauppaan Etel\u00e4-Pohjanmaalla ja Pohjanmaalla. Etenkin Tervajoen iso autokauppakeskittym\u00e4 Pohjanmaalla tunnetaan maanlaajuisestikin.<\/p>\n<p class=\"aw-1gybjub aw-1p7kakr kEtdKx cEmitX yle__article__paragraph\">Soittokierroksen perusteella veropetosvyyhdin selvitt\u00e4minen ja sen tekeminen julkiseksi on autokauppiaille mieluisa asia. Kommentteja ja haastatteluja heilt\u00e4 ei sen sijaan heru, koska sen pel\u00e4t\u00e4\u00e4n likaavan omaa ja naapurin pes\u00e4\u00e4.<\/p>\n<p class=\"aw-1gybjub aw-1p7kakr kEtdKx cEmitX yle__article__paragraph\">M\u00e4d\u00e4t munat halutaan pois autokaupasta, mutta sit\u00e4 ei haluta edist\u00e4\u00e4.<\/p>\n<p class=\"aw-1gybjub aw-1p7kakr kEtdKx cEmitX yle__article__paragraph\">Yksi syy autokauppiaiden vaikenemiseen on autokaupan vaikeudet. Yh\u00e4 useampi <a class=\"aw-iao6s4 iHOxEa yle__article__link\" href=\"https:\/\/yle.fi\/a\/74-20205144\" role=\"link\" rel=\"nofollow noopener\" target=\"_blank\">ostaa k\u00e4ytetyn autonsa yksityishenkil\u00f6lt\u00e4<\/a>. Autoliikkeiss\u00e4 myytiin viime vuonna reilut 325 000 k\u00e4ytetty\u00e4 autoa, ja kasvua oli vain prosentti edellisvuodesta. Uusien autojen kauppa <a class=\"aw-iao6s4 iHOxEa yle__article__link\" href=\"https:\/\/yle.fi\/a\/74-20180412\" role=\"link\" rel=\"nofollow noopener\" target=\"_blank\">on viel\u00e4kin nihke\u00e4mp\u00e4\u00e4<\/a>.<\/p>\n<p class=\"aw-1gybjub aw-1p7kakr kEtdKx cEmitX yle__article__paragraph\">K\u00e4ytettyjen autojen kauppiaat haluavat t\u00e4m\u00e4nhetkisen ostajam\u00e4\u00e4r\u00e4n pysyv\u00e4n markkinoilla ja siksi asioihin ei haluta ottaa kantaa.<\/p>\n<p class=\"aw-1gybjub aw-1p7kakr kEtdKx cEmitX yle__article__paragraph\">Haluttomuus haastatteluihin her\u00e4tt\u00e4\u00e4 silti kysymyksen, kuinka yleist\u00e4 ja pitk\u00e4\u00e4n kest\u00e4nytt\u00e4 veropetoskikkailu autokaupassa on, ja ovatko nyt tulleet paljastukset vain j\u00e4\u00e4vuoren huippu. Ylen haastattelema ylitarkastaja <strong class=\"aw-ak79eh KyCXm yle__article__strong\">Jarkko Liljander<\/strong> Verohallinnosta sanoo, ett\u00e4 on <a class=\"aw-iao6s4 iHOxEa yle__article__link\" href=\"https:\/\/yle.fi\/a\/74-20213756\" role=\"link\" rel=\"nofollow noopener\" target=\"_blank\">selkeit\u00e4 havaintoja, ett\u00e4 osa autokaupoista saa toimintakatteensa petoksen kautta<\/a>.<\/p>\n<p class=\"aw-1gybjub aw-1p7kakr kEtdKx cEmitX yle__article__paragraph\">Arvonlis\u00e4veron kiert\u00e4minen tai maksamatta j\u00e4tt\u00e4minen nousee p\u00e4\u00e4llimm\u00e4iseksi. Viime vuoden alussa v\u00e4h\u00e4isen liiketoiminnan arvonlis\u00e4verottomuuden raja nousi 20\u00a0000 euroon vuodessa. T\u00e4m\u00e4 antaa mahdollisuuden kikkailuun muun muassa perustamalla useampia yrityksi\u00e4, joiden kautta autoja myyd\u00e4\u00e4n ilman arvonlis\u00e4veroa.<\/p>\n<p class=\"aw-1gybjub aw-1p7kakr kEtdKx cEmitX yle__article__paragraph\">Autoalan keskusliittoakin edustanut asianajaja <strong class=\"aw-ak79eh KyCXm yle__article__strong\">Marja Hokkanen<\/strong> on erikoistunut vero-oikeuteen, ja h\u00e4nen erityisosaamistaan ovat muun muassa arvonlis\u00e4- ja autoverotus.<\/p>\n<p class=\"aw-1gybjub aw-1p7kakr kEtdKx cEmitX yle__article__paragraph\">Veropetoksia ja veronkiertoa tapahtuu h\u00e4nen mukaansa jokaisella toimialalla, ei pelk\u00e4st\u00e4\u00e4n autoalalla. Arvonlis\u00e4veroon liittyv\u00e4t ristiriitaisuudet voivat johtua monesta syyst\u00e4.<\/p>\n<p class=\"aw-1gybjub aw-1p7kakr kEtdKx cEmitX yle__article__paragraph\">\u2013 Kaikkea ei pid\u00e4 yleist\u00e4\u00e4 suoraan petolliseen toimintaan. Voi olla, ett\u00e4 vero on vahingossa ilmoitettu v\u00e4\u00e4rin, tai on tietoisesti tehty v\u00e4\u00e4r\u00e4nlaisia veroraportointeja ja veron suorittamista, sanoo Hokkanen.<\/p>\n","protected":false},"excerpt":{"rendered":"Autokauppa laahaa pohjamudissa, mik\u00e4 lis\u00e4\u00e4 kasvu\u00adpohjaa vero\u00adkikkai\u00adluille. Sill\u00e4 saadaan paremmat katteet myyntiin, kirjoittaa toimittaja Arto Loukasm\u00e4ki. Avaa kuvien&hellip;\n","protected":false},"author":2,"featured_media":199655,"comment_status":"","ping_status":"","sticky":false,"template":"","format":"standard","meta":{"footnotes":"","_share_on_mastodon":"0"},"categories":[12],"tags":[6680,30610,22,23,1377,26,27,33,31,30,17,12949,14583,451,71,24,25,28,29,15,18,21,449,1263,680,32,8496,19,20,16,9162],"class_list":["post-199654","post","type-post","status-publish","format-standard","has-post-thumbnail","category-suomi","tag-autokauppa","tag-autokauppias","tag-breaking-news","tag-breakingnews","tag-etela-pohjanmaa","tag-featured-news","tag-featurednews","tag-fi","tag-finland","tag-finnish","tag-headlines","tag-kauppa","tag-kaytetyt-autot","tag-keski-pohjanmaa","tag-kotimaa","tag-latest-news","tag-latestnews","tag-main-news","tag-mainnews","tag-news","tag-otsikot","tag-paauutiset","tag-pohjanmaa","tag-rikosepailyt","tag-seinajoki","tag-suomi","tag-talousrikokset","tag-top-stories","tag-topstories","tag-uutiset","tag-verorikokset"],"share_on_mastodon":{"url":"https:\/\/pubeurope.com\/@fi\/116263154141709798","error":""},"_links":{"self":[{"href":"https:\/\/www.europesays.com\/fi\/wp-json\/wp\/v2\/posts\/199654","targetHints":{"allow":["GET"]}}],"collection":[{"href":"https:\/\/www.europesays.com\/fi\/wp-json\/wp\/v2\/posts"}],"about":[{"href":"https:\/\/www.europesays.com\/fi\/wp-json\/wp\/v2\/types\/post"}],"author":[{"embeddable":true,"href":"https:\/\/www.europesays.com\/fi\/wp-json\/wp\/v2\/users\/2"}],"replies":[{"embeddable":true,"href":"https:\/\/www.europesays.com\/fi\/wp-json\/wp\/v2\/comments?post=199654"}],"version-history":[{"count":0,"href":"https:\/\/www.europesays.com\/fi\/wp-json\/wp\/v2\/posts\/199654\/revisions"}],"wp:featuredmedia":[{"embeddable":true,"href":"https:\/\/www.europesays.com\/fi\/wp-json\/wp\/v2\/media\/199655"}],"wp:attachment":[{"href":"https:\/\/www.europesays.com\/fi\/wp-json\/wp\/v2\/media?parent=199654"}],"wp:term":[{"taxonomy":"category","embeddable":true,"href":"https:\/\/www.europesays.com\/fi\/wp-json\/wp\/v2\/categories?post=199654"},{"taxonomy":"post_tag","embeddable":true,"href":"https:\/\/www.europesays.com\/fi\/wp-json\/wp\/v2\/tags?post=199654"}],"curies":[{"name":"wp","href":"https:\/\/api.w.org\/{rel}","templated":true}]}}