{"id":200326,"date":"2026-03-21T14:49:11","date_gmt":"2026-03-21T14:49:11","guid":{"rendered":"https:\/\/www.europesays.com\/fi\/200326\/"},"modified":"2026-03-21T14:49:11","modified_gmt":"2026-03-21T14:49:11","slug":"risto-autio-kotikadun-hannes-pohtii-muistelmien-kirjoittamista-ja-elaman-kaannekohtia","status":"publish","type":"post","link":"https:\/\/www.europesays.com\/fi\/200326\/","title":{"rendered":"Risto Autio: Kotikadun &#8221;Hannes&#8221; pohtii muistelmien kirjoittamista ja el\u00e4m\u00e4n k\u00e4\u00e4nnekohtia"},"content":{"rendered":"<p>            Yle \/ Jyrki Valkama\n        <\/p>\n<p class=\"subtitle \">Tekisik\u00f6 Kotikadun Hannesta n\u00e4ytellyt Risto muistelmat? Kukaties. Mutta Neil Hardwick ehti jo varastaa t\u00e4ydellisen alkukohtauksen.<\/p>\n<p class=\"article-content article-content-width !bg-background\">Kotikadussa kenties n\u00e4kyvimm\u00e4n uransa tehnyt , 71, tunnetaan n\u00e4yttelij\u00e4n\u00e4, mutta harva katsoja tiet\u00e4\u00e4 h\u00e4nen lahjakkuuttaan kirjoittajana. Siksi on hyv\u00e4 aloittaa ajatuksesta Ristosta naamallaan lumessa. Siit\u00e4 h\u00e4n itse haluaisi aloittaa.<\/p>\n<p class=\"font-weight-bold m-font-weight-bold article-content article-content-width !bg-background\">Video: Risto nousi Kotikadun k\u00e4sikirjoitustiimiin<\/p>\n<p class=\"article-content article-content-width !bg-background\">Kohtaus lumiselle kadulle kaatuneesta miehest\u00e4 olisi Riston mielest\u00e4 mainio kirjan alku, mutta h\u00e4n kiroaa.<\/p>\n<p class=\"article-content article-content-width !bg-background\">Nykyiselt\u00e4 el\u00e4kel\u00e4iselt\u00e4 on pyydetty omael\u00e4m\u00e4kerran kirjoittamista, ja vaikka h\u00e4n itse ei ole ty\u00f6h\u00f6n ryhtynyt, h\u00e4nen aivonsa ovat.<\/p>\n<p class=\"article-content article-content-width !bg-background\">Monen sairauden kanssa k\u00e4rvistelev\u00e4ll\u00e4 Ristolla on unettomina \u00f6in\u00e4 aikaa luoda pelkk\u00e4n\u00e4 ajatuksena olevalle kirjalle rakennetta. Mieli olisi valinnut alkukohdaksi lumeen kaatuneen miehen.<\/p>\n<p class=\"article-content article-content-width !bg-background\">\u2013 Mutta perkele.  meni tekem\u00e4\u00e4n omael\u00e4m\u00e4nkertansa ja k\u00e4ytti saman idean tosta alusta, Risto sanoo.<\/p>\n<p class=\"article-content article-content-width !bg-background\">P\u00e4\u00e4lle h\u00e4n k\u00e4k\u00e4tt\u00e4\u00e4 k\u00e4he\u00e4sti ja aidosti hauskuuttuneena.<\/p>\n<p>        <a itemprop=\"url\" href=\"https:\/\/www.seiska.fi\/katso\/neil-hardwick-paljastaa-spede-vihasi-louhimies-vaheksyi\/1690311\" rel=\"nofollow noopener\" target=\"_blank\"><\/p>\n<p>\nNeil Hardwick paljastaa\n<\/p>\n<p class=\"section-date\">\n        <strong class=\"article-section\" data-section=\"katso\"><br \/>\n            katso<br \/>\n        <\/strong><br \/>\n        4.5.2025 13:11\n    <\/p>\n<p>Neil Hardwick paljastaa: Spede vihasi, Louhimies v\u00e4heksyi\n    <\/p>\n<p itemprop=\"description\" class=\"subtitle \">\n    Brittil\u00e4is-suomalainen tv-legenda avautuu muistelmissaan v\u00e4leist\u00e4\u00e4n muihin ohjaajiin.\n<\/p>\n<p>        <\/a><\/p>\n<p class=\"article-content article-content-width !bg-background\">Ristoa piinaava sairauksien ketju alkoi vakavasta liukastumisesta Yleisradion pihassa 2011. Yksi loukkaantuminen johti sairauskierteeseen, ja Risto j\u00e4i pian ty\u00f6kyvytt\u00f6myysel\u00e4kkeelle.<\/p>\n<p class=\"article-content article-content-width !bg-background\">Nyt h\u00e4n kirjoittaa kotonaan H\u00e4meenlinnassa n\u00e4ytelmi\u00e4, ja omael\u00e4m\u00e4kerta on ainakin ajatuskokeiden tasolla harkinnassa.<\/p>\n<p>Kaatuminen on kuin teema<\/p>\n<p class=\"article-content article-content-width !bg-background\">Risto aloitti haastattelun kertomalla kaatumisistaan. Tarkoitus oli kuvittaa, miten el\u00e4m\u00e4 nyt sujuu.<\/p>\n<p class=\"article-content article-content-width !bg-background\">\u2013 Minulla on n\u00e4it\u00e4 kaatumisia ollut. Lokakuussa l\u00e4hdin Lidliin, mutta siell\u00e4 on sellainen perkeleen jyrkk\u00e4 luiska portaiden vieress\u00e4.<\/p>\n<p class=\"article-content article-content-width !bg-background\">Rollaattorilla liikkuva Risto kaatui kaupasta ulos tullessaan.<\/p>\n<p class=\"article-content article-content-width !bg-background\">\u2013 Olin niin kuin  jossain elokuvassa katon reunalla, kun hamusin rollaattoria.<\/p>\n<p>                <img decoding=\"async\" src=\"https:\/\/www.europesays.com\/fi\/wp-content\/uploads\/2026\/03\/2097489.webp.jpeg\" width=\"576\" height=\"720\" alt=\"Risto ja Mauno. Rollaattoriaan Risto kutsuu rollaksi, mutta on antanut sille my\u00f6s nimen Mauno laitteen mallin mukaan. Riston sairauden kulkua selitt\u00e4\u00e4 vuoden 2011 vakavan kaatumisen j\u00e4lkeen harmeiksi tullut monilihaskipureuma, ja sen tuomat s\u00e4ryt ovat ik\u00e4vint\u00e4. Vakavia sairauksia on kiertynyt alkusyyn ymp\u00e4rille muitakin.\" loading=\"lazy\" \/>            <\/p>\n<p>\n            Risto ja Mauno. Rollaattoriaan Risto kutsuu rollaksi, mutta on antanut sille my\u00f6s nimen Mauno laitteen mallin mukaan. Riston sairauden kulkua selitt\u00e4\u00e4 vuoden 2011 vakavan kaatumisen j\u00e4lkeen harmeiksi tullut monilihaskipureuma, ja sen tuomat s\u00e4ryt ovat ik\u00e4vint\u00e4. Vakavia sairauksia on kiertynyt alkusyyn ymp\u00e4rille muitakin.<br \/>\n            Timo Korhonen\n        <\/p>\n<p class=\"article-content article-content-width !bg-background\">Kaatuminen johti sairaalaan 11 murtuneen kylkiluun kanssa. Kuukauden sairaala-ajata Risto vietti viikon tehostetun tarkkailun osastolla.<\/p>\n<p class=\"article-content article-content-width !bg-background\">Viikkoa sairaalasta kotiutumisensa j\u00e4lkeen Risto otti j\u00e4lleen yhteen painovoiman kanssa. H\u00e4n kaatui noustessaan istumasta seisomaan.<\/p>\n<p class=\"article-content article-content-width !bg-background\">\u2013 En tietenk\u00e4\u00e4n s\u00e4ngylle, vaan suoraan tuohon y\u00f6p\u00f6yd\u00e4lle. istuin sen ihan linttaan ja havahduin, ett\u00e4 istuin ihan verilammikossa. Syv\u00e4 haava k\u00e4dess\u00e4, josta kudoksiakin tunki ulos<\/p>\n<p>                <img decoding=\"async\" src=\"https:\/\/www.europesays.com\/fi\/wp-content\/uploads\/2026\/03\/2097496.webp.jpeg\" width=\"576\" height=\"514\" alt=\"Eniten Risto haaveilee juoksemisesta. Se ei kuitenkaan en\u00e4\u00e4 onnistu, joten kuntoa h\u00e4n hoitaa polkemalla kuntopy\u00f6r\u00e4\u00e4. My\u00f6s vesijuoksu on mieluista, mutta kortisonil\u00e4\u00e4kkeet ovat tehneet ihon hauraaksi, eik\u00e4 iho aina ole uima-allaskunnossa.\" loading=\"lazy\" \/>            <\/p>\n<p>\n            Eniten Risto haaveilee juoksemisesta. Se ei kuitenkaan en\u00e4\u00e4 onnistu, joten kuntoa h\u00e4n hoitaa polkemalla kuntopy\u00f6r\u00e4\u00e4. My\u00f6s vesijuoksu on mieluista, mutta kortisonil\u00e4\u00e4kkeet ovat tehneet ihon hauraaksi, eik\u00e4 iho aina ole uima-allaskunnossa.<br \/>\n            Timo Korhonen\n        <\/p>\n<p class=\"article-content article-content-width !bg-background\">Metallisen y\u00f6p\u00f6yd\u00e4n osa oli tehnyt lihashaavan oikeaan k\u00e4teen olkap\u00e4\u00e4n alapuolelle. Apua oli onneksi helppo saada ranteessa olevan piipparin kautta.<\/p>\n<p>        <a itemprop=\"url\" href=\"https:\/\/www.seiska.fi\/ulkomaat\/nerokas-vekotin-hollannin-ex-kuningatar-beatrix-palkitsi-alyrollaattorin-keksijan-kuva\/446517\" rel=\"nofollow noopener\" target=\"_blank\"><\/p>\n<p>\nKATSO KUVA\n<\/p>\n<p class=\"section-date\">\n        <strong class=\"article-section\" data-section=\"ulkomaat\"><br \/>\n            ulkomaat<br \/>\n        <\/strong><br \/>\n        30.3.2019 12:48\n    <\/p>\n<p>Nerokas vekotin! Hollannin ex-kuningatar Beatrix palkitsi \u00e4lyrollaattorin keksij\u00e4n \u2013 kuva!\n    <\/p>\n<p>        <\/a><\/p>\n<p class=\"article-content article-content-width !bg-background\">\u2013 Joo. Ett\u00e4 koko ajan t\u00e4m\u00e4 on t\u00e4llaista, Risto toteaa.<\/p>\n<p class=\"article-content article-content-width !bg-background\">Eik\u00e4 h\u00e4n kuulosta v\u00e4syneelt\u00e4 tai surumieliselt\u00e4. H\u00e4n kertoo juttunsa joko keve\u00e4sti naurahtaen tai kuin puhuisi mist\u00e4 tahansa kaupassa k\u00e4ynnist\u00e4.<\/p>\n<p>Risto paljastaa keskikohdan<\/p>\n<p class=\"article-content article-content-width !bg-background\">Jos kaatuilu tai arjen helposti sattuvat haverit ovat arkip\u00e4iv\u00e4\u00e4, on el\u00e4m\u00e4n keski\u00f6ss\u00e4 silti muuta.<\/p>\n<p class=\"article-content article-content-width !bg-background\">Siit\u00e4 kertoakseen pit\u00e4\u00e4 tehd\u00e4 j\u00e4lleen nopea retki ajassa taaksep\u00e4in. Risto on tehnyt poikkeuksellisen monipuolisen uran. 1980-luvulla h\u00e4n oli sen aikaisessa unelmaty\u00f6ss\u00e4, Finnairilla stuerttina. Saatuaan sattumaroolin Jorma Uotisen tanssiesityksess\u00e4 h\u00e4n tunsi jotain muuta. Yksi kohtaus sai h\u00e4net itkem\u00e4\u00e4n joka esityksess\u00e4.<\/p>\n<p class=\"article-content article-content-width !bg-background\">Siit\u00e4 alkanut pohdinta vei h\u00e4net Teatterikorkeakouluun.<\/p>\n<p>                <img decoding=\"async\" src=\"https:\/\/www.europesays.com\/fi\/wp-content\/uploads\/2026\/03\/2097498.webp.jpeg\" width=\"576\" height=\"322\" alt=\"Kirjoittaminen sujuu yh\u00e4, vaikka sairauden tuomat yll\u00e4tt\u00e4v\u00e4t kipukohtaukest pit\u00e4v\u00e4t 71-vuotiaan tehokkaasti poissa lavoilta, ovat pit\u00e4neet jo yli 10 vuotta.\" loading=\"lazy\" \/>            <\/p>\n<p>\n            Kirjoittaminen sujuu yh\u00e4, vaikka sairauden tuomat yll\u00e4tt\u00e4v\u00e4t kipukohtaukest pit\u00e4v\u00e4t 71-vuotiaan tehokkaasti poissa lavoilta, ovat pit\u00e4neet jo yli 10 vuotta.<br \/>\n            Timo Korhonen\n        <\/p>\n<p class=\"article-content article-content-width !bg-background\">\u2013 Ymm\u00e4rsin ensin kohtauksen merkityksen, kun jokainen esiintyj\u00e4 kulki lavalla eri suuntaan. Se oli jokaisen oma polku, kohti kuolemaa. Tajusin ett\u00e4 tunteenpurkaus tuli siit\u00e4, ett\u00e4 itkin \u00e4iti\u00e4ni.<\/p>\n<p class=\"article-content article-content-width !bg-background\">Riston koko perhe oli vakavassa auto-onnettomuudessa 1960-luvulla Riston ollessa viel\u00e4 teini. Onnettomuus vei kuskina olleen is\u00e4n terveyden sek\u00e4 Ristolta \u00e4idin, ja kaikki henkiin j\u00e4\u00e4neet saivat omat j\u00e4lkens\u00e4.<\/p>\n<p class=\"article-content article-content-width !bg-background\">Sit\u00e4 Risto voi pit\u00e4\u00e4 yhten\u00e4 el\u00e4m\u00e4ns\u00e4 keskikohtana, kuka ties mahdollisen el\u00e4m\u00e4kertakirjankin keskikohtana.<\/p>\n<p>                <img decoding=\"async\" src=\"https:\/\/www.europesays.com\/fi\/wp-content\/uploads\/2026\/03\/2097514.webp.jpeg\" width=\"576\" height=\"418\" alt=\"Riston tavaramerkki on harkittu puhe ja v\u00e4kev\u00e4 esiintyminen. Jutut moottorin rassauksesta ja kuolemasta tulevat vaikka per\u00e4kk\u00e4isiss\u00e4 virkkeiss\u00e4.\" loading=\"lazy\" \/>            <\/p>\n<p>\n            Riston tavaramerkki on harkittu puhe ja v\u00e4kev\u00e4 esiintyminen. Jutut moottorin rassauksesta ja kuolemasta tulevat vaikka per\u00e4kk\u00e4isiss\u00e4 virkkeiss\u00e4.<br \/>\n            Timo Korhonen\n        <\/p>\n<p class=\"article-content article-content-width !bg-background\">\u2013 Olen hakenut itse\u00e4ni, niinh\u00e4n kaikki tekev\u00e4t. Oma el\u00e4m\u00e4ni filosofiaksi on tullut sen kolarin j\u00e4lkeen, ett\u00e4 uskalla el\u00e4\u00e4.<\/p>\n<p class=\"article-content article-content-width !bg-background\">Kaksi viimeist\u00e4 sanaa Risto sanoo painavasti kuin laskisi lekan varovasti maahan. Naurua ei t\u00e4ll\u00e4 kertaa \u00e4\u00e4ness\u00e4 kuulu, mutta ei my\u00f6sk\u00e4\u00e4n surua pelkoa.<\/p>\n<p class=\"article-content article-content-width !bg-background\">Tarkka havaitsija j\u00e4tt\u00e4\u00e4 keskikohdan avoimeksi.\u00a0<\/p>\n<p class=\"article-content article-content-width !bg-background\">\u2013 Ne on niin kuin n\u00e4m\u00e4 minun kaatumiseni tai kenen tahansa mik\u00e4 tahansa onnettomuus. Joka p\u00e4iv\u00e4 voi sattua mit\u00e4 vaan, ja sitten ollaan uuden edess\u00e4.<\/p>\n<p>        <a itemprop=\"url\" href=\"https:\/\/www.seiska.fi\/katso\/rakastettu-kotikatu-tayttaa-30-vuotta-tasta-syysta-ei-nayteta-tvssa\/1905944\" rel=\"nofollow noopener\" target=\"_blank\"><\/p>\n<p>\nKotikatu 30 vuotta\n<\/p>\n<p class=\"section-date\">\n        <strong class=\"article-section\" data-section=\"katso\"><br \/>\n            katso<br \/>\n        <\/strong><br \/>\n        24.8.2025 10:15\n    <\/p>\n<p>Rakastettu Kotikatu t\u00e4ytt\u00e4\u00e4 30 vuotta &#8211; t\u00e4st\u00e4 syyst\u00e4 ei n\u00e4ytet\u00e4 tv:ss\u00e4\n    <\/p>\n<p itemprop=\"description\" class=\"subtitle \">\n    Sarja alkoi dramaattisesti, kun Pertti M\u00e4kimaa ajoi pilottijaksossa Ninni Luotolan p\u00e4\u00e4lle.\n<\/p>\n<p>        <\/a><\/p>\n","protected":false},"excerpt":{"rendered":"Yle \/ Jyrki Valkama Tekisik\u00f6 Kotikadun Hannesta n\u00e4ytellyt Risto muistelmat? Kukaties. Mutta Neil Hardwick ehti jo varastaa t\u00e4ydellisen&hellip;\n","protected":false},"author":2,"featured_media":200327,"comment_status":"","ping_status":"","sticky":false,"template":"","format":"standard","meta":{"footnotes":"","_share_on_mastodon":"0"},"categories":[136],"tags":[407,11257,2298,17824,137,33,31,30,408,4811,9198,30680,2612,5873,30202,2549,1342,1181,30201,30200,764,3893,30199,32,167,4967,25592,30681,109],"class_list":["post-200326","post","type-post","status-publish","format-standard","has-post-thumbnail","category-julkkikset","tag-celebrities","tag-elakelainen","tag-elamakerta","tag-elamakertakirja","tag-entertainment","tag-fi","tag-finland","tag-finnish","tag-julkkikset","tag-kaatuminen","tag-kipu","tag-kipuhelvetti","tag-kirjailija","tag-kotikatu","tag-monisairas","tag-muistelmat","tag-nayttelija","tag-omaelamakerta","tag-risto-autio","tag-rollaattori","tag-sairaudet","tag-sairaus","tag-sairauskierre","tag-suomi","tag-terveys","tag-terveyshuolia","tag-tyokyvyttomyys","tag-tyokyvyttomyyselake","tag-viihde"],"share_on_mastodon":{"url":"https:\/\/pubeurope.com\/@fi\/116267723441300090","error":""},"_links":{"self":[{"href":"https:\/\/www.europesays.com\/fi\/wp-json\/wp\/v2\/posts\/200326","targetHints":{"allow":["GET"]}}],"collection":[{"href":"https:\/\/www.europesays.com\/fi\/wp-json\/wp\/v2\/posts"}],"about":[{"href":"https:\/\/www.europesays.com\/fi\/wp-json\/wp\/v2\/types\/post"}],"author":[{"embeddable":true,"href":"https:\/\/www.europesays.com\/fi\/wp-json\/wp\/v2\/users\/2"}],"replies":[{"embeddable":true,"href":"https:\/\/www.europesays.com\/fi\/wp-json\/wp\/v2\/comments?post=200326"}],"version-history":[{"count":0,"href":"https:\/\/www.europesays.com\/fi\/wp-json\/wp\/v2\/posts\/200326\/revisions"}],"wp:featuredmedia":[{"embeddable":true,"href":"https:\/\/www.europesays.com\/fi\/wp-json\/wp\/v2\/media\/200327"}],"wp:attachment":[{"href":"https:\/\/www.europesays.com\/fi\/wp-json\/wp\/v2\/media?parent=200326"}],"wp:term":[{"taxonomy":"category","embeddable":true,"href":"https:\/\/www.europesays.com\/fi\/wp-json\/wp\/v2\/categories?post=200326"},{"taxonomy":"post_tag","embeddable":true,"href":"https:\/\/www.europesays.com\/fi\/wp-json\/wp\/v2\/tags?post=200326"}],"curies":[{"name":"wp","href":"https:\/\/api.w.org\/{rel}","templated":true}]}}