{"id":20081,"date":"2025-08-29T19:50:09","date_gmt":"2025-08-29T19:50:09","guid":{"rendered":"https:\/\/www.europesays.com\/fi\/20081\/"},"modified":"2025-08-29T19:50:09","modified_gmt":"2025-08-29T19:50:09","slug":"helena-ahti-hallberg-laukoo-suorat-sanat-tama-voi-olla-ongelma-uudella-ttk-kaudella-jos-on","status":"publish","type":"post","link":"https:\/\/www.europesays.com\/fi\/20081\/","title":{"rendered":"Helena Ahti-Hallberg laukoo suorat sanat &#8211; T\u00e4m\u00e4 voi olla ongelma uudella TTK kaudella: &#8221;Jos on&#8230;&#8221;"},"content":{"rendered":"<p>  Tanssii T\u00e4htien Kanssa suosikkiohjelma starttaa syksyn iloksi ja vuorossa on jo 18. kausi.29.8.2025 klo 9:45<\/p>\n<p><a href=\"https:\/\/www.suomi24.fi\/viihde\/l\/helena-ahti-hallberg-laukoo-suorat-sanat-tama-voi-olla-ongelma-uudella-ttk-kaudella-jos-on-5168-1.webp\" rel=\"nofollow noopener\" target=\"_blank\"><img decoding=\"async\" src=\"https:\/\/www.europesays.com\/fi\/wp-content\/uploads\/2025\/08\/helena-ahti-hallberg-laukoo-suorat-sanat-tama-voi-olla-ongelma-uudella-ttk-kaudella-jos-on-5168-1.we.webp\" alt=\"Tanssii T\u00e4htien Kanssa\" loading=\"lazy\"\/><\/a><\/p>\n<p>Tanssiopettaja Helena Ahti-Hallberg, kuva: Suomi24 Viihde<\/p>\n<p>Yritt\u00e4j\u00e4, tanssinopettaja <strong>Helena Ahti-Hallberg<\/strong> on rakastettu TTK-tuomari, joka pit\u00e4\u00e4 ohjelman tuomarilinjastossa huolta kanta-askelista ja muista teknisist\u00e4 vaatimuksista. T\u00e4n\u00e4 syksyn\u00e4 vuorossa on suosikkiohjelman 18. kausi.<\/p>\n<p>Ahti-Hallberg tuomaroi syksyn yhdess\u00e4 suosituimmista ohjelmista rinnallaan tuttuun tapaan <strong>Jorma Uotinen <\/strong>ja <strong>Jukka Haapalainen<\/strong>. 57-vuotias Ahti-Hallberg antoi Suomi24 Viihteelle haastattelun uuden TTK-kauden kynnyksell\u00e4.<\/p>\n<p>Suora l\u00e4hetys on varmasti adrenaliinia kohottava &#8211; ja jopa j\u00e4nnitt\u00e4v\u00e4. Kameran edess\u00e4 sanotut ja tehdyt n\u00e4kyv\u00e4t suoraan Suomen kansalle tv-kameroiden v\u00e4lityksell\u00e4. Helena Ahti-Hallberg, mist\u00e4 l\u00f6yd\u00e4t virtaa suoriin tv-l\u00e4hetyksiin?<\/p>\n<p>-Voi m\u00e4 ajattelen, ett\u00e4 se on mun viikon vapaap\u00e4iv\u00e4, koska mun mielest\u00e4 siell\u00e4 on niin ihanaa. M\u00e4 saan menn\u00e4 paikan p\u00e4\u00e4lle jo puolen p\u00e4iv\u00e4n j\u00e4lkeen ja mua meikataan ja laitetaan hiuksia ja ruuat tuodaan suoraan eteen. Mik\u00e4s sen ihanampaa? M\u00e4h\u00e4n oon siell\u00e4 ik\u00e4\u00e4n kuin t\u00e4yshoidossa.<\/p>\n<p>Kokenut TTK-tuomari jatkaa:<\/p>\n<p>-Illalla p\u00e4\u00e4see parhaille paikoille salissa, miss\u00e4 n\u00e4kee tanssin ilman mit\u00e4\u00e4n esteit\u00e4. Se on mulle aivan lomap\u00e4iv\u00e4n oloinen. M\u00e4 en joudu antamaan virtaa itsest\u00e4ni, vaan musta tuntuu, ett\u00e4 mut t\u00e4ytet\u00e4\u00e4n sen p\u00e4iv\u00e4n aikana positiivisella energialla.<\/p>\n<p><a href=\"https:\/\/www.suomi24.fi\/viihde\/l\/68b1430d955b1-5168.webp\" rel=\"nofollow noopener\" target=\"_blank\"><img decoding=\"async\" src=\"https:\/\/www.europesays.com\/fi\/wp-content\/uploads\/2025\/08\/68b1430d955b1-5168.webp.webp\" alt=\"Tanssii T\u00e4htien Kanssa\" loading=\"lazy\"\/><\/a><\/p>\n<p>TTK-tuomarit Jorma Uotinen, Helena Ahti-Hallberg ja Jukka Haapalainen. Kuva: Suomi24 Viihde<\/p>\n<p>Onko sinulla tiettyj\u00e4 rutiineja ennen suoraa l\u00e4hetyst\u00e4?<\/p>\n<p>-M\u00e4 olen aiemmin melkein joka l\u00e4hetyst\u00e4 ennen k\u00e4ynyt tanssisalilla opettamassa muutaman tunnin, joka mun mielest\u00e4 on jollain tavalla her\u00e4tt\u00e4nyt mut siihen tanssiin. Mutta nyt t\u00e4n\u00e4 vuonna m\u00e4 teen poikkeuksen.<\/p>\n<p>-P\u00e4\u00e4tin, ett\u00e4 sunnuntaiaamut on rentoutumisaikaa ja meinaan ihan oikeasti ottaa ne nyt vapaap\u00e4ivin\u00e4. Nautiskelen sunnuntaina my\u00f6h\u00e4isest\u00e4 aamiaisesta ja menen sitten meikattavaksi ja laitettavaksi, Ahti-Hallberg paljastaa Suomi24 Viihteelle.<\/p>\n<p>Pitk\u00e4n linjan TTK-tuomari on n\u00e4hnyt jo kaikki uuden kauden parit, muttei tied\u00e4, mit\u00e4 on tulossa.<\/p>\n<p>-Joka kerta tulee yll\u00e4tetyksi. Mit\u00e4 tahansa t\u00e4n\u00e4\u00e4n ajattelee n\u00e4ist\u00e4 oppilaista, niin aina he onnistuvat yll\u00e4tt\u00e4m\u00e4\u00e4n. Sit\u00e4 m\u00e4 odotan eniten. Ensimm\u00e4iset kaksi jaksoa n\u00e4ytt\u00e4\u00e4 jo paljon.<\/p>\n<p>Uudet opettajat ja t\u00e4htioppilaat on julkaistu ja he aloittavat TTK-kisan televisiossa. Mit\u00e4 odotat t\u00e4\u00e4lt\u00e4 syksylt\u00e4 ja onko mielest\u00e4si edess\u00e4 millaisia ongelmia?<\/p>\n<p>-Siell\u00e4 on pari paria, joilla on aika paljon pituuseroa. Pituusero aiheuttaa haasteita. Ett\u00e4 miten tyylikk\u00e4\u00e4sti opettajat selvitt\u00e4\u00e4 sen asian, koska siin\u00e4 joutuu kyll\u00e4 aika monta niksi\u00e4 varmaankin ottamaan k\u00e4ytt\u00f6\u00f6n. Jos on pitk\u00e4 pituusero, tanssiopettajan t\u00e4ytyy olla aika nerokas, TTK-tuomari pohtii.<\/p>\n<p><a href=\"https:\/\/www.suomi24.fi\/viihde\/l\/68b14361844a5-5168.webp\" rel=\"nofollow noopener\" target=\"_blank\"><img decoding=\"async\" src=\"https:\/\/www.europesays.com\/fi\/wp-content\/uploads\/2025\/08\/68b14361844a5-5168.webp.webp\" alt=\"Tanssii T\u00e4htien Kanssa\" loading=\"lazy\"\/><\/a>Marko M\u00f6rk\u00f6 Anttilalla ja Kia Lehmuskoskella on iso pituusero. Kuva: Suomi24 Viihde<\/p>\n<p>Yksi pitk\u00e4n pituuseron TTK-pareista on <strong>Marko M\u00f6rk\u00f6 Anttila<\/strong> ja <strong>Kia Lehmuskoski<\/strong>. Anttila on huikeat 203 cm pitk\u00e4 ja Lehmuskoski puolestaan 165 cm pitk\u00e4.<\/p>\n<p>TTK-kauden uudet t\u00e4htiparit ovat <strong>Minna Kuukka <\/strong>ja <strong>Mikko Ahti, Mira Luoti <\/strong>ja <strong>Anssi Heikkil\u00e4, Johannes Holopainen <\/strong>ja <strong>Katri Riihilahti, Kristiina M\u00e4kel\u00e4 <\/strong>ja <strong>Sami Helenius, Eric &#8221;Lakko&#8221; Savolainen <\/strong>ja <strong>Kastanja Rauhala, <\/strong>Marko &#8221;M\u00f6rk\u00f6&#8221; Anttila ja Kia Lehmuskoski<strong>, Sara Siipola <\/strong>ja <strong>Jurijs Trosenko, Paulus Arajuuri <\/strong>ja <strong>Liisa Set\u00e4l\u00e4, Pippa Laukka <\/strong>ja <strong>Marko Ker\u00e4nen, Tia-Maria &#8221;Tinze&#8221; Sokka <\/strong>ja <strong>Valtteri Palin <\/strong>sek\u00e4<strong> Mikko Silvennoinen <\/strong>ja <strong>Matti Puro<\/strong>.<\/p>\n<p>Tanssii T\u00e4htien Kanssa alkaa MTV Katsomossa ja MTV3-kanavalla su 31.8. klo 19.30.<\/p>\n<p><a href=\"https:\/\/www.telsu.fi\/tanssii+t%C3%A4htien+kanssa\" rel=\"noopener noreferrer nofollow\" target=\"_blank\">Katso tv-ohjelma-ajat Telsu.fi<\/a><\/p>\n<p>Suomi24 Viihde<\/p>\n","protected":false},"excerpt":{"rendered":"Tanssii T\u00e4htien Kanssa suosikkiohjelma starttaa syksyn iloksi ja vuorossa on jo 18. kausi.29.8.2025 klo 9:45 Tanssiopettaja Helena Ahti-Hallberg,&hellip;\n","protected":false},"author":2,"featured_media":20082,"comment_status":"","ping_status":"","sticky":false,"template":"","format":"standard","meta":{"footnotes":""},"categories":[133],"tags":[137,33,31,30,32,206,156,109],"class_list":{"0":"post-20081","1":"post","2":"type-post","3":"status-publish","4":"format-standard","5":"has-post-thumbnail","7":"category-televisiot","8":"tag-entertainment","9":"tag-fi","10":"tag-finland","11":"tag-finnish","12":"tag-suomi","13":"tag-televisiot","14":"tag-tv","15":"tag-viihde"},"share_on_mastodon":{"url":"","error":""},"_links":{"self":[{"href":"https:\/\/www.europesays.com\/fi\/wp-json\/wp\/v2\/posts\/20081","targetHints":{"allow":["GET"]}}],"collection":[{"href":"https:\/\/www.europesays.com\/fi\/wp-json\/wp\/v2\/posts"}],"about":[{"href":"https:\/\/www.europesays.com\/fi\/wp-json\/wp\/v2\/types\/post"}],"author":[{"embeddable":true,"href":"https:\/\/www.europesays.com\/fi\/wp-json\/wp\/v2\/users\/2"}],"replies":[{"embeddable":true,"href":"https:\/\/www.europesays.com\/fi\/wp-json\/wp\/v2\/comments?post=20081"}],"version-history":[{"count":0,"href":"https:\/\/www.europesays.com\/fi\/wp-json\/wp\/v2\/posts\/20081\/revisions"}],"wp:featuredmedia":[{"embeddable":true,"href":"https:\/\/www.europesays.com\/fi\/wp-json\/wp\/v2\/media\/20082"}],"wp:attachment":[{"href":"https:\/\/www.europesays.com\/fi\/wp-json\/wp\/v2\/media?parent=20081"}],"wp:term":[{"taxonomy":"category","embeddable":true,"href":"https:\/\/www.europesays.com\/fi\/wp-json\/wp\/v2\/categories?post=20081"},{"taxonomy":"post_tag","embeddable":true,"href":"https:\/\/www.europesays.com\/fi\/wp-json\/wp\/v2\/tags?post=20081"}],"curies":[{"name":"wp","href":"https:\/\/api.w.org\/{rel}","templated":true}]}}