{"id":201082,"date":"2026-03-22T13:22:09","date_gmt":"2026-03-22T13:22:09","guid":{"rendered":"https:\/\/www.europesays.com\/fi\/201082\/"},"modified":"2026-03-22T13:22:09","modified_gmt":"2026-03-22T13:22:09","slug":"kruununprinsessa-mette-maritin-terveysongelmat-keuhkofibroosi-ja-keuhkonsiirto","status":"publish","type":"post","link":"https:\/\/www.europesays.com\/fi\/201082\/","title":{"rendered":"Kruununprinsessa Mette-Maritin terveysongelmat: Keuhkofibroosi ja keuhkonsiirto"},"content":{"rendered":"<p>            Dusan Reljin \/ Det kongelige hoff\n        <\/p>\n<p class=\"subtitle \">Kruununprinsessan keuhkofibroosi on ajanut h\u00e4net pois t\u00f6ist\u00e4.<\/p>\n<p class=\"article-content article-content-width !bg-background\">Norjan kruununprinsessa\u00a0ravistelevat perheen skandaalien lis\u00e4ksi my\u00f6s vakavat terveysongelmat. Mette-Maritin tiedet\u00e4\u00e4n k\u00e4rsiv\u00e4n keuhkofibroosista, joka on pit\u00e4nyt h\u00e4net poissa julkisuudesta l\u00e4hes koko kuluvan vuoden ajan.<\/p>\n<p class=\"font-weight-bold m-font-weight-bold article-content article-content-width !bg-background\">Video: Kruununprinsessa Mette-Marit kommentoi Epstein-kohua<\/p>\n<p class=\"article-content article-content-width !bg-background\">Kruununprinsessalla diagnosoitiin keuhkofibroosi vuonna 2018. Kahdeksan vuoden aikana h\u00e4nen vointinsa on edennyt huonompaan suuntaan pakottaen h\u00e4net toisinaan pitkillekin sairauslomille.<\/p>\n<p class=\"article-content article-content-width !bg-background\">Keuhkofibroosi aiheuttaa keuhkojen arpeutumista, mik\u00e4 vaikeuttaa hapensaantia.<\/p>\n<p class=\"article-content article-content-width !bg-background\">Joulukuussa Norjan kuningashuone tiedotti, ett\u00e4 kruununprinsessaa valmistellaan keuhkonsiirtojonoon.<\/p>\n<p class=\"article-content article-content-width !bg-background\">\u2013 T\u00e4n\u00e4 syksyn\u00e4 useat testit ovat n\u00e4ytt\u00e4neet selv\u00e4\u00e4 negatiivista kehityst\u00e4 kruununprinsessan terveydess\u00e4. Rikshospitaletin l\u00e4\u00e4k\u00e4rit ovat siksi aloittaneet valmistelut, joiden tavoitteena on kartoittaa kruununprinsessan sopivuus keuhkonsiirrolle, hovi tiedotti 19. joulukuuta 2025.<\/p>\n<p>        <a itemprop=\"url\" href=\"https:\/\/www.seiska.fi\/kuninkaalliset\/marius-oikeudenkaynti-raju-vaite-mette-maritista-ja-haakonista\/2094283\" rel=\"nofollow noopener\" target=\"_blank\"><\/p>\n<p>\nMariusin oikeudenk\u00e4ynti\n<\/p>\n<p class=\"section-date\">\n        <strong class=\"article-section\" data-section=\"kuninkaalliset\"><br \/>\n            kuninkaalliset<br \/>\n        <\/strong><br \/>\n        7.3. 12:00\n    <\/p>\n<p>Marius-oikeudenk\u00e4ynti: Raju v\u00e4ite Mette-Maritista ja Haakonista\n    <\/p>\n<p itemprop=\"description\" class=\"subtitle \">\n    Marius Borg H\u00f8ibyn oikeudenk\u00e4ynti jatkuu Oslossa, kun \u00e4\u00e4neen p\u00e4\u00e4si h\u00e4nen entinen tytt\u00f6yst\u00e4v\u00e4ns\u00e4.\n<\/p>\n<p>        <\/a><\/p>\n<p>Odotettua nopeammin<\/p>\n<p class=\"article-content article-content-width !bg-background\">Rikshospitaletin keuhko-osaston johtaja\u00a0kertoi tuolloin, ett\u00e4 Mette-Marit l\u00e4hestyy tilannetta, jossa keuhkonsiirto on v\u00e4ltt\u00e4m\u00e4t\u00f6n.<\/p>\n<p class=\"article-content article-content-width !bg-background\">\u2013 Olin koko ajan toivonut, ett\u00e4 voisimme pit\u00e4\u00e4 sairauden hallinnassa l\u00e4\u00e4kkeill\u00e4. Kehitys t\u00e4h\u00e4n asti on ollut hidasta. Nyt se on edennyt hieman nopeammin kuin min\u00e4 j\u00e4 l\u00e4\u00e4k\u00e4rit toivoimme, Mette-Marit kuvaili asiaa Norjassa joulukuussa julkaistussa\u00a0Norjan kuningasperheen vuosi\u00a0-dokumentissa.<\/p>\n<p class=\"article-content article-content-width !bg-background\">My\u00f6s keuhkonsiirto nousi ajankohtaiseksi toivottua aiemmin.<\/p>\n<p class=\"article-content article-content-width !bg-background\">\u2013 Tieto siit\u00e4, ett\u00e4 se on seuraava askel, on aika raskas. Kyseess\u00e4 on operaatio, johon sis\u00e4ltyy monia riskej\u00e4, Mette-Marit my\u00f6nsi.<\/p>\n<p class=\"article-content article-content-width !bg-background\">\u2013 On vaikea ymm\u00e4rt\u00e4\u00e4, kuinka sairas h\u00e4n on. H\u00e4nh\u00e4n n\u00e4ytt\u00e4\u00e4 oikein hyv\u00e4lt\u00e4, kertoi kruununprinssi\u00a0vaimonsa voinnista dokumentissa.<\/p>\n<p class=\"article-content article-content-width !bg-background\">Perhe on joutunut luopumaan t\u00f6iden lis\u00e4ksi monista muistakin yhteisist\u00e4 asioista, kun retkeily ja liikunta ovat j\u00e4\u00e4neet Mette-Maritin sairauden vuoksi v\u00e4hemm\u00e4lle.<\/p>\n<p class=\"article-content article-content-width !bg-background\">\u2013 Se on oma suruty\u00f6ns\u00e4, omalla tavallaan, Haakon totesi.<\/p>\n<p>        <a itemprop=\"url\" href=\"https:\/\/www.seiska.fi\/kuninkaalliset\/laakari-kertoo-vihdoin-mette-maritista-tilanne-on-paha\/2096444\" rel=\"nofollow noopener\" target=\"_blank\"><\/p>\n<p>\nTilanne on paha\n<\/p>\n<p class=\"section-date\">\n        <strong class=\"article-section\" data-section=\"kuninkaalliset\"><br \/>\n            kuninkaalliset<br \/>\n        <\/strong><br \/>\n        8.3. 17:00\n    <\/p>\n<p>L\u00e4\u00e4k\u00e4ri kertoo vihdoin Mette-Maritista \u2013 tilanne on paha\n    <\/p>\n<p itemprop=\"description\" class=\"subtitle \">\n    Hyv\u00e4t uutiset lomamatkalla sairastuneen kuningas Haraldin paluusta eiv\u00e4t paljoa Norjan hovissa lohduta. Kahden skandaalin riepottaman kruununprinsessan terveysuutinen on musta.\n<\/p>\n<p>        <\/a><\/p>\n<p>Katosi julkisuudesta<\/p>\n<p class=\"article-content article-content-width !bg-background\">Kun Mette-Maritin vointi on huonommalla tolalla kuin koskaan, nousi julkisuuteen my\u00f6s tietoa h\u00e4nen yst\u00e4vyydest\u00e4\u00e4n\u00a0kanssa.<\/p>\n<p class=\"article-content article-content-width !bg-background\">Tilannetta mutkisti entisest\u00e4\u00e4n helmikuun alussa alkanut oikeudenk\u00e4ynti, jossa k\u00e4sitell\u00e4\u00e4n kruununprinsessan esikoisen\u00a040:\u00e4\u00e4 rikossyytett\u00e4.<\/p>\n<p class=\"article-content article-content-width !bg-background\">Perjantaina (20.3.) Mette-Marit palasi yll\u00e4tt\u00e4en julkisuuteen kommentoidessaan Epstein-kohua <a href=\"https:\/\/www.nrk.no\/norge\/kronprinsesse-mette-marit-om-epstein_-_-jeg-ble-manipulert-og-lurt-1.17817389\" target=\"_blank\" rel=\"nofollow noopener\">NRK<\/a>:lle perinpohjaisesti. T\u00e4t\u00e4 ennen h\u00e4nt\u00e4 ei ollut n\u00e4hty seitsem\u00e4\u00e4n viikkoon.<\/p>\n<p class=\"article-content article-content-width !bg-background\">Samalla h\u00e4n kommentoi lyhyesti terveydentilaansa.<\/p>\n<p class=\"article-content article-content-width !bg-background\">\u2013 El\u00e4n vakavan sairauden kanssa, ja se m\u00e4\u00e4rittelee el\u00e4m\u00e4ni nyky\u00e4\u00e4n. Siit\u00e4 riippuu, voinko edes olla roolissani, Mette-Marit totesi.<\/p>\n<p>        <a itemprop=\"url\" href=\"https:\/\/www.seiska.fi\/katso\/kruununprinsessa-mette-marit-surullinen-tilitys-parantumattomasta-sairaudesta\/2034153\" rel=\"nofollow noopener\" target=\"_blank\"><\/p>\n<p>\nKruununprinsessa Mette-Marit\n<\/p>\n<p class=\"section-date\">\n        <strong class=\"article-section\" data-section=\"katso\"><br \/>\n            katso<br \/>\n        <\/strong><br \/>\n        30.12.2025 15:15\n    <\/p>\n<p>Kruununprinsessa Mette-Marit: Surullinen tilitys parantumattomasta sairaudesta\n    <\/p>\n<p itemprop=\"description\" class=\"subtitle \">\n    Kruununprinsessa puhuu parantumattomasta sairaudestaan poikkeuksellisen avoimesti.\n<\/p>\n<p>        <\/a><\/p>\n<p>Sairausloma jatkuu<\/p>\n<p class=\"article-content article-content-width !bg-background\">Hovin ty\u00f6kalenterista selvi\u00e4\u00e4, ettei Mette-Maritilla ole yhden yht\u00e4 ty\u00f6teht\u00e4v\u00e4\u00e4 koko kev\u00e4\u00e4lle, ja tiistaina (17.3.) my\u00f6s Norjan yleisradioyhti\u00f6\u00a0<a href=\"https:\/\/www.nrk.no\/norge\/kronprinsessen-er-blitt-darligere-_-uteblir-fra-statsbesok-1.17813382\" target=\"_blank\" rel=\"nofollow noopener\">NRK<\/a> tiedusteli asiaa hovilta.<\/p>\n<p class=\"article-content article-content-width !bg-background\">Belgian kuningaspari on saapumassa maaliskuun lopussa Norjaan valtiovierailulle, mutta Mette-Marit joutuu j\u00e4tt\u00e4m\u00e4\u00e4n ohjelmanumerot v\u00e4list\u00e4.<\/p>\n<p class=\"article-content article-content-width !bg-background\">\u2013 Kruununprinsessan vointi on heikentynyt, mink\u00e4 takia h\u00e4n ei ole mukana valtiovierailun ohjelmassa, vahvistettiin hovin viestint\u00e4osastolta NRK:lle.<\/p>\n<p>        <a itemprop=\"url\" href=\"https:\/\/www.seiska.fi\/kuninkaalliset\/kruununprinsessa-mette-marit-syvissa-vesissa-kohukuva-julki\/2065277\" rel=\"nofollow noopener\" target=\"_blank\"><\/p>\n<p>\nMette-Marit syviss\u00e4 vesiss\u00e4\n<\/p>\n<p class=\"section-date\">\n        <strong class=\"article-section\" data-section=\"kuninkaalliset\"><br \/>\n            kuninkaalliset<br \/>\n        <\/strong><br \/>\n        4.2. 12:34\n    <\/p>\n<p>Kruununprinsessa Mette-Marit syviss\u00e4 vesiss\u00e4 \u2013 kohukuva julki\n    <\/p>\n<p itemprop=\"description\" class=\"subtitle \">\n    Mette-Maritista on nyt kuvamateriaalia osana Epstein-asiakirjoja.\n<\/p>\n<p>        <\/a><\/p>\n<p>N\u00e4in hoidetaan<\/p>\n<p class=\"article-content article-content-width !bg-background\">Suomessa keuhkonsiirto on vakiintunut hoitomuoto keuhkosairauksille, kertoo <a href=\"https:\/\/www.terveyskyla.fi\/keuhkotalo\/tutkimus-ja-hoito\/keuhkosairauksien-hoito\/keuhkon-ja-keuhkopussin-sairauksien-leikkaushoito\/keuhkonsiirto\" target=\"_blank\" rel=\"nofollow noopener\">Terveyskyl\u00e4<\/a>. Sit\u00e4 tarjotaan hoitovaihtoehdoksi vasta siin\u00e4 vaiheessa, jos keuhkosairaus etenee muista hoidoista huolimatta.<\/p>\n<p class=\"article-content article-content-width !bg-background\">Keuhkofibroosiin ei ole viel\u00e4 l\u00f6ydetty parantavaa l\u00e4\u00e4kehoitoa, eik\u00e4 sen syit\u00e4 tunneta.<\/p>\n<p class=\"article-content article-content-width !bg-background\">Keuhkonsiirron kerrotaan soveltuvan henkil\u00f6lle, jonka elimist\u00f6 on muuten terve. Keuhkoja voidaan siirt\u00e4\u00e4 yksi tai kaksi, mutta mahdollista on tehd\u00e4 my\u00f6s blokkisiirto, jossa siirret\u00e4\u00e4n sek\u00e4 syd\u00e4n ett\u00e4 keuhkot.<\/p>\n<p class=\"article-content article-content-width !bg-background\"><a href=\"https:\/\/www.duodecimlehti.fi\/duo30235\" target=\"_blank\" rel=\"nofollow noopener\">Duodecimin<\/a> mukaan kahden keuhkon siirron j\u00e4lkeen potilaista on ollut elossa yhden vuoden j\u00e4lkeen 62 prosenttia ja kahden vuoden j\u00e4lkeen 51 prosenttia. Yhden keuhkon saaneilta vastaavat luvut ovat 69 ja 63 prosenttia.<\/p>\n<p>        <a itemprop=\"url\" href=\"https:\/\/www.seiska.fi\/kuninkaalliset\/kruununprinsessa-mette-maritista-uutta-tietoa-asiantuntijalta-suorat-sanat\/2051527\" rel=\"nofollow noopener\" target=\"_blank\"><\/p>\n<p>\nMette-Maritista uutta tietoa\n<\/p>\n<p class=\"section-date\">\n        <strong class=\"article-section\" data-section=\"kuninkaalliset\"><br \/>\n            kuninkaalliset<br \/>\n        <\/strong><br \/>\n        21.1. 17:30\n    <\/p>\n<p>Kruununprinsessa Mette-Maritista uutta tietoa \u2013 asiantuntijalta suorat sanat\n    <\/p>\n<p itemprop=\"description\" class=\"subtitle \">\n    Hoviasiantuntija pit\u00e4\u00e4 Mette-Maritin ty\u00f6ss\u00e4 jatkamista eritt\u00e4in positiivisena merkkin\u00e4.\n<\/p>\n<p>        <\/a><\/p>\n","protected":false},"excerpt":{"rendered":"Dusan Reljin \/ Det kongelige hoff Kruununprinsessan keuhkofibroosi on ajanut h\u00e4net pois t\u00f6ist\u00e4. Norjan kruununprinsessa\u00a0ravistelevat perheen skandaalien lis\u00e4ksi&hellip;\n","protected":false},"author":2,"featured_media":201083,"comment_status":"","ping_status":"","sticky":false,"template":"","format":"standard","meta":{"footnotes":"","_share_on_mastodon":"0"},"categories":[14],"tags":[22,23,26,27,33,31,30,17,25218,30758,924,922,24,25,212,28,29,15,27840,18,21,32,167,19,20,56,16,59,60,61],"class_list":["post-201082","post","type-post","status-publish","format-standard","has-post-thumbnail","category-ulkomaat","tag-breaking-news","tag-breakingnews","tag-featured-news","tag-featurednews","tag-fi","tag-finland","tag-finnish","tag-headlines","tag-keuhkofibroosi","tag-keuhkonsiirto","tag-kruununprinsessa-mette-marit","tag-kruununprinssi-haakon","tag-latest-news","tag-latestnews","tag-lifestyle","tag-main-news","tag-mainnews","tag-news","tag-norjan-kuningashuone","tag-otsikot","tag-paauutiset","tag-suomi","tag-terveys","tag-top-stories","tag-topstories","tag-ulkomaat","tag-uutiset","tag-world","tag-world-news","tag-worldnews"],"share_on_mastodon":{"url":"https:\/\/pubeurope.com\/@fi\/116273043654653919","error":""},"_links":{"self":[{"href":"https:\/\/www.europesays.com\/fi\/wp-json\/wp\/v2\/posts\/201082","targetHints":{"allow":["GET"]}}],"collection":[{"href":"https:\/\/www.europesays.com\/fi\/wp-json\/wp\/v2\/posts"}],"about":[{"href":"https:\/\/www.europesays.com\/fi\/wp-json\/wp\/v2\/types\/post"}],"author":[{"embeddable":true,"href":"https:\/\/www.europesays.com\/fi\/wp-json\/wp\/v2\/users\/2"}],"replies":[{"embeddable":true,"href":"https:\/\/www.europesays.com\/fi\/wp-json\/wp\/v2\/comments?post=201082"}],"version-history":[{"count":0,"href":"https:\/\/www.europesays.com\/fi\/wp-json\/wp\/v2\/posts\/201082\/revisions"}],"wp:featuredmedia":[{"embeddable":true,"href":"https:\/\/www.europesays.com\/fi\/wp-json\/wp\/v2\/media\/201083"}],"wp:attachment":[{"href":"https:\/\/www.europesays.com\/fi\/wp-json\/wp\/v2\/media?parent=201082"}],"wp:term":[{"taxonomy":"category","embeddable":true,"href":"https:\/\/www.europesays.com\/fi\/wp-json\/wp\/v2\/categories?post=201082"},{"taxonomy":"post_tag","embeddable":true,"href":"https:\/\/www.europesays.com\/fi\/wp-json\/wp\/v2\/tags?post=201082"}],"curies":[{"name":"wp","href":"https:\/\/api.w.org\/{rel}","templated":true}]}}