{"id":201584,"date":"2026-03-23T05:16:10","date_gmt":"2026-03-23T05:16:10","guid":{"rendered":"https:\/\/www.europesays.com\/fi\/201584\/"},"modified":"2026-03-23T05:16:10","modified_gmt":"2026-03-23T05:16:10","slug":"frederikin-keikkakaytos-gran-canarialla-heratti-hammennysta-jos-ei-rasistista-niin-ainakin-kyseenalaista","status":"publish","type":"post","link":"https:\/\/www.europesays.com\/fi\/201584\/","title":{"rendered":"Frederikin keikkak\u00e4yt\u00f6s Gran Canarialla her\u00e4tti h\u00e4mmennyst\u00e4: &#8221; Jos ei rasistista, niin ainakin kyseenalaista&#8221;"},"content":{"rendered":"<p>            Atte Kajova, Miikka Kaskinen, lukijan kuva\n        <\/p>\n<p class=\"subtitle \">81-vuotias villikissa l\u00e4hett\u00e4\u00e4 terveiset my\u00f6s maailman johtajille.<\/p>\n<p class=\"article-content article-content-width !bg-background\">Koko Suomen kansa sai kuulla taannoin todellisen ilouutisen, sill\u00e4 taistelevat ukkometsot  ja  ovat haudanneet sotakirveens\u00e4.<\/p>\n<p class=\"font-weight-bold m-font-weight-bold article-content article-content-width !bg-background\">Video: Frederik jakaa iskuvinkkins\u00e4 miehille.<\/p>\n<p class=\"article-content article-content-width !bg-background\">Molemmat Ilkat <a href=\"https:\/\/www.iltalehti.fi\/viihdeuutiset\/a\/5f0d7246-3cc9-454f-8e4b-c2f3ad7d9106\" target=\"_blank\" rel=\"nofollow noopener\">kertoivat heid\u00e4t yhteen yhytt\u00e4neelle Iltalehdelle, ettei heill\u00e4 ole en\u00e4\u00e4 liikaa aikaa<\/a>, mink\u00e4 vuoksi sopu on kivempi juttu.<\/p>\n<p class=\"article-content article-content-width !bg-background\">Frederik kertoi jo helmikuussa Seiskalle omalla tavallaan, ett\u00e4 miekat on laitettu takaisin tuppeen.<\/p>\n<p>        <a itemprop=\"url\" href=\"https:\/\/www.seiska.fi\/kotimaa\/naky-frederikin-kannykan-taustakuvasta-lyo-allikalla-kuvat\/2078849\" rel=\"nofollow noopener\" target=\"_blank\"><\/p>\n<p>\nKuvat\n<\/p>\n<p class=\"section-date\">\n        <strong class=\"article-section\" data-section=\"kotimaa\"><br \/>\n            kotimaa<br \/>\n        <\/strong><br \/>\n        21.2. 12:00\n    <\/p>\n<p>N\u00e4ky Frederikin k\u00e4nnyk\u00e4n taustakuvasta ly\u00f6 \u00e4llik\u00e4ll\u00e4 \u2013 kuvat!\n    <\/p>\n<p itemprop=\"description\" class=\"subtitle \">\n    Joku voisi luulla, ett\u00e4 Frederikin k\u00e4nnyk\u00e4n taustakuvana olisi vaikka joku nuori nainen, mutta ehei!\n<\/p>\n<p>        <\/a><\/p>\n<p class=\"article-content article-content-width !bg-background\">\u2013 Hieromme t\u00e4ll\u00e4 hetkell\u00e4 sovintoa ja l\u00e4hettelemme toisillemme rauhanpiippua, Frederik linjasi Farmi Suomen pressitilaisuudessa Seiskalle.<\/p>\n<p>                <img decoding=\"async\" src=\"https:\/\/www.europesays.com\/fi\/wp-content\/uploads\/2026\/03\/1471344.webp.jpeg\" width=\"576\" height=\"269\" alt=\"N\u00e4m\u00e4 herrat ovat taas sovussa.\" loading=\"lazy\" \/>            <\/p>\n<p>\n            N\u00e4m\u00e4 herrat ovat taas sovussa.<br \/>\n            Seiskan arkisto\n        <\/p>\n<p>Hei Gran Canaria!<\/p>\n<p class=\"article-content article-content-width !bg-background\">V\u00e4lill\u00e4 riidell\u00e4\u00e4n, sitten taas keikkaillaan, ja toissa viikon perjantaina, 13. p\u00e4iv\u00e4, oli keikkailun vuoro.<\/p>\n<p class=\"article-content article-content-width !bg-background\">Seiskan lukija oli Gran Canarialla legendaarisessa Iskelm\u00e4-Baarissa ihmettelem\u00e4ss\u00e4 menoa ja meininki\u00e4 iskelm\u00e4orin keikalla.<\/p>\n<p class=\"article-content article-content-width !bg-background\">Suomikansan juottola oli t\u00e4ynn\u00e4, ja v\u00e4ke\u00e4 riitti aina Playa del Ingl\u00e9siss\u00e4 asuvasta vanhemmasta v\u00e4est\u00e4 nuorempiin lomalaisiin.<\/p>\n<p>\n            Iso mies alkoi venytell\u00e4 silmi\u00e4\u00e4n. Minusta se on, jos ei rasistista, niin ainakin kyseenalaista.\n            <\/p>\n<p class=\"article-content article-content-width !bg-background\">\u2013 Frederik oli elementiss\u00e4\u00e4n, mutta samalla h\u00e4nen puheensa oli todella ep\u00e4selv\u00e4\u00e4, ja h\u00e4n vaikutti lukevan yksinkertaisetkin jutut paperilta.<\/p>\n<p class=\"article-content article-content-width !bg-background\">\u2013 Yleis\u00f6 oli silti aivan t\u00e4pin\u00f6iss\u00e4\u00e4n innostuksesta.<\/p>\n<p>                <img decoding=\"async\" src=\"https:\/\/www.europesays.com\/fi\/wp-content\/uploads\/2026\/03\/2107364.webp.jpeg\" width=\"576\" height=\"639\" alt=\"Frederik oli Kanarialla, mutta paidassa komeili Fuengirola.\" loading=\"lazy\" \/>            <\/p>\n<p>\n            Frederik oli Kanarialla, mutta paidassa komeili Fuengirola.<br \/>\n            Lukijan kuva\n        <\/p>\n<p>&#8221;Iso mies alkoi venytell\u00e4 silmi\u00e4\u00e4n&#8221;<\/p>\n<p class=\"article-content article-content-width !bg-background\">Lukijan mukaan Frederik kertoi yhdess\u00e4 v\u00e4lispiikiss\u00e4\u00e4n kadehtivansa paikalla olleita nuoria miehi\u00e4.<\/p>\n<p class=\"no_italic m-no_italic article-content article-content-width !bg-background\">Keikalla kuultiin laaja skaala aina Volgasta tuoreimpiin kappaleisiin, joita ovat muun muassa Juodaan ja painitaan.<\/p>\n<p class=\"article-content article-content-width !bg-background\">\u2013 Erityisesti Tshingis Khan -kappaleesta porukka vaikutti menev\u00e4n aivan sekaisin.<\/p>\n<p>        <a itemprop=\"url\" href=\"https:\/\/www.seiska.fi\/kotimaa\/frederik-yllattava-paljastus-riidasta-dannyn-kanssa\/2079516\" rel=\"nofollow noopener\" target=\"_blank\"><\/p>\n<p>\nNyt puhuu Frederik\n<\/p>\n<p class=\"section-date\">\n        <strong class=\"article-section\" data-section=\"kotimaa\"><br \/>\n            kotimaa<br \/>\n        <\/strong><br \/>\n        19.2. 16:00\n    <\/p>\n<p>Frederik: Yll\u00e4tt\u00e4v\u00e4 paljastus riidasta Dannyn kanssa!\n    <\/p>\n<p itemprop=\"description\" class=\"subtitle \">\n    Frederik vertaa itse\u00e4\u00e4n ja Danny\u00e4 kahteen muuhun i\u00e4kk\u00e4\u00e4seen \u201dsuurmieheen\u201d \u2013 nimitt\u00e4in Yhdysvaltain presidenttiin Donald Trumpiin ja Vladimir Putiniin.\n<\/p>\n<p>        <\/a><\/p>\n<p class=\"article-content article-content-width !bg-background\">Kyseisen biisin yhteydess\u00e4 Frederik my\u00f6s teki jotain, mist\u00e4 lukija syd\u00e4mistyi.<\/p>\n<p class=\"article-content article-content-width !bg-background\">\u2013 Iso mies alkoi venytell\u00e4 silmi\u00e4\u00e4n. Minusta se on, jos ei rasistista, niin ainakin kyseenalaista.<\/p>\n<p class=\"article-content article-content-width !bg-background\">\u2013 H\u00e4pe\u00e4llinen episodi mielest\u00e4ni!<\/p>\n<p>                <img decoding=\"async\" src=\"https:\/\/www.europesays.com\/fi\/wp-content\/uploads\/2026\/03\/2107370.webp.jpeg\" width=\"576\" height=\"639\" alt=\"Yleis\u00f6 oli senioripainotteista, mutta my\u00f6s nuoriakin oli eksynyt v\u00e4enpaljouteen.\" loading=\"lazy\" \/>            <\/p>\n<p>\n            Yleis\u00f6 oli senioripainotteista, mutta my\u00f6s nuoriakin oli eksynyt v\u00e4enpaljouteen.<br \/>\n            Lukijan kuva\n        <\/p>\n<p>&#8221;Reippaita sotapuheita&#8221;<\/p>\n<p class=\"article-content article-content-width !bg-background\">Viime syksyn\u00e4 missi\u00e4 vaihdettiin, kun  venytteli silmi\u00e4\u00e4n.<\/p>\n<p class=\"article-content article-content-width !bg-background\">\u2013 Silmiin pisti my\u00f6s Kanariansaarilla esiintyneen Reetun Fuengirola-paita.<\/p>\n<p class=\"article-content article-content-width !bg-background\">\u2013 Lis\u00e4ksi h\u00e4nell\u00e4 oli jotain reippaita sotapuheita, mutta lopulta h\u00e4n erikseen toivoi, ettei mit\u00e4\u00e4n sotaa tulisi\u2026<\/p>\n<p class=\"article-content article-content-width !bg-background\">My\u00f6s huvittavia tilanteita sattui.<\/p>\n<p class=\"article-content article-content-width !bg-background\">\u2013 Frederik lauloi Titanic-hitiss\u00e4\u00e4n oman playbackins\u00e4 p\u00e4\u00e4lle, se oli kyll\u00e4 koomista. Muutenkin h\u00e4n vaikutti vet\u00e4v\u00e4n osan kasetilta ja osan oikeasti.<\/p>\n<p class=\"article-content article-content-width !bg-background\">\u2013 Jotkut nuoret mimmit my\u00f6s kyseliv\u00e4t kovaan \u00e4\u00e4neen: \u201dKuka on Reetu?\u201d En tied\u00e4, olivatko tosissaan vai eiv\u00e4t\u2026<\/p>\n<p class=\"article-content article-content-width !bg-background\">Haukansilm\u00e4inen lukija huomasi my\u00f6s sen, ettei pikkuhousuja vaikuttanut lent\u00e4v\u00e4n lavalle rete\u00e4st\u00e4 tunnelmasta huolimatta.<\/p>\n<p>                <img decoding=\"async\" src=\"https:\/\/www.europesays.com\/fi\/wp-content\/uploads\/2026\/03\/2107372.webp.jpeg\" width=\"576\" height=\"360\" alt=\"Iskelm\u00e4 - Baari on ulkop\u00e4in melko vaatimaton. Maaliskuussa perjantain 13. p\u00e4iv\u00e4 menoa kuitenkin riitti.\" loading=\"lazy\" \/>            <\/p>\n<p>\n            Iskelm\u00e4 &#8211; Baari on ulkop\u00e4in melko vaatimaton. Maaliskuussa perjantain 13. p\u00e4iv\u00e4 menoa kuitenkin riitti.<br \/>\n            Miikka Kaskinen\n        <\/p>\n<p>Nyt puhuu Frederik<\/p>\n<p class=\"article-content article-content-width !bg-background\">Ja tokihan Seiska tavoitti my\u00f6s Frederikin, joka kertoo lukijapuheiden playbackista olevan \u201dpaskaa\u201d.<\/p>\n<p class=\"article-content article-content-width !bg-background\">\u2013 Saatanan tyhm\u00e4 v\u00e4ite!<\/p>\n<p>        <a itemprop=\"url\" href=\"https:\/\/www.seiska.fi\/kotimaa\/huoli-herasi-frederikista-nain-iskelmaori-kommentoi\/2057860\" rel=\"nofollow noopener\" target=\"_blank\"><\/p>\n<p>\nHuoli her\u00e4si olemuksesta!\n<\/p>\n<p class=\"section-date\">\n        <strong class=\"article-section\" data-section=\"kotimaa\"><br \/>\n            kotimaa<br \/>\n        <\/strong><br \/>\n        28.1. 08:30\n    <\/p>\n<p>Huoli her\u00e4si Frederikist\u00e4 \u2013 n\u00e4in iskelm\u00e4ori kommentoi!\n    <\/p>\n<p itemprop=\"description\" class=\"subtitle \">\n    Frederik tuo mieleen Yhdysvaltain edellisen presidentin Joe Bidenin, jota kutsuttiin liikanimell\u00e4 \u201dSleepy Joe\u201d v\u00e4syneen ja sekavankin olemuksen tiimoilta.\n<\/p>\n<p>        <\/a><\/p>\n<p class=\"article-content article-content-width !bg-background\">Silmien venyttelyn Frederik my\u00f6nt\u00e4\u00e4 nauraen.<\/p>\n<p class=\"article-content article-content-width !bg-background\">\u2013 Joo, venytin silmi\u00e4ni ja k\u00e4skin kaikkia tekem\u00e4\u00e4n niin kuin min\u00e4 teen, ja kaikkihan tekiv\u00e4t!<\/p>\n<p class=\"article-content article-content-width !bg-background\">\u2013 Ja kaikki my\u00f6s nauroivat!<\/p>\n<p>                <img decoding=\"async\" src=\"https:\/\/www.europesays.com\/fi\/wp-content\/uploads\/2026\/03\/2079743.webp.jpeg\" width=\"576\" height=\"274\" title=\"Frederikill\u00e4 on kolme yksinkertaista sanaa maailmanjohtajille.\" alt=\"Frederik k\u00e4si nyrkiss\u00e4.\" loading=\"lazy\" \/>            <\/p>\n<p>\n            Frederikill\u00e4 on kolme yksinkertaista sanaa maailmanjohtajille.<br \/>\n            Matti Matikainen\n        <\/p>\n<p>Terveiset maailmanjohtajille<\/p>\n<p class=\"article-content article-content-width !bg-background\">81-vuotias villikissa toistelee kyseess\u00e4 olleen vitsi ja sanoo, ett\u00e4 huumoria on maailmassa aivan liian v\u00e4h\u00e4n.<\/p>\n<p class=\"article-content article-content-width !bg-background\">My\u00f6s sotapuheisiin tennishai ottaa kantaa ja mainitsee tehneens\u00e4 aikanaan biisin Ven\u00e4j\u00e4n presidentti .<\/p>\n<p>        <a itemprop=\"url\" href=\"https:\/\/www.seiska.fi\/kotimaa\/frederikilta-yllattava-kommentti-dannyn-ja-helmin-suhteesta\/1980149\" rel=\"nofollow noopener\" target=\"_blank\"><\/p>\n<p>\nNyt puhuu Frederik\n<\/p>\n<p class=\"section-date\">\n        <strong class=\"article-section\" data-section=\"kotimaa\"><br \/>\n            kotimaa<br \/>\n        <\/strong><br \/>\n        2.11.2025 19:30\n    <\/p>\n<p>Frederikilt\u00e4 yll\u00e4tt\u00e4v\u00e4 kommentti Dannyn ja Helmin suhteesta!\n    <\/p>\n<p itemprop=\"description\" class=\"subtitle \">\n    Koko viime syksyn media seurasi luimistellen Frederikin ja h\u00e4nen ex-kaverinsa, musiikkineuvos Dannyn, riitely\u00e4.\n<\/p>\n<p>        <\/a><\/p>\n<p class=\"article-content article-content-width !bg-background\">\u2013 Tein sen kappaleen ennen Ukrainan sotaa, ja aavistin jo silloin, ett\u00e4 sota tulee syttym\u00e4\u00e4n, Frederik huokaa.<\/p>\n<p class=\"article-content article-content-width !bg-background\">Maailman politiikkaan ja isojen salien johtajille Frederikill\u00e4 on kolme oivaltavaa sanaa:<\/p>\n<p class=\"article-content article-content-width !bg-background\">\u2013 \u00c4lk\u00e4\u00e4 hullut tapelko!<\/p>\n","protected":false},"excerpt":{"rendered":"Atte Kajova, Miikka Kaskinen, lukijan kuva 81-vuotias villikissa l\u00e4hett\u00e4\u00e4 terveiset my\u00f6s maailman johtajille. Koko Suomen kansa sai kuulla&hellip;\n","protected":false},"author":2,"featured_media":201585,"comment_status":"","ping_status":"","sticky":false,"template":"","format":"standard","meta":{"footnotes":"","_share_on_mastodon":"0"},"categories":[136],"tags":[407,8967,137,33,31,30,1759,18438,19309,408,32,1667,109,2257],"class_list":["post-201584","post","type-post","status-publish","format-standard","has-post-thumbnail","category-julkkikset","tag-celebrities","tag-danny","tag-entertainment","tag-fi","tag-finland","tag-finnish","tag-frederik","tag-gran-canaria","tag-iskelma-baari","tag-julkkikset","tag-suomi","tag-tapahtumat","tag-viihde","tag-vladimir-putin"],"share_on_mastodon":{"url":"https:\/\/pubeurope.com\/@fi\/116276794767950976","error":""},"_links":{"self":[{"href":"https:\/\/www.europesays.com\/fi\/wp-json\/wp\/v2\/posts\/201584","targetHints":{"allow":["GET"]}}],"collection":[{"href":"https:\/\/www.europesays.com\/fi\/wp-json\/wp\/v2\/posts"}],"about":[{"href":"https:\/\/www.europesays.com\/fi\/wp-json\/wp\/v2\/types\/post"}],"author":[{"embeddable":true,"href":"https:\/\/www.europesays.com\/fi\/wp-json\/wp\/v2\/users\/2"}],"replies":[{"embeddable":true,"href":"https:\/\/www.europesays.com\/fi\/wp-json\/wp\/v2\/comments?post=201584"}],"version-history":[{"count":0,"href":"https:\/\/www.europesays.com\/fi\/wp-json\/wp\/v2\/posts\/201584\/revisions"}],"wp:featuredmedia":[{"embeddable":true,"href":"https:\/\/www.europesays.com\/fi\/wp-json\/wp\/v2\/media\/201585"}],"wp:attachment":[{"href":"https:\/\/www.europesays.com\/fi\/wp-json\/wp\/v2\/media?parent=201584"}],"wp:term":[{"taxonomy":"category","embeddable":true,"href":"https:\/\/www.europesays.com\/fi\/wp-json\/wp\/v2\/categories?post=201584"},{"taxonomy":"post_tag","embeddable":true,"href":"https:\/\/www.europesays.com\/fi\/wp-json\/wp\/v2\/tags?post=201584"}],"curies":[{"name":"wp","href":"https:\/\/api.w.org\/{rel}","templated":true}]}}