{"id":201939,"date":"2026-03-23T15:05:07","date_gmt":"2026-03-23T15:05:07","guid":{"rendered":"https:\/\/www.europesays.com\/fi\/201939\/"},"modified":"2026-03-23T15:05:07","modified_gmt":"2026-03-23T15:05:07","slug":"mysteeritaiteilija-banksyn-nayttely-ensimmaista-kertaa-turkuun-ts-fi","status":"publish","type":"post","link":"https:\/\/www.europesays.com\/fi\/201939\/","title":{"rendered":"Mysteeritaiteilija Banksyn n\u00e4yttely ensimm\u00e4ist\u00e4 kertaa Turkuun &#8211; ts.fi"},"content":{"rendered":"<ol>\n<li><a href=\"https:\/\/news.google.com\/rss\/articles\/CBMiQEFVX3lxTE52SUdTRGx0YkEwcFE5X1p6Qm5MX25ONjFNYnI3cEE0MHlSQzlnTG5IWmJlOEhtelJtV1Fjbk1UaEY?oc=5\" target=\"_blank\" rel=\"nofollow noopener\">Mysteeritaiteilija Banksyn n\u00e4yttely ensimm\u00e4ist\u00e4 kertaa Turkuun<\/a>&nbsp;&nbsp;ts.fi<\/li>\n<li><a href=\"https:\/\/news.google.com\/rss\/articles\/CBMiQkFVX3lxTE1QU3VueGNPdFNUTHNTRExDYUFBaTNFTDN1SGU5MnFxRWt5SU15VlcybXdQRk5pZnFkY0FiYlpZc1d6UQ?oc=5\" target=\"_blank\" rel=\"nofollow noopener\">Mysteeritaiteilija Banksyn Eurooppaa kiert\u00e4nyt n\u00e4yttely saapuu Suomeen \u2013 Turkuun esille yli 150 teosta<\/a>&nbsp;&nbsp;Yle<\/li>\n<li><a href=\"https:\/\/news.google.com\/rss\/articles\/CBMiW0FVX3lxTE9wMmZETHoyQkJpcEw3ejJyb2VtclVVeVBaTU1Qa25MMDQ4RklQbk1qUC1GejJ6OURlVEtpWkhYNE1GeGowUjYyMXNfTUpSZXVMRXhoRFdkYU9jY2c?oc=5\" target=\"_blank\" rel=\"nofollow noopener\">V\u00e4ite: Banksyn mysteeri selvisi<\/a>&nbsp;&nbsp;Ilta-Sanomat<\/li>\n<li><a href=\"https:\/\/news.google.com\/rss\/articles\/CBMiaEFVX3lxTE4zSUJ4MWJWR3hsSG0wZXBOU2NKM3VkRzVhWF9YSGFraWN3MXVSNWpHV09nMFVMM3NXMVZNZEZGTlpfbUs3RzZtUTFFdXloT3pMTlRxcGZqaFJiTzhGY0w0R3BOOEhnaXN5?oc=5\" target=\"_blank\" rel=\"nofollow noopener\">Aamupodi | Muistatko Lordi-kohun 2006? Nyt sama kysymys Banksysta \u2013 \u201d\u00c4lk\u00e4\u00e4 kiusatko sit\u00e4\u201d<\/a>&nbsp;&nbsp;Aamulehti<\/li>\n<li><a href=\"https:\/\/news.google.com\/rss\/articles\/CBMibEFVX3lxTE1nQ1Q0bkNKdzFUR0g0UlRDMjBiVl82NkM2dl9abmRCX0EwY0owTzhwZG5aazdFTndxeWhfdi1UcjJkb0JidEI5TUZMSlJ3RnVsWV9lTTdiTXZVVUtISjRhZnVKblZsNXVqQlpFSg?oc=5\" target=\"_blank\" rel=\"nofollow noopener\">Paljastetun Banksyn n\u00e4yttely saapuu Turkuun<\/a>&nbsp;&nbsp;Time Out Worldwide<\/li>\n<\/ol>\n","protected":false},"excerpt":{"rendered":"Mysteeritaiteilija Banksyn n\u00e4yttely ensimm\u00e4ist\u00e4 kertaa Turkuun&nbsp;&nbsp;ts.fi Mysteeritaiteilija Banksyn Eurooppaa kiert\u00e4nyt n\u00e4yttely saapuu Suomeen \u2013 Turkuun esille yli 150&hellip;\n","protected":false},"author":2,"featured_media":201940,"comment_status":"","ping_status":"","sticky":false,"template":"","format":"standard","meta":{"footnotes":"","_share_on_mastodon":"0"},"categories":[130],"tags":[137,33,31,30,8810,108,1013,967,28702,32,397,662,30820,16,109],"class_list":["post-201939","post","type-post","status-publish","format-standard","has-post-thumbnail","category-viihde","tag-entertainment","tag-fi","tag-finland","tag-finnish","tag-katutaide","tag-kulttuuri","tag-kuvataide","tag-nayttelyt","tag-paikalliset","tag-suomi","tag-taide","tag-turku","tag-turun-telakka","tag-uutiset","tag-viihde"],"share_on_mastodon":{"url":"https:\/\/pubeurope.com\/@fi\/116279110787761527","error":""},"_links":{"self":[{"href":"https:\/\/www.europesays.com\/fi\/wp-json\/wp\/v2\/posts\/201939","targetHints":{"allow":["GET"]}}],"collection":[{"href":"https:\/\/www.europesays.com\/fi\/wp-json\/wp\/v2\/posts"}],"about":[{"href":"https:\/\/www.europesays.com\/fi\/wp-json\/wp\/v2\/types\/post"}],"author":[{"embeddable":true,"href":"https:\/\/www.europesays.com\/fi\/wp-json\/wp\/v2\/users\/2"}],"replies":[{"embeddable":true,"href":"https:\/\/www.europesays.com\/fi\/wp-json\/wp\/v2\/comments?post=201939"}],"version-history":[{"count":0,"href":"https:\/\/www.europesays.com\/fi\/wp-json\/wp\/v2\/posts\/201939\/revisions"}],"wp:featuredmedia":[{"embeddable":true,"href":"https:\/\/www.europesays.com\/fi\/wp-json\/wp\/v2\/media\/201940"}],"wp:attachment":[{"href":"https:\/\/www.europesays.com\/fi\/wp-json\/wp\/v2\/media?parent=201939"}],"wp:term":[{"taxonomy":"category","embeddable":true,"href":"https:\/\/www.europesays.com\/fi\/wp-json\/wp\/v2\/categories?post=201939"},{"taxonomy":"post_tag","embeddable":true,"href":"https:\/\/www.europesays.com\/fi\/wp-json\/wp\/v2\/tags?post=201939"}],"curies":[{"name":"wp","href":"https:\/\/api.w.org\/{rel}","templated":true}]}}