{"id":201990,"date":"2026-03-23T16:15:21","date_gmt":"2026-03-23T16:15:21","guid":{"rendered":"https:\/\/www.europesays.com\/fi\/201990\/"},"modified":"2026-03-23T16:15:21","modified_gmt":"2026-03-23T16:15:21","slug":"jenni-alexandrova-myy-modernin-kolmion-jatkasaaressa-edullinen-hinta-yllattaa","status":"publish","type":"post","link":"https:\/\/www.europesays.com\/fi\/201990\/","title":{"rendered":"Jenni Alexandrova myy modernin kolmion J\u00e4tk\u00e4saaressa \u2013 edullinen hinta yll\u00e4tt\u00e4\u00e4"},"content":{"rendered":"<p>\n            (150525) &#8212; Helsinki, May 15, 2025 \u2013 Jenni Alexandrova poses for the camera during MLL &#8211; fashion show in Helsinki, Finland, 15. May 2025. (Matti Matikainen\/Aller Media)<br \/>\n            Matti Matikainen\n        <\/p>\n<p class=\"subtitle \">Radiojuontaja Jenni Alexandrovan asunnon hinta ly\u00f6 \u00e4llik\u00e4ll\u00e4.<\/p>\n<p class=\"article-content article-content-width !bg-background\">, 45, on julkaissut viime aikoina paljon julkaisuja remontista, jota h\u00e4n ja h\u00e4nen miehens\u00e4  ovat tekem\u00e4ss\u00e4 1970-luvulla rakennettuun asuntoonsa. Nyt Jenni on laittanut oman kotinsa myyntiin.<\/p>\n<p class=\"font-weight-bold m-font-weight-bold article-content article-content-width !bg-background\">Video: Jenni Poikelus pohtii el\u00e4m\u00e4n tarkoitusta<\/p>\n<p class=\"article-content article-content-width !bg-background\">Jenni ilmoitti myyntiaikeistaan yksityisess\u00e4 Facebook-julkaisussa. Kyseess\u00e4 ei ole mik\u00e4 tahansa kenk\u00e4laatikko, vaan Helsingin trendikk\u00e4\u00e4ss\u00e4 J\u00e4tk\u00e4saaressa sijaitseva, vuonna 2022 valmistunut moderni kolmio.<\/p>\n<p class=\"article-content article-content-width !bg-background\">Kanariankadulla sijaitseva koti tarjoaa 73 neli\u00f6t\u00e4 puhdasta tyyli\u00e4 ja mukavuutta. Jennin tarkka silm\u00e4 sisustukselle n\u00e4kyy asunnossa, joka on kuvattu ihastuttavan kauniiksi.<\/p>\n<p class=\"article-content article-content-width !bg-background\">Klikkaa itsesi <a href=\"https:\/\/www.etuovi.com\/kohde\/80486137\" target=\"_blank\" rel=\"nofollow noopener\">Etuoven myynti-ilmoitukseen t\u00e4st\u00e4<\/a>.<\/p>\n<p>        <a itemprop=\"url\" href=\"https:\/\/www.seiska.fi\/kotimaa\/hanna-kinnusen-ilouutinen-olen-ajatellut-etten\/2042746\" rel=\"nofollow noopener\" target=\"_blank\"><\/p>\n<p>\n45-vuotiaan Hanna Kinnusen ilouutinen\n<\/p>\n<p class=\"section-date\">\n        <strong class=\"article-section\" data-section=\"kotimaa\"><br \/>\n            kotimaa<br \/>\n        <\/strong><br \/>\n        11.1. 21:00\n    <\/p>\n<p>Hanna Kinnusen ilouutinen: &#8221;Olen ajatellut, etten&#8230;&#8221;\n    <\/p>\n<p itemprop=\"description\" class=\"subtitle \">\n    Hanna kertoo my\u00f6s kirjoittavansa kirjaa, joka kertoo siit\u00e4, kuinka h\u00e4nen isois\u00e4ns\u00e4 jatkosodassa 14-vuotiaana Neuvostoliittoon.\n<\/p>\n<p>        <\/a><\/p>\n<p>Edullinen hinta loksauttaa leuat<\/p>\n<p class=\"article-content article-content-width !bg-background\">J\u00e4tk\u00e4saaren sykkeess\u00e4 sijaitseva huoneisto sijaitsee meren rannalla ja hurmaa valoisuudellaan.<\/p>\n<p class=\"article-content article-content-width !bg-background\">Asunnon kylpyhuone on todellinen arjen luksuskeidas. Kerrotaan, ett\u00e4 tyylikk\u00e4\u00e4t laatat ovat sisustussuunnittelijan k\u00e4sialaa, ja oma sauna tarjoaa l\u00f6ylyt kiireisen mediaty\u00f6n vastapainoksi.<\/p>\n<p class=\"article-content article-content-width !bg-background\">Kuvien perusteella toinen makuuhuoneista on toiminut mediahommien p\u00e4\u00e4kallopaikkana, sill\u00e4 toisessa makuuhuoneista n\u00e4ytt\u00e4isi l\u00f6ytyv\u00e4n puhujamikki ja vankat tietokoneet.<\/p>\n<p class=\"article-content article-content-width !bg-background\">Monen leuka on loksahtanut auki, kun on katsonut asunnon hintalappua. Helsingin huippupaikalla sijaitseva kolmio irtoaa nimitt\u00e4in 355 000 eurolla.<\/p>\n<p class=\"article-content article-content-width !bg-background\">Yhti\u00f6 on Hitas-s\u00e4\u00e4nnelty, mik\u00e4 pit\u00e4\u00e4 hinnan kurissa. Saman alueen muissa kolmioissa hinta saattaa pompata jopa 500 000 euroon.<\/p>\n<p>        <a itemprop=\"url\" href=\"https:\/\/www.seiska.fi\/kotimaa\/huoli-herasi-jenni-alexandrovan-ja-toni-lahteen-parisuhteen-kestamisesta\/2042031\" rel=\"nofollow noopener\" target=\"_blank\"><\/p>\n<p>\nJenni ja Toni\n<\/p>\n<p class=\"section-date\">\n        <strong class=\"article-section\" data-section=\"kotimaa\"><br \/>\n            kotimaa<br \/>\n        <\/strong><br \/>\n        10.1. 07:30\n    <\/p>\n<p>Huoli her\u00e4si Jenni Alexandrovan ja Toni L\u00e4hteen parisuhteen kest\u00e4misest\u00e4\n    <\/p>\n<p itemprop=\"description\" class=\"subtitle \">\n    Toni laukoi suorat sanat.\n<\/p>\n<p>        <\/a><\/p>\n<p>Remontti kesken<\/p>\n<p class=\"article-content article-content-width !bg-background\">Jenni ja Toni ovat jakaneet yhteist\u00e4 remonttimatkaansa Instagramiin aktiivisesti.\u00a0Kyseess\u00e4 on\u00a0betonibrutalismityylinen suuri asunto, joka on pistetty j\u00e4ttiremonttiin.\u00a0<\/p>\n<p class=\"article-content article-content-width !bg-background\">Aiemmin pariskunta kertoi ihastuneensa yksityiskohtiin kuten 1970-luvun kattoikkunoihin.<\/p>\n<p>        <a itemprop=\"url\" href=\"https:\/\/www.seiska.fi\/katso\/mikko-kekalainen-harvinainen-avautuminen-perhe-elamasta\/2063736\" rel=\"nofollow noopener\" target=\"_blank\"><\/p>\n<p>\nMikko Kek\u00e4l\u00e4inen\n<\/p>\n<p class=\"section-date\">\n        <strong class=\"article-section\" data-section=\"katso\"><br \/>\n            katso<br \/>\n        <\/strong><br \/>\n        3.2. 09:15\n    <\/p>\n<p>Mikko Kek\u00e4l\u00e4inen: Harvinainen avautuminen perhe-el\u00e4m\u00e4st\u00e4\n    <\/p>\n<p itemprop=\"description\" class=\"subtitle \">\n    N\u00e4ist\u00e4 levyist\u00e4 en luovu -ohjelmassa vieraillut Mikko Kek\u00e4l\u00e4inen kertoo h\u00e4nen ja Kristiina-vaimonsa uudesta tilanteesta kotona.\n<\/p>\n<p>        <\/a><\/p>\n","protected":false},"excerpt":{"rendered":"(150525) &#8212; Helsinki, May 15, 2025 \u2013 Jenni Alexandrova poses for the camera during MLL &#8211; fashion show&hellip;\n","protected":false},"author":2,"featured_media":201991,"comment_status":"","ping_status":"","sticky":false,"template":"","format":"standard","meta":{"footnotes":"","_share_on_mastodon":"0"},"categories":[136],"tags":[13492,542,8547,407,137,33,31,30,8504,7385,408,1233,1079,3231,32,9777,109],"class_list":["post-201990","post","type-post","status-publish","format-standard","has-post-thumbnail","category-julkkikset","tag-aito-iskelma","tag-asuminen","tag-asuntomyynti","tag-celebrities","tag-entertainment","tag-fi","tag-finland","tag-finnish","tag-jatkasaari","tag-jenni-alexandrova","tag-julkkikset","tag-koti","tag-radio","tag-remontti","tag-suomi","tag-toni-lahde","tag-viihde"],"share_on_mastodon":{"url":"https:\/\/pubeurope.com\/@fi\/116279386060415856","error":""},"_links":{"self":[{"href":"https:\/\/www.europesays.com\/fi\/wp-json\/wp\/v2\/posts\/201990","targetHints":{"allow":["GET"]}}],"collection":[{"href":"https:\/\/www.europesays.com\/fi\/wp-json\/wp\/v2\/posts"}],"about":[{"href":"https:\/\/www.europesays.com\/fi\/wp-json\/wp\/v2\/types\/post"}],"author":[{"embeddable":true,"href":"https:\/\/www.europesays.com\/fi\/wp-json\/wp\/v2\/users\/2"}],"replies":[{"embeddable":true,"href":"https:\/\/www.europesays.com\/fi\/wp-json\/wp\/v2\/comments?post=201990"}],"version-history":[{"count":0,"href":"https:\/\/www.europesays.com\/fi\/wp-json\/wp\/v2\/posts\/201990\/revisions"}],"wp:featuredmedia":[{"embeddable":true,"href":"https:\/\/www.europesays.com\/fi\/wp-json\/wp\/v2\/media\/201991"}],"wp:attachment":[{"href":"https:\/\/www.europesays.com\/fi\/wp-json\/wp\/v2\/media?parent=201990"}],"wp:term":[{"taxonomy":"category","embeddable":true,"href":"https:\/\/www.europesays.com\/fi\/wp-json\/wp\/v2\/categories?post=201990"},{"taxonomy":"post_tag","embeddable":true,"href":"https:\/\/www.europesays.com\/fi\/wp-json\/wp\/v2\/tags?post=201990"}],"curies":[{"name":"wp","href":"https:\/\/api.w.org\/{rel}","templated":true}]}}