{"id":20228,"date":"2025-08-29T23:46:10","date_gmt":"2025-08-29T23:46:10","guid":{"rendered":"https:\/\/www.europesays.com\/fi\/20228\/"},"modified":"2025-08-29T23:46:10","modified_gmt":"2025-08-29T23:46:10","slug":"netflixin-11-viikon-putki-katkesi-tama-sarja-nousi-kaikkien-suoratoistojen-katsotuimmaksi","status":"publish","type":"post","link":"https:\/\/www.europesays.com\/fi\/20228\/","title":{"rendered":"Netflixin 11 viikon putki katkesi \u2013 T\u00e4m\u00e4 sarja nousi kaikkien suoratoistojen katsotuimmaksi"},"content":{"rendered":"<p>Hulu- ja FX-yhti\u00f6iden tuottama Alien: Earth nousi ykk\u00f6seksi kaikkien suoratoistojen katsojalukuja mittaavan Samba TV Wrapin listalla (18.\u201324.8).<\/p>\n<p>Netflix piti ykk\u00f6spaikkaa kokonaiset 11 viikkoa, mutta K-Popin demonimets\u00e4st\u00e4j\u00e4t ja muut pajan hittituotteet joutuivat taipumaan Alienille.<\/p>\n<p>Lue my\u00f6s: <a href=\"https:\/\/www.episodi.fi\/uutiset\/alien-earth-on-lahes-klassikko-alieneiden-tasoista-xenomorph-viihdetta-lue-arvio\/\" title=\"Alien: Earth on l\u00e4hes klassikko-alieneiden tasoista xenomorph-viihdett\u00e4 \u2013 lue arvio\" class=\"underline-custom !font-montserrat !font-bold !underline-offset-4 !decoration-4 !decoration-episodi-blue !text-md\" rel=\"nofollow noopener\" target=\"_blank\">Alien: Earth on l\u00e4hes klassikko-alieneiden tasoista xenomorph-viihdett\u00e4 \u2013 lue arvio<\/a><\/p>\n<p>Lue my\u00f6s: <a href=\"https:\/\/www.episodi.fi\/uutiset\/ne-ovat-taalla-alien-xenomorfit-tunkeutuivat-suoratoistoon\/\" title=\"Ne ovat t\u00e4\u00e4ll\u00e4! Alien-xenomorfit tunkeutuivat suoratoistoon\" class=\"underline-custom !font-montserrat !font-bold !underline-offset-4 !decoration-4 !decoration-episodi-blue !text-md\" rel=\"nofollow noopener\" target=\"_blank\">Ne ovat t\u00e4\u00e4ll\u00e4! Alien-xenomorfit tunkeutuivat suoratoistoon<\/a><\/p>\n<p>Lue my\u00f6s: <a href=\"https:\/\/www.episodi.fi\/uutiset\/alien-earth-sarjan-viimeinen-traileri-lahettaa-terkut-alkuperaiselle-alienille\/\" title=\"Alien: Earth -sarjan viimeinen traileri l\u00e4hett\u00e4\u00e4 terkut alkuper\u00e4iselle Alienille\" class=\"underline-custom !font-montserrat !font-bold !underline-offset-4 !decoration-4 !decoration-episodi-blue !text-md\" rel=\"nofollow noopener\" target=\"_blank\">Alien: Earth -sarjan viimeinen traileri l\u00e4hett\u00e4\u00e4 terkut alkuper\u00e4iselle Alienille<\/a><\/p>\n<p>Edellisen kerran Hulu-sarja on p\u00e4\u00e4ssyt listaykk\u00f6seksi toukokuussa 2024, jolloin tempun teki Shogun.<\/p>\n<p>Alien: Earth ker\u00e4si 9,2 miljoonaa katselukertaa ensimm\u00e4isen kuuden p\u00e4iv\u00e4n aikana. Siit\u00e4 ovat tyk\u00e4nneet katsojien lis\u00e4ksi my\u00f6s <a href=\"https:\/\/www.episodi.fi\/uutiset\/alien-earth-on-lahes-klassikko-alieneiden-tasoista-xenomorph-viihdetta-lue-arvio\/\" rel=\"nofollow noopener\" target=\"_blank\">kriitikot<\/a>.<\/p>\n<p>Suomalaisille Alien: Earth on n\u00e4ht\u00e4viss\u00e4 Disney Plussassa.<\/p>\n<p><img loading=\"lazy\" decoding=\"async\" alt=\"YouTube video\" width=\"480\" height=\"360\" data-pin-nopin=\"true\" nopin=\"nopin\" class=\"perfmatters-lazy\" src=\"https:\/\/www.europesays.com\/fi\/wp-content\/uploads\/2025\/08\/1756511170_306_hqdefault.jpg\"\/><\/p>\n<p>L\u00e4hde: <a href=\"https:\/\/www.thewrap.com\/alien-earth-knocks-netflix-out-of-no-1-streaming-chart\/\" rel=\"nofollow noopener\" target=\"_blank\">The Wrap<\/a><\/p>\n<p>Lue my\u00f6s: <a href=\"https:\/\/www.episodi.fi\/uutiskirje\/?uutiskirjemainos=tekstilinkkimainos\" title=\"Tilaa Episodin uutiskirje ja voit voittaa leffalippuja! Nappaa tv-vinkit suoraan s\u00e4hk\u00f6postiin t\u00e4st\u00e4.\" class=\"underline-custom !font-montserrat !font-bold !underline-offset-4 !decoration-4 !decoration-episodi-blue !text-md\" rel=\"nofollow noopener\" target=\"_blank\">Tilaa Episodin uutiskirje ja voit voittaa leffalippuja! Nappaa katseluvinkit suoraan s\u00e4hk\u00f6postiin t\u00e4st\u00e4.<\/a><\/p>\n<p>\t\t\t<a href=\"https:\/\/www.facebook.com\/sharer\/sharer.php?u=https:\/\/www.episodi.fi\/uutiset\/netflixin-11-viikon-putki-katkesi-tama-sarja-nousi-kaikkien-suoratoistojen-katsotuimmaksi\/\" target=\"_blank\" class=\"block px-4 py-2 text-sm text-gray-800 border-b hover:bg-gray-200\" rel=\"nofollow noopener\"><\/p>\n<p>\t\t\t\tFacebook<br \/>\n\t\t\t<\/a><br \/>\n\t\t\t<a href=\"https:\/\/twitter.com\/intent\/tweet?text=https:\/\/www.episodi.fi\/uutiset\/netflixin-11-viikon-putki-katkesi-tama-sarja-nousi-kaikkien-suoratoistojen-katsotuimmaksi\/\" target=\"_blank\" class=\"block px-4 py-2 text-sm text-gray-800 border-b hover:bg-gray-200\" rel=\"nofollow noopener\"><\/p>\n<p>\t\t\t\tTwitter<br \/>\n\t\t\t<\/a><br \/>\n\t\t\t<a href=\"mailto:?subject=Netflixin 11 viikon putki katkesi \u2013 T\u00e4m\u00e4 sarja nousi kaikkien suoratoistojen katsotuimmaksi&amp;body=https:\/\/www.episodi.fi\/uutiset\/netflixin-11-viikon-putki-katkesi-tama-sarja-nousi-kaikkien-suoratoistojen-katsotuimmaksi\/\" target=\"_blank\" class=\"block px-4 py-2 text-sm text-gray-800 border-b hover:bg-gray-200\"><\/p>\n<p>\t\t\t\tS\u00e4hk\u00f6posti<\/a><\/p>\n<p>\t\t\t\t<script async src=\"https:\/\/platform.twitter.com\/widgets.js\" charset=\"utf-8\"><\/script><\/p>\n","protected":false},"excerpt":{"rendered":"Hulu- ja FX-yhti\u00f6iden tuottama Alien: Earth nousi ykk\u00f6seksi kaikkien suoratoistojen katsojalukuja mittaavan Samba TV Wrapin listalla (18.\u201324.8). Netflix&hellip;\n","protected":false},"author":2,"featured_media":20229,"comment_status":"","ping_status":"","sticky":false,"template":"","format":"standard","meta":{"footnotes":""},"categories":[131],"tags":[2242,155,137,33,173,31,30,172,7061,32,109],"class_list":{"0":"post-20228","1":"post","2":"type-post","3":"status-publish","4":"format-standard","5":"has-post-thumbnail","7":"category-elokuvat","8":"tag-alien-earth","9":"tag-elokuvat","10":"tag-entertainment","11":"tag-fi","12":"tag-film","13":"tag-finland","14":"tag-finnish","15":"tag-movies","16":"tag-samba-tv-wrap","17":"tag-suomi","18":"tag-viihde"},"share_on_mastodon":{"url":"","error":""},"_links":{"self":[{"href":"https:\/\/www.europesays.com\/fi\/wp-json\/wp\/v2\/posts\/20228","targetHints":{"allow":["GET"]}}],"collection":[{"href":"https:\/\/www.europesays.com\/fi\/wp-json\/wp\/v2\/posts"}],"about":[{"href":"https:\/\/www.europesays.com\/fi\/wp-json\/wp\/v2\/types\/post"}],"author":[{"embeddable":true,"href":"https:\/\/www.europesays.com\/fi\/wp-json\/wp\/v2\/users\/2"}],"replies":[{"embeddable":true,"href":"https:\/\/www.europesays.com\/fi\/wp-json\/wp\/v2\/comments?post=20228"}],"version-history":[{"count":0,"href":"https:\/\/www.europesays.com\/fi\/wp-json\/wp\/v2\/posts\/20228\/revisions"}],"wp:featuredmedia":[{"embeddable":true,"href":"https:\/\/www.europesays.com\/fi\/wp-json\/wp\/v2\/media\/20229"}],"wp:attachment":[{"href":"https:\/\/www.europesays.com\/fi\/wp-json\/wp\/v2\/media?parent=20228"}],"wp:term":[{"taxonomy":"category","embeddable":true,"href":"https:\/\/www.europesays.com\/fi\/wp-json\/wp\/v2\/categories?post=20228"},{"taxonomy":"post_tag","embeddable":true,"href":"https:\/\/www.europesays.com\/fi\/wp-json\/wp\/v2\/tags?post=20228"}],"curies":[{"name":"wp","href":"https:\/\/api.w.org\/{rel}","templated":true}]}}