{"id":202502,"date":"2026-03-24T06:47:07","date_gmt":"2026-03-24T06:47:07","guid":{"rendered":"https:\/\/www.europesays.com\/fi\/202502\/"},"modified":"2026-03-24T06:47:07","modified_gmt":"2026-03-24T06:47:07","slug":"uusi-vaiana-elokuva-sai-trailerin-talta-dwayne-johnson-nayttaa-disney-hitin-naytellyssa-versiossa","status":"publish","type":"post","link":"https:\/\/www.europesays.com\/fi\/202502\/","title":{"rendered":"Uusi Vaiana-elokuva sai trailerin &#8211; t\u00e4lt\u00e4 Dwayne Johnson n\u00e4ytt\u00e4\u00e4 Disney-hitin n\u00e4ytellyss\u00e4 versiossa"},"content":{"rendered":"<p>Moana-animaation n\u00e4ytelm\u00e4versio saa ensi-iltansa elokuussa.<\/p>\n<p>Disney on julkaissut ensimm\u00e4isen trailerin Vaiana-animaatioelokuvan (engl. Moana) n\u00e4ytelm\u00e4versiosta, jonka p\u00e4\u00e4osissa n\u00e4hd\u00e4\u00e4n <a href=\"https:\/\/muropaketti.com\/avainsana\/dwayne-johnson\/\" rel=\"nofollow noopener\" target=\"_blank\">Dwayne Johnson<\/a> ja Catherine Laga\u2019aia. Johnson toimi puolijumala Mauin \u00e4\u00e4nin\u00e4yttelij\u00e4n\u00e4 jo kahdessa Moana-animaatioelokuvassa.<\/p>\n<p>Animaatioseikkailun uusintaversion virallinen synopsis kertoo seuraavaa:<\/p>\n<p>\u201dVaiana (Catherine Laga\u02bbaia) vastaa valtameren kutsuun ja purjehtii ensi kertaa kotisaartaan Motunuita ymp\u00e4r\u00f6iv\u00e4\u00e4 riuttaa edemm\u00e4s mukanaan pahamaineinen puolijumala Maui (Dwayne Johnson), ja niin he suuntaavat unohtumattomalle matkalle, jonka p\u00e4\u00e4m\u00e4\u00e4r\u00e4n\u00e4 on palauttaa h\u00e4nen heimonsa vauraus.\u201d<\/p>\n<p>Elokuvan on ohjannun Thomas Kail (Hamilton). K\u00e4sikirjoituksesta vastaavat Jared Bush ja Dana Ledoux Miller. Leffassa esiintyv\u00e4t my\u00f6s muun muassa John Tui, Frankie Adams ja Rena Owen. <\/p>\n<p>Disney on julkaissut trailerin lis\u00e4ksi my\u00f6s lyhyen videop\u00e4tk\u00e4n, jossa kurkistetaan leffan kulissien taakse.<\/p>\n<p>Moana \/ Vaiana saa teatteriensi-iltansa Suomessa 10. hein\u00e4kuuta.<\/p>\n","protected":false},"excerpt":{"rendered":"Moana-animaation n\u00e4ytelm\u00e4versio saa ensi-iltansa elokuussa. Disney on julkaissut ensimm\u00e4isen trailerin Vaiana-animaatioelokuvan (engl. Moana) n\u00e4ytelm\u00e4versiosta, jonka p\u00e4\u00e4osissa n\u00e4hd\u00e4\u00e4n Dwayne&hellip;\n","protected":false},"author":2,"featured_media":202503,"comment_status":"","ping_status":"","sticky":false,"template":"","format":"standard","meta":{"footnotes":"","_share_on_mastodon":"0"},"categories":[131],"tags":[298,6541,155,2873,137,33,173,31,30,18381,172,32,18382,109],"class_list":["post-202502","post","type-post","status-publish","format-standard","has-post-thumbnail","category-elokuvat","tag-disney","tag-dwayne-johnson","tag-elokuvat","tag-elokuvatrailerit","tag-entertainment","tag-fi","tag-film","tag-finland","tag-finnish","tag-moana","tag-movies","tag-suomi","tag-vaiana","tag-viihde"],"share_on_mastodon":{"url":"https:\/\/pubeurope.com\/@fi\/116282815198442427","error":""},"_links":{"self":[{"href":"https:\/\/www.europesays.com\/fi\/wp-json\/wp\/v2\/posts\/202502","targetHints":{"allow":["GET"]}}],"collection":[{"href":"https:\/\/www.europesays.com\/fi\/wp-json\/wp\/v2\/posts"}],"about":[{"href":"https:\/\/www.europesays.com\/fi\/wp-json\/wp\/v2\/types\/post"}],"author":[{"embeddable":true,"href":"https:\/\/www.europesays.com\/fi\/wp-json\/wp\/v2\/users\/2"}],"replies":[{"embeddable":true,"href":"https:\/\/www.europesays.com\/fi\/wp-json\/wp\/v2\/comments?post=202502"}],"version-history":[{"count":0,"href":"https:\/\/www.europesays.com\/fi\/wp-json\/wp\/v2\/posts\/202502\/revisions"}],"wp:featuredmedia":[{"embeddable":true,"href":"https:\/\/www.europesays.com\/fi\/wp-json\/wp\/v2\/media\/202503"}],"wp:attachment":[{"href":"https:\/\/www.europesays.com\/fi\/wp-json\/wp\/v2\/media?parent=202502"}],"wp:term":[{"taxonomy":"category","embeddable":true,"href":"https:\/\/www.europesays.com\/fi\/wp-json\/wp\/v2\/categories?post=202502"},{"taxonomy":"post_tag","embeddable":true,"href":"https:\/\/www.europesays.com\/fi\/wp-json\/wp\/v2\/tags?post=202502"}],"curies":[{"name":"wp","href":"https:\/\/api.w.org\/{rel}","templated":true}]}}