{"id":20297,"date":"2025-08-30T01:40:08","date_gmt":"2025-08-30T01:40:08","guid":{"rendered":"https:\/\/www.europesays.com\/fi\/20297\/"},"modified":"2025-08-30T01:40:08","modified_gmt":"2025-08-30T01:40:08","slug":"napakat-kouvolan-kaupungin-taajamametsien-tuhoamisvimma-on-todella-surullista-ei-mitaan-ymmarrysta-luonto-ja-virkistysarvoista-paakirjoitus-mielipide","status":"publish","type":"post","link":"https:\/\/www.europesays.com\/fi\/20297\/","title":{"rendered":"Napakat | Kouvolan kaupungin taajamametsien tuhoamisvimma on todella surullista \u2013 Ei mit\u00e4\u00e4n ymm\u00e4rryst\u00e4 luonto- ja virkistysarvoista | P\u00e4\u00e4kirjoitus &#038; mielipide"},"content":{"rendered":"<p>Kuusankosken teatterin ja Kymi Sinfoniettan alasajossa on n\u00e4ht\u00e4viss\u00e4 Kouvolan kokoomuksen ja Kuusaan demareiden suunnitelma Kuusankoskitalon saamiseksi purkulistalle.<\/p>\n<p class=\"diks-storyline__source\">TA<\/p>\n<p>Kouvolan kaupungin taajamametsien tuhoamisvimma on todella surullista. Ei mit\u00e4\u00e4n ymm\u00e4rryst\u00e4 kaupungilla luonto- ja virkistysarvoista.<\/p>\n<p>Mik\u00e4 ihmeen \u00e4lynv\u00e4l\u00e4ys oli siirt\u00e4\u00e4 bussipys\u00e4kki asemalta Manskille?<\/p>\n<p>Paluulippu jos ei integroidu Suomen yhteiskuntaan! T\u00e4\u00e4ll\u00e4 tavat eik\u00e4 niit\u00e4 suomalaisen tarvitse muuttaa!<\/p>\n<p>Vuosia \u00e4\u00e4nestin vihreit\u00e4, koska olen huolissani ymp\u00e4rist\u00f6asioista. En \u00e4\u00e4nest\u00e4 en\u00e4\u00e4, koska puolueen agenda on muuttunut maahanmuuttajien puolueeksi, harmi.<\/p>\n<p>Turkulainen lapanen j\u00e4lleen jyr\u00e4hti persuille. En hyv\u00e4ksy, mutta jatketaan kuitenkin leikki\u00e4, jossa ollaan johtavinaan maata. Hienosti menee, vai mit\u00e4 hallitus? Ei se mit\u00e4\u00e4n, Suomella menee yht\u00e4 surkeasti.<\/p>\n<p>Nyt hereille Kouvolan virkailijat sek\u00e4 toivottavasti ahkerat uudet valtuutetut. Julkistakaa valmiit Kymijoen kanavan suunnitelmat, ennen kuin Lappeenrannan h\u00f6yryp\u00e4\u00e4t k\u00e4yv\u00e4t valtion kassalla rahoittamassa uuden kanavaversion.<\/p>\n<p>Miksi totuuksien huomiointi ja niist\u00e4 puhuminen on rasismia ja syrjint\u00e4\u00e4? El\u00e4mmek\u00f6 kiiltokuvien maailmassa.<\/p>\n<p>Hyv\u00e4 avaus Keskisarja. Suna Kym\u00e4l\u00e4inen avasi suomalaisia aikoinaan avaamaan silm\u00e4t ven\u00e4l\u00e4isist\u00e4. No, miten k\u00e4vi? Arvostusta kuka sanoo asiat niin kun ne on!<\/p>\n<p>Kun lukee napakoita, ei voi kuin masentua, niin vihamielist\u00e4 kirjoittelua siell\u00e4 on. Kouvola tuntuu olevan kovin ihmis- ja kulttuurivihamielinen. Ei ihme ett\u00e4 t\u00e4\u00e4ll\u00e4 menee huonosti.<\/p>\n<p>Essayah sanoi: jokainen ihminen on yht\u00e4 arvokas. Koskeeko t\u00e4m\u00e4 my\u00f6s Gazan ruokajonoihin kuolleita lapsia?<\/p>\n<p>&#8221;Uusissa&#8221; busseissa kohteet n\u00e4yt\u00f6ll\u00e4 miten sattuu. Mielakkaa kohti menev\u00e4ss\u00e4 bussissa lukee Lehtom\u00e4ki-keskusta, eik\u00e4 Mielakka-keskusta-Lehtom\u00e4ki. Kyll\u00e4 ensimm\u00e4isen\u00e4 pit\u00e4isi lukea se mihin ollaan seuraavaksi menossa.<\/p>\n<p>Niinh\u00e4n sen pit\u00e4isi menn\u00e4, ett\u00e4 ne jotka eiv\u00e4t julkisen terveydenhoidon palveluja k\u00e4yt\u00e4, heid\u00e4n ei pit\u00e4isi veroeuroilla niit\u00e4 kannattaakaan.<\/p>\n<p>Kun Suomi oli sodassa Natsi-Saksaa vastaan ja ajoi saksalaisia pois Lapista, oliko silloin lentokoneissa suomalainen hakaristi?<\/p>\n<p>Luulin, ett\u00e4 Kouvolaan rakennetaan uimahalli yleisen eettisill\u00e4 s\u00e4\u00e4nn\u00f6ill\u00e4. Luin lehdest\u00e4 huolestuttavasta tiedosta, tuleeko sinne joku bordelli vai mit\u00e4 ne pukukopit ovat? Nyt ei mummo ymm\u00e4rr\u00e4.<\/p>\n<p>Niinh\u00e4n sen pit\u00e4isi menn\u00e4, ett\u00e4 joka ei urheilua seuraa, h\u00e4nen ei tarvitse verorahoillaan sit\u00e4 kannattaakaan.<\/p>\n<p>H\u00f6lm\u00f6mpikin huomaa Temun ja KooKoon tuotteiden eron.<\/p>\n<p>Kiitos Ratamon, laittavat pienest\u00e4kin poikkeamasta jatkotutkimuksiin. Itse en olisi edes ymm\u00e4rt\u00e4nyt pyyt\u00e4\u00e4.<\/p>\n","protected":false},"excerpt":{"rendered":"Kuusankosken teatterin ja Kymi Sinfoniettan alasajossa on n\u00e4ht\u00e4viss\u00e4 Kouvolan kokoomuksen ja Kuusaan demareiden suunnitelma Kuusankoskitalon saamiseksi purkulistalle. TA&hellip;\n","protected":false},"author":2,"featured_media":20298,"comment_status":"","ping_status":"","sticky":false,"template":"","format":"standard","meta":{"footnotes":""},"categories":[117],"tags":[33,31,30,3455,1143,737,4561,3764,1446,41,72,476,118,32,119,477],"class_list":{"0":"post-20297","1":"post","2":"type-post","3":"status-publish","4":"format-standard","5":"has-post-thumbnail","7":"category-luonto","8":"tag-fi","9":"tag-finland","10":"tag-finnish","11":"tag-isovanhemmuus","12":"tag-jaakiekko","13":"tag-kouvola","14":"tag-kouvolan-kaupunki","15":"tag-kouvolan-seutukunta","16":"tag-lappeenranta","17":"tag-liikunta-ja-urheilu","18":"tag-luonto","19":"tag-nature","20":"tag-science","21":"tag-suomi","22":"tag-tiede","23":"tag-wildlife"},"share_on_mastodon":{"url":"","error":""},"_links":{"self":[{"href":"https:\/\/www.europesays.com\/fi\/wp-json\/wp\/v2\/posts\/20297","targetHints":{"allow":["GET"]}}],"collection":[{"href":"https:\/\/www.europesays.com\/fi\/wp-json\/wp\/v2\/posts"}],"about":[{"href":"https:\/\/www.europesays.com\/fi\/wp-json\/wp\/v2\/types\/post"}],"author":[{"embeddable":true,"href":"https:\/\/www.europesays.com\/fi\/wp-json\/wp\/v2\/users\/2"}],"replies":[{"embeddable":true,"href":"https:\/\/www.europesays.com\/fi\/wp-json\/wp\/v2\/comments?post=20297"}],"version-history":[{"count":0,"href":"https:\/\/www.europesays.com\/fi\/wp-json\/wp\/v2\/posts\/20297\/revisions"}],"wp:featuredmedia":[{"embeddable":true,"href":"https:\/\/www.europesays.com\/fi\/wp-json\/wp\/v2\/media\/20298"}],"wp:attachment":[{"href":"https:\/\/www.europesays.com\/fi\/wp-json\/wp\/v2\/media?parent=20297"}],"wp:term":[{"taxonomy":"category","embeddable":true,"href":"https:\/\/www.europesays.com\/fi\/wp-json\/wp\/v2\/categories?post=20297"},{"taxonomy":"post_tag","embeddable":true,"href":"https:\/\/www.europesays.com\/fi\/wp-json\/wp\/v2\/tags?post=20297"}],"curies":[{"name":"wp","href":"https:\/\/api.w.org\/{rel}","templated":true}]}}