{"id":20315,"date":"2025-08-30T02:25:10","date_gmt":"2025-08-30T02:25:10","guid":{"rendered":"https:\/\/www.europesays.com\/fi\/20315\/"},"modified":"2025-08-30T02:25:10","modified_gmt":"2025-08-30T02:25:10","slug":"sonja-kailassaarelta-muodonmuutos-vitsailee-nayttavansa-tunnetulta-mieshahmolta","status":"publish","type":"post","link":"https:\/\/www.europesays.com\/fi\/20315\/","title":{"rendered":"Sonja Kailassaarelta muodonmuutos \u2013 Vitsailee n\u00e4ytt\u00e4v\u00e4ns\u00e4 tunnetulta mieshahmolta"},"content":{"rendered":"<p>Sonja Kailassaari julkaisi somessaan kuvia uudesta tyylist\u00e4\u00e4n.<\/p>\n<p><img decoding=\"async\" class=\"image image-show image-preview\" src=\"https:\/\/www.europesays.com\/fi\/wp-content\/uploads\/2025\/08\/2aedd3e927d06a811f80113f5779159b49dc852ecf4e04ccee482fb50ca65bbe.jpg\" alt=\"\"\/><img decoding=\"async\" class=\"image image-show\" src=\"https:\/\/www.europesays.com\/fi\/wp-content\/uploads\/2025\/08\/1756520710_565_2aedd3e927d06a811f80113f5779159b49dc852ecf4e04ccee482fb50ca65bbe.jpg\" alt=\"\"\/><\/p>\n<p>Sonja Kailassaari vitsailee uudesta hiustyylist\u00e4\u00e4n. Inka Soveri<\/p>\n<p class=\"paragraph\">Ylen juontaja <strong>Sonja Kailassaari<\/strong>, 45, on muuttanut hiustyyli\u00e4\u00e4n.<\/p>\n<p class=\"paragraph\">Kailassaari julkaisi Instagram-tilill\u00e4\u00e4n kuvan, jossa h\u00e4nelle on leikattu polkkatukka. Uuteen hiustyyliin kuuluu my\u00f6s otsatukka, joka hieman peitt\u00e4\u00e4 juontajan kulmakarvoja. Kuvassa h\u00e4nell\u00e4 on yll\u00e4\u00e4n tumma ja lyhythihainen vaate.<\/p>\n<p class=\"paragraph\">Karusellijulkaisun toisessa kuvassa rennommin pukeutunut Kailassaari on vet\u00e4nyt hiuksensa taakse. H\u00e4n katsoo kameraan silm\u00e4t suurina ja leve\u00e4 hymy kasvoillaan. Kuvan yhteydess\u00e4 h\u00e4n vitsailee n\u00e4ytt\u00e4v\u00e4ns\u00e4 Ihmemies-sarjan p\u00e4\u00e4henkil\u00f6lt\u00e4 Angus MacGyverilta.<\/p>\n<p class=\"paragraph\">\u2013 Kun p\u00e4\u00e4tt\u00e4\u00e4 spontaanisti leikkauttaa itselleen otsatukan, ei tied\u00e4, ett\u00e4 saa kaupan p\u00e4\u00e4lle ilmaiseksi MacGyver-lookin, Kailassaari kirjoittaa aurinkolasihymi\u00f6n kera.<\/p>\n<p class=\"paragraph\">Mik\u00e4li linkki ei n\u00e4y, voit katsoa julkaisun <a href=\"https:\/\/www.instagram.com\/p\/DN7hZDdDblW\/?img_index=2\" target=\"_blank\" rel=\"noopener nofollow\">t\u00e4\u00e4lt\u00e4<\/a>.<\/p>\n<p class=\"paragraph\">Kailassaari saa someseuraajiltaan paljon kehuja uudesta hiustyylist\u00e4\u00e4n p\u00e4ivityksens\u00e4 kommenttikent\u00e4ss\u00e4.<\/p>\n<p class=\"paragraph\">\u2013 Siis sinulle jopa sopii my\u00f6s toi MacGyver!<\/p>\n<p class=\"paragraph\">\u2013 On kiva ja moderni polkkatukka, sopii sinulle ihanasti.<\/p>\n<p class=\"paragraph\">\u2013 Sopii hyvin molemmat tyylit.<\/p>\n<p class=\"paragraph\">Ihastelijoiden joukossa on my\u00f6s julkisuudesta tunnettuja henkil\u00f6it\u00e4, kuten <strong>Armi Toivanen<\/strong> ja <strong>Susanna Laine<\/strong>.<\/p>\n<p>Kailassaari vitsailee n\u00e4ytt\u00e4v\u00e4ns\u00e4 hieman tunnetulta tv-hahmolta Macgyverilta. AOP<\/p>\n<p class=\"paragraph\">Kailassaari tunnetaan muun muassa Ylen Efter Nio -ohjelman juontajana. Kailassaari palasi ohjelmaan viime vuonna oltuaan poissa kes\u00e4kuusta 2023 l\u00e4htien vanhempainvapaan vuoksi.<\/p>\n<p class=\"paragraph\">Kailassaari sai hein\u00e4kuussa 2023 yhteisen lapsen n\u00e4yttelij\u00e4-juontaja <strong>Aku Hirviniemen<\/strong> kanssa.<\/p>\n<p><script async src=\"\/\/www.instagram.com\/embed.js\"><\/script><\/p>\n","protected":false},"excerpt":{"rendered":"Sonja Kailassaari julkaisi somessaan kuvia uudesta tyylist\u00e4\u00e4n. Sonja Kailassaari vitsailee uudesta hiustyylist\u00e4\u00e4n. Inka Soveri Ylen juontaja Sonja Kailassaari,&hellip;\n","protected":false},"author":2,"featured_media":20316,"comment_status":"","ping_status":"","sticky":false,"template":"","format":"standard","meta":{"footnotes":""},"categories":[130],"tags":[35,153,137,33,31,30,876,3207,32,140,139,109],"class_list":{"0":"post-20315","1":"post","2":"type-post","3":"status-publish","4":"format-standard","5":"has-post-thumbnail","7":"category-viihde","8":"tag-24h","9":"tag-audiovisuaalinen-media","10":"tag-entertainment","11":"tag-fi","12":"tag-finland","13":"tag-finnish","14":"tag-fyysinen-kauneus","15":"tag-ihmisen-ulkonako","16":"tag-suomi","17":"tag-tv-ja-elokuvat","18":"tag-tv-ohjelmat","19":"tag-viihde"},"share_on_mastodon":{"url":"","error":""},"_links":{"self":[{"href":"https:\/\/www.europesays.com\/fi\/wp-json\/wp\/v2\/posts\/20315","targetHints":{"allow":["GET"]}}],"collection":[{"href":"https:\/\/www.europesays.com\/fi\/wp-json\/wp\/v2\/posts"}],"about":[{"href":"https:\/\/www.europesays.com\/fi\/wp-json\/wp\/v2\/types\/post"}],"author":[{"embeddable":true,"href":"https:\/\/www.europesays.com\/fi\/wp-json\/wp\/v2\/users\/2"}],"replies":[{"embeddable":true,"href":"https:\/\/www.europesays.com\/fi\/wp-json\/wp\/v2\/comments?post=20315"}],"version-history":[{"count":0,"href":"https:\/\/www.europesays.com\/fi\/wp-json\/wp\/v2\/posts\/20315\/revisions"}],"wp:featuredmedia":[{"embeddable":true,"href":"https:\/\/www.europesays.com\/fi\/wp-json\/wp\/v2\/media\/20316"}],"wp:attachment":[{"href":"https:\/\/www.europesays.com\/fi\/wp-json\/wp\/v2\/media?parent=20315"}],"wp:term":[{"taxonomy":"category","embeddable":true,"href":"https:\/\/www.europesays.com\/fi\/wp-json\/wp\/v2\/categories?post=20315"},{"taxonomy":"post_tag","embeddable":true,"href":"https:\/\/www.europesays.com\/fi\/wp-json\/wp\/v2\/tags?post=20315"}],"curies":[{"name":"wp","href":"https:\/\/api.w.org\/{rel}","templated":true}]}}